{"id":340013,"date":"2026-09-03T01:37:14","date_gmt":"2026-09-03T01:37:14","guid":{"rendered":"https:\/\/www.europesays.com\/fi\/340013\/"},"modified":"2026-09-03T01:37:14","modified_gmt":"2026-09-03T01:37:14","slug":"nakokulma-nyt-oli-kovin-selviytyjat-avaus-hetkeen-yksi-kisaaja-on-taman-kauden-helmi","status":"publish","type":"post","link":"https:\/\/www.europesays.com\/fi\/340013\/","title":{"rendered":"N\u00e4k\u00f6kulma: Nyt oli kovin Selviytyj\u00e4t-avaus hetkeen \u2013 Yksi kisaaja on t\u00e4m\u00e4n kauden helmi"},"content":{"rendered":"<p><a href=\"https:\/\/www.iltalehti.fi\/kirjoittajat\/Niilo Helminen\" class=\"article-description-pov-author\" rel=\"nofollow noopener\" target=\"_blank\"><\/p>\n<p>Niilo Helminen<\/p>\n<p><img decoding=\"async\" class=\"author-image\" src=\"https:\/\/www.europesays.com\/fi\/wp-content\/uploads\/2026\/09\/c2d04cc30a6df4e16de61706da7fa6f0c59441bb05acfaea6257ba5292c134ae.png\" alt=\"\"\/><\/a><\/p>\n<p>Tuoreen kauden avaus toi ruutuun parasta Selviytyj\u00e4t-draamaa miesmuistiin, kirjoittaa Iltalehden toimittaja Niilo Helminen. Varo juonipaljastuksia!<\/p>\n<p>Eilen klo 8:51<\/p>\n<p><img decoding=\"async\" class=\"image image-show image-preview\" src=\"https:\/\/www.europesays.com\/fi\/wp-content\/uploads\/2026\/09\/f84365dad4835b44337bdb7d2bd5805fe91fa0a90e59f2dc64df2e16dbbf2133.jpg\" alt=\"\"\/><img decoding=\"async\" class=\"image image-show\" src=\"https:\/\/www.europesays.com\/fi\/wp-content\/uploads\/2026\/09\/1788399434_226_f84365dad4835b44337bdb7d2bd5805fe91fa0a90e59f2dc64df2e16dbbf2133.jpg\" alt=\"\"\/><\/p>\n<p>Selviytyj\u00e4t Suomi k\u00e4ynnistyi sunnuntaina. Lars Johnson<\/p>\n<p class=\"paragraph\">Selviytyj\u00e4t Suomi -ohjelman uuden kauden alusta ei puuttunut draamaa. Ohjelma on edennyt nyt juhlakaudelle, jossa n\u00e4hd\u00e4\u00e4n joukko aiemmilta kausilta tuttuja kasvoja. Sellaisia, joiden matka j\u00e4i aikoinaan liian lyhyeen.<\/p>\n<p class=\"paragraph\">L\u00e4ht\u00f6kohtaisesti ajatusta niin sanotusta all stars -kaudesta voisi pit\u00e4\u00e4 l\u00e4ss\u00e4ytt\u00e4v\u00e4n\u00e4 viritelm\u00e4n\u00e4, johon turvaudutaan, kun ideat ovat loppuneet. Selviytyjist\u00e4kin on n\u00e4hty jo aiemmin kausia, joihin on osallistunut ohjelmassa jo kertaalleen kilpailleita henkil\u00f6it\u00e4.<\/p>\n<p class=\"paragraph\">Sunnuntaina n\u00e4hty uuden kauden ensimm\u00e4inen jakso oli kuitenkin kaikkea muuta kuin l\u00e4ss\u00e4ytt\u00e4v\u00e4. Tuoreen kauden avaus toi ruutuun parasta Selviytyj\u00e4t-draamaa miesmuistiin.<\/p>\n<p class=\"paragraph\">Jo heti avausjaksossa selvi\u00e4\u00e4, ett\u00e4 peliss\u00e4 on mukana kovia kilpailijoita. Kanssakilpailijat nostavat esiin esimerkiksi Selviytyj\u00e4t Australiassakin kilpailleen <a href=\"https:\/\/www.iltalehti.fi\/henkilot\/Tommi Manninen\" class=\"article-link-person-page\" rel=\"nofollow noopener\" target=\"_blank\">Tommi Mannisen<\/a> vahvuuden. Ykk\u00f6skauden kieroilija <a href=\"https:\/\/www.iltalehti.fi\/henkilot\/Juhana Helmenkalastaja\" class=\"article-link-person-page\" rel=\"nofollow noopener\" target=\"_blank\">Juhana Helmenkalastajakin<\/a> nostetaan heti jakson alussa esiin kilpailijoiden puheessa kovana kilpailijana.<\/p>\n<p class=\"paragraph\">Jakson todelliseksi helmeksi nousee kuitenkin kolmoskaudelta tuttu <strong>Kasperi Kauppinen<\/strong>. Aluksi Kauppinen n\u00e4ytt\u00e4ytyy jaksossa altavastaajana ja v\u00e4h\u00e4n ep\u00e4varmanakin kilpailijana. Siit\u00e4 kertoo esimerkiksi Tommi Mannisen jaksossa esitt\u00e4m\u00e4 kommentti.<\/p>\n<p class=\"paragraph\">\u2013 Huomaan, ett\u00e4 Kasperia v\u00e4h\u00e4n j\u00e4nnitt\u00e4\u00e4. Toivon, ettei h\u00e4nt\u00e4 j\u00e4nnit\u00e4 minun l\u00e4sn\u00e4oloni, Tommi Manninen toteaa kameralle.<\/p>\n<p class=\"paragraph\">Jakson lopussa Kauppinen n\u00e4ytt\u00e4ytyy jo kierona k\u00e4\u00e4rmeen\u00e4. Juuri sellaisena pelaajana, jota Selviytyj\u00e4t ohjelmana kaipaa.<\/p>\n<p class=\"paragraph\">Selviytyj\u00e4t on pelin\u00e4 totta kai fyysinen. Kisat ovat rankkoja ja olosuhteet koettelevia. Mutta ennen kaikkea peli on henkinen ja sen Kauppinen on ymm\u00e4rt\u00e4nyt.<\/p>\n<p>Kasperi Kauppinen tekee kieroja peliliikkeit\u00e4 Selviytyjien ensimm\u00e4isess\u00e4 jaksossa. Lars Johnson<\/p>\n<p class=\"paragraph\">Kaikki tiivistyy tietysti jakson loppuosioon, heimoneuvostoon, jossa k\u00e4\u00e4nteit\u00e4 piisaa.<\/p>\n<p class=\"paragraph\">Jaksossa n\u00e4htiin dramaattisin putoaminen hetkeen, kun somevaikuttaja <a href=\"https:\/\/www.iltalehti.fi\/henkilot\/Vivi Wahlstr\u00f6m\" class=\"article-link-person-page\" rel=\"nofollow noopener\" target=\"_blank\">Vivi Wahlstr\u00f6m<\/a> putosi kisasta ensimm\u00e4isen\u00e4. Se oli Wahlstr\u00f6mille jo toinen laatuaan. H\u00e4n putosi ohjelmasta ensimm\u00e4isen\u00e4 nimitt\u00e4in my\u00f6s viime syksyn\u00e4.<\/p>\n<p class=\"paragraph\">Ennen heimoneuvostoa Kauppinen uskottelee Wahlstr\u00f6mille, ettei h\u00e4nell\u00e4 ole mit\u00e4\u00e4n h\u00e4t\u00e4\u00e4. Kulissien takana h\u00e4n kuitenkin kieroilee ja rakentaa valeamuletin, josta h\u00e4n kertoo <a href=\"https:\/\/www.iltalehti.fi\/henkilot\/Pinja Sanaksenaho\" class=\"article-link-person-page\" rel=\"nofollow noopener\" target=\"_blank\">Pinja Sanaksenaholle<\/a>. Kauppinen vet\u00e4\u00e4 \u201damuletin\u201d esiin muiden kilpailijoiden edess\u00e4 heimoneuvostossa, mutta tulee pian toisiin aatoksiin ja j\u00e4tt\u00e4\u00e4 valeamulettinsa k\u00e4ytt\u00e4m\u00e4tt\u00e4. Kaikki t\u00e4m\u00e4 on siis \u201dbluffia\u201d.<\/p>\n<p class=\"paragraph\">Kulissien takana Kauppinen on tehnyt lis\u00e4\u00e4 peliliikkeit\u00e4, kun h\u00e4n k\u00e4ytt\u00e4\u00e4 kultakolikon saadakseen itselleen yhden ylim\u00e4\u00e4r\u00e4isen \u00e4\u00e4nen. Sill\u00e4 Kauppinen siis \u00e4\u00e4nest\u00e4\u00e4 Wahlstr\u00f6min ulos. Heimoneuvostosta pudonnut Wahlstr\u00f6m on \u00e4llik\u00e4ll\u00e4 ly\u00f6ty ja j\u00e4rkyttynyt, kun lopputulos ratkeaa.<\/p>\n<p class=\"paragraph\">Kauppisen peliliikkeit\u00e4 katsoessa ei voi kuin olla h\u00e4keltynyt. Rohkea pelaaminen alusta asti on jotain, joka Selviytyjist\u00e4 tuntuu puuttuneen jo tovin. Osa katsojista ja kilpailijoista saattaa n\u00e4hd\u00e4 t\u00e4llaiset peliliikkeet julmana toimintana, mutta draamann\u00e4lk\u00e4isille katsojille Kauppisen kieroilu on asia, joka nostaa Selviytyj\u00e4t kanveesistaan.<\/p>\n","protected":false},"excerpt":{"rendered":"Niilo Helminen Tuoreen kauden avaus toi ruutuun parasta Selviytyj\u00e4t-draamaa miesmuistiin, kirjoittaa Iltalehden toimittaja Niilo Helminen. Varo juonipaljastuksia! Eilen&hellip;\n","protected":false},"author":2,"featured_media":340014,"comment_status":"","ping_status":"","sticky":false,"template":"","format":"standard","meta":{"footnotes":"","_share_on_mastodon":"0"},"categories":[130],"tags":[35,153,137,33,31,30,1511,979,32,140,139,109],"class_list":["post-340013","post","type-post","status-publish","format-standard","has-post-thumbnail","category-viihde","tag-24h","tag-audiovisuaalinen-media","tag-entertainment","tag-fi","tag-finland","tag-finnish","tag-joukkoviestinta","tag-sahkoinen-media","tag-suomi","tag-tv-ja-elokuvat","tag-tv-ohjelmat","tag-viihde"],"share_on_mastodon":{"url":"https:\/\/pubeurope.com\/@fi\/117204553239123401","error":""},"_links":{"self":[{"href":"https:\/\/www.europesays.com\/fi\/wp-json\/wp\/v2\/posts\/340013","targetHints":{"allow":["GET"]}}],"collection":[{"href":"https:\/\/www.europesays.com\/fi\/wp-json\/wp\/v2\/posts"}],"about":[{"href":"https:\/\/www.europesays.com\/fi\/wp-json\/wp\/v2\/types\/post"}],"author":[{"embeddable":true,"href":"https:\/\/www.europesays.com\/fi\/wp-json\/wp\/v2\/users\/2"}],"replies":[{"embeddable":true,"href":"https:\/\/www.europesays.com\/fi\/wp-json\/wp\/v2\/comments?post=340013"}],"version-history":[{"count":0,"href":"https:\/\/www.europesays.com\/fi\/wp-json\/wp\/v2\/posts\/340013\/revisions"}],"wp:featuredmedia":[{"embeddable":true,"href":"https:\/\/www.europesays.com\/fi\/wp-json\/wp\/v2\/media\/340014"}],"wp:attachment":[{"href":"https:\/\/www.europesays.com\/fi\/wp-json\/wp\/v2\/media?parent=340013"}],"wp:term":[{"taxonomy":"category","embeddable":true,"href":"https:\/\/www.europesays.com\/fi\/wp-json\/wp\/v2\/categories?post=340013"},{"taxonomy":"post_tag","embeddable":true,"href":"https:\/\/www.europesays.com\/fi\/wp-json\/wp\/v2\/tags?post=340013"}],"curies":[{"name":"wp","href":"https:\/\/api.w.org\/{rel}","templated":true}]}}