{"id":340017,"date":"2026-09-03T01:41:12","date_gmt":"2026-09-03T01:41:12","guid":{"rendered":"https:\/\/www.europesays.com\/fi\/340017\/"},"modified":"2026-09-03T01:41:12","modified_gmt":"2026-09-03T01:41:12","slug":"tanska-paljasti-venajan-suunnittelevan-sabotaasioperaatioita-tanskaan-2","status":"publish","type":"post","link":"https:\/\/www.europesays.com\/fi\/340017\/","title":{"rendered":"Tanska paljasti Ven\u00e4j\u00e4n suunnittelevan sabotaasioperaatioita Tanskaan"},"content":{"rendered":"<p class=\"article-body mb-(--paragraph-margin-b) px-nof-16\">Tanskan turvallisuus- ja tiedustelupalvelu PET kertoo paljastaneensa Ven\u00e4j\u00e4n suunnittelevan ja valmistelevan sabotaasioperaatioita Tanskassa.<\/p>\n<p class=\"article-body mb-(--paragraph-margin-b) px-nof-16\">Asiasta uutisoivat tanskalaismediat <a class=\"underline underline-offset-[0.12em] [text-decoration-thickness:var(--generic-link-underline-thickness)] [text-decoration-color:var(--generic-link-underline-color)] [text-decoration-skip-ink:var(--generic-link-underline-skip-ink)] break-words\" href=\"https:\/\/www.berlingske.dk\/indland\/russiske-sabotageplaner-i-danmark--foelg-med-her\" rel=\"nofollow noopener\" target=\"_blank\">Berlingske <\/a>ja <a class=\"underline underline-offset-[0.12em] [text-decoration-thickness:var(--generic-link-underline-thickness)] [text-decoration-color:var(--generic-link-underline-color)] [text-decoration-skip-ink:var(--generic-link-underline-skip-ink)] break-words\" href=\"https:\/\/www.dr.dk\/nyheder\/udland\/pet-afsloerer-konkrete-planer-russisk-sabotage-i-danmark\" rel=\"nofollow noopener\" target=\"_blank\">DR<\/a>.<\/p>\n<p class=\"article-body mb-(--paragraph-margin-b) px-nof-16\">\u2013 Kyse ei siis ole vain varoituksesta, ett\u00e4 t\u00e4m\u00e4 saattaa jonakin p\u00e4iv\u00e4n\u00e4 ulottua Tanskaan. N\u00e4emme suunnittelua jo nyt. Hyvin konkreettisesti, PET:n vastavakoilup\u00e4\u00e4llikk\u00f6<a class=\"font-bold underline-offset-[0.12em] [text-decoration:var(--person-link-text-decoration)] [text-decoration-color:var(--person-link-text-decoration-color)]!\" href=\"https:\/\/www.hs.fi\/haku\/?query=%20Emil%20Gr%C3%A6sholm\" rel=\"nofollow noopener\" target=\"_blank\"> Emil Gr\u00e6sholm<\/a> kertoi Berlingskelle.<\/p>\n<p class=\"article-body mb-(--paragraph-margin-b) px-nof-16\">PET:n mukaan Ven\u00e4j\u00e4n turvallisuuspalveluiden on havaittu valmistelevan Tanskassa sijaitseviin kohteisiin suunnattuja operaatioita.<\/p>\n<p class=\"article-body mb-(--paragraph-margin-b) px-nof-16\">Kohteina ovat erityisesti puolustusteollisuuden yritykset, joilla on yhteyksi\u00e4 Ukrainalle annettavaan sotilaalliseen apuun, Berlingske kertoo.<\/p>\n<p class=\"article-body mb-(--paragraph-margin-b) px-nof-16\">Gr\u00e6sholmin mukaan on useita esimerkkej\u00e4 tapauksista, joissa tavallisia tanskalaisia on yritetty v\u00e4rv\u00e4t\u00e4 suorittamaan teht\u00e4vi\u00e4 Ven\u00e4j\u00e4n puolesta.<\/p>\n<p class=\"article-body mb-(--paragraph-margin-b) px-nof-16\">Usein v\u00e4rv\u00e4tyt eiv\u00e4t tied\u00e4, kenen hyv\u00e4ksi he ty\u00f6skentelev\u00e4t.<\/p>\n<p class=\"article-body mb-(--paragraph-margin-b) px-nof-16\">\u201dTeht\u00e4v\u00e4n\u00e4 voi olla esimerkiksi kuvien tai videoiden ottaminen yrityksist\u00e4 tai laitoksista. Arviomme mukaan t\u00e4llaisia kuvia voidaan k\u00e4ytt\u00e4\u00e4 sabotaasin suunnittelussa\u201d, Gr\u00e6sholm kertoo Berlingskelle.<\/p>\n<p class=\"article-body mb-(--paragraph-margin-b) px-nof-16\">V\u00e4rv\u00e4ysyritykset tapahtuvat usein verkossa, kuten sosiaalisessa mediassa, eik\u00e4 niiden kohteeksi joutunut v\u00e4ltt\u00e4m\u00e4tt\u00e4 tied\u00e4, kuka toimeksiannon takana on.<\/p>\n<p class=\"article-body mb-(--paragraph-margin-b) px-nof-16\">Gr\u00e6sholmin mukaan kaikki voi alkaa n\u00e4enn\u00e4isesti arkisista teht\u00e4vist\u00e4 kuten tiettyjen yritysten, tavarakuljetusten, porttien tai varastojen kuvaamisesta. P\u00e4\u00e4llisin puolin teht\u00e4v\u00e4t voivatkin vaikuttaa merkityksett\u00f6milt\u00e4.<\/p>\n<p class=\"article-body mb-(--paragraph-margin-b) px-nof-16\">Gr\u00e6sholmin mukaan tanskalaisten on syyt\u00e4 ilmoittaa ep\u00e4ilytt\u00e4vist\u00e4 ilmoituksista tai teht\u00e4v\u00e4nannoista poliisille.<\/p>\n<p class=\"article-body mb-(--paragraph-margin-b) px-nof-16\">DR:n haastatteleman asiantuntijan mukaan PET:n keskiviikkona antamaa haastattelua voi pit\u00e4\u00e4 viestin\u00e4 Ven\u00e4j\u00e4lle.<\/p>\n<p class=\"article-body mb-(--paragraph-margin-b) px-nof-16\">N\u00e4in arvioi Tanskan sotilastiedustelupalvelu FE:n entinen johtava analyytikko <a class=\"font-bold underline-offset-[0.12em] [text-decoration:var(--person-link-text-decoration)] [text-decoration-color:var(--person-link-text-decoration-color)]!\" href=\"https:\/\/www.hs.fi\/haku\/?query=Jakob%20Kaarsbo\" rel=\"nofollow noopener\" target=\"_blank\">Jakob Kaarsbo<\/a>.<\/p>\n<p class=\"article-body mb-(--paragraph-margin-b) px-nof-16\">Kyseess\u00e4 voi olla yritys l\u00e4hett\u00e4\u00e4 ven\u00e4l\u00e4isille viesti siit\u00e4, ett\u00e4 Tanska tiet\u00e4\u00e4, mit\u00e4 he tekev\u00e4t, Kaarsbo toteaa lehdelle.<\/p>\n<p class=\"article-body mb-(--paragraph-margin-b) px-nof-16\">Tanskan kansainv\u00e4listen tutkimusten instituutin vanhempi tutkija <a class=\"font-bold underline-offset-[0.12em] [text-decoration:var(--person-link-text-decoration)] [text-decoration-color:var(--person-link-text-decoration-color)]!\" href=\"https:\/\/www.hs.fi\/haku\/?query=Flemming%20Splidsboel\" rel=\"nofollow noopener\" target=\"_blank\">Flemming Splidsboel<\/a> toteaa Berlingskelle, ett\u00e4 sabotaasi-iskujen uhka on muuttunut akuutimmaksi.<\/p>\n<p class=\"article-body mb-(--paragraph-margin-b) px-nof-16\">Splidsboelin mukaan Euroopan tulisi reagoida sabotaasi-iskujen suunnitteluun ja yrityksiin Euroopassa.<\/p>\n<p class=\"article-body mb-(--paragraph-margin-b) px-nof-16\">H\u00e4n viittaa haastattelussa my\u00f6s Saksan Leipzigin lentoaseman elokuun tapahtumiin. Saksa <a class=\"underline underline-offset-[0.12em] [text-decoration-thickness:var(--generic-link-underline-thickness)] [text-decoration-color:var(--generic-link-underline-color)] [text-decoration-skip-ink:var(--generic-link-underline-skip-ink)] break-words\" href=\"https:\/\/www.hs.fi\/maailma\/art-2000012244581.html\" rel=\"nofollow noopener\" target=\"_blank\">syytt\u00e4\u00e4 <\/a>Ven\u00e4j\u00e4\u00e4 siit\u00e4, ett\u00e4 se yritti tuolloin lentoasemalla drooni-iskua, joka kohdistui ukrainalaiseen rahtilentokoneeseen.<\/p>\n","protected":false},"excerpt":{"rendered":"Tanskan turvallisuus- ja tiedustelupalvelu PET kertoo paljastaneensa Ven\u00e4j\u00e4n suunnittelevan ja valmistelevan sabotaasioperaatioita Tanskassa. Asiasta uutisoivat tanskalaismediat Berlingske ja&hellip;\n","protected":false},"author":2,"featured_media":340018,"comment_status":"","ping_status":"","sticky":false,"template":"","format":"standard","meta":{"footnotes":"","_share_on_mastodon":"0"},"categories":[14],"tags":[22,23,26,27,33,31,30,17,46,24,25,28,29,15,18,21,32,19,20,56,16,59,60,61],"class_list":["post-340017","post","type-post","status-publish","format-standard","has-post-thumbnail","category-ulkomaat","tag-breaking-news","tag-breakingnews","tag-featured-news","tag-featurednews","tag-fi","tag-finland","tag-finnish","tag-headlines","tag-helsingin-sanomat","tag-latest-news","tag-latestnews","tag-main-news","tag-mainnews","tag-news","tag-otsikot","tag-paauutiset","tag-suomi","tag-top-stories","tag-topstories","tag-ulkomaat","tag-uutiset","tag-world","tag-world-news","tag-worldnews"],"share_on_mastodon":{"url":"https:\/\/pubeurope.com\/@fi\/117204568379111481","error":""},"_links":{"self":[{"href":"https:\/\/www.europesays.com\/fi\/wp-json\/wp\/v2\/posts\/340017","targetHints":{"allow":["GET"]}}],"collection":[{"href":"https:\/\/www.europesays.com\/fi\/wp-json\/wp\/v2\/posts"}],"about":[{"href":"https:\/\/www.europesays.com\/fi\/wp-json\/wp\/v2\/types\/post"}],"author":[{"embeddable":true,"href":"https:\/\/www.europesays.com\/fi\/wp-json\/wp\/v2\/users\/2"}],"replies":[{"embeddable":true,"href":"https:\/\/www.europesays.com\/fi\/wp-json\/wp\/v2\/comments?post=340017"}],"version-history":[{"count":0,"href":"https:\/\/www.europesays.com\/fi\/wp-json\/wp\/v2\/posts\/340017\/revisions"}],"wp:featuredmedia":[{"embeddable":true,"href":"https:\/\/www.europesays.com\/fi\/wp-json\/wp\/v2\/media\/340018"}],"wp:attachment":[{"href":"https:\/\/www.europesays.com\/fi\/wp-json\/wp\/v2\/media?parent=340017"}],"wp:term":[{"taxonomy":"category","embeddable":true,"href":"https:\/\/www.europesays.com\/fi\/wp-json\/wp\/v2\/categories?post=340017"},{"taxonomy":"post_tag","embeddable":true,"href":"https:\/\/www.europesays.com\/fi\/wp-json\/wp\/v2\/tags?post=340017"}],"curies":[{"name":"wp","href":"https:\/\/api.w.org\/{rel}","templated":true}]}}