{"id":340021,"date":"2026-09-03T01:43:11","date_gmt":"2026-09-03T01:43:11","guid":{"rendered":"https:\/\/www.europesays.com\/fi\/340021\/"},"modified":"2026-09-03T01:43:11","modified_gmt":"2026-09-03T01:43:11","slug":"trump-hormuzinsalmen-nimi-voitaisiin-vaihtaa-trumpinsalmeksi","status":"publish","type":"post","link":"https:\/\/www.europesays.com\/fi\/340021\/","title":{"rendered":"Trump: Hormuzinsalmen nimi voitaisiin vaihtaa Trumpinsalmeksi"},"content":{"rendered":"<p>\n\tSuomenmaa\u2013STT\t2.9.2026 19:15, muokattu<br \/>\n\t2.9.2026 19:16\n<\/p>\n<p>\t\t\t\t\t\t\t\t\tYhdysvallat<\/p>\n<p class=\"wp-block-paragraph\">Yhdysvaltain presidentti <strong>Donald Trump<\/strong> v\u00e4l\u00e4ytt\u00e4\u00e4 omistamassaan Truth Social \u2013<a href=\"https:\/\/truthsocial.com\/@realDonaldTrump\/posts\/117202132375758936\" rel=\"nofollow noopener\" target=\"_blank\">viestipalvelussa <\/a>Hormuzinsalmen nime\u00e4mist\u00e4 uudelleen. <\/p>\n<p class=\"wp-block-paragraph\">Sodan keski\u00f6ss\u00e4 oleva salmi voisi presidentin mielest\u00e4 saada uudeksi nimekseen Trumpinsalmi.<\/p>\n<p class=\"wp-block-paragraph\">Vesiv\u00e4yl\u00e4 on ollut k\u00e4yt\u00e4nn\u00f6ss\u00e4 suljettu, sill\u00e4 Iran on tulittanut sen l\u00e4pi kulkevia laivoja. Trump on vuorostaan toistuvasti v\u00e4itt\u00e4nyt, ett\u00e4 salmi on auki ja Yhdysvaltojen hallinnassa.<\/p>\n<p class=\"wp-block-paragraph\">Viikko sitten Trump ilmoitti vaihtavansa Kanadan kanssa jaetun Ontarioj\u00e4rven nimen Amerikkaj\u00e4rveksi.<\/p>\n","protected":false},"excerpt":{"rendered":"Suomenmaa\u2013STT 2.9.2026 19:15, muokattu 2.9.2026 19:16 Yhdysvallat Yhdysvaltain presidentti Donald Trump v\u00e4l\u00e4ytt\u00e4\u00e4 omistamassaan Truth Social \u2013viestipalvelussa Hormuzinsalmen nime\u00e4mist\u00e4&hellip;\n","protected":false},"author":2,"featured_media":340022,"comment_status":"","ping_status":"","sticky":false,"template":"","format":"standard","meta":{"footnotes":"","_share_on_mastodon":"0"},"categories":[5],"tags":[22,23,26,27,33,31,30,17,24,25,28,29,15,18,21,32,19,20,56,16,619],"class_list":["post-340021","post","type-post","status-publish","format-standard","has-post-thumbnail","category-otsikot","tag-breaking-news","tag-breakingnews","tag-featured-news","tag-featurednews","tag-fi","tag-finland","tag-finnish","tag-headlines","tag-latest-news","tag-latestnews","tag-main-news","tag-mainnews","tag-news","tag-otsikot","tag-paauutiset","tag-suomi","tag-top-stories","tag-topstories","tag-ulkomaat","tag-uutiset","tag-yhdysvallat"],"share_on_mastodon":{"url":"https:\/\/pubeurope.com\/@fi\/117204576188530879","error":""},"_links":{"self":[{"href":"https:\/\/www.europesays.com\/fi\/wp-json\/wp\/v2\/posts\/340021","targetHints":{"allow":["GET"]}}],"collection":[{"href":"https:\/\/www.europesays.com\/fi\/wp-json\/wp\/v2\/posts"}],"about":[{"href":"https:\/\/www.europesays.com\/fi\/wp-json\/wp\/v2\/types\/post"}],"author":[{"embeddable":true,"href":"https:\/\/www.europesays.com\/fi\/wp-json\/wp\/v2\/users\/2"}],"replies":[{"embeddable":true,"href":"https:\/\/www.europesays.com\/fi\/wp-json\/wp\/v2\/comments?post=340021"}],"version-history":[{"count":0,"href":"https:\/\/www.europesays.com\/fi\/wp-json\/wp\/v2\/posts\/340021\/revisions"}],"wp:featuredmedia":[{"embeddable":true,"href":"https:\/\/www.europesays.com\/fi\/wp-json\/wp\/v2\/media\/340022"}],"wp:attachment":[{"href":"https:\/\/www.europesays.com\/fi\/wp-json\/wp\/v2\/media?parent=340021"}],"wp:term":[{"taxonomy":"category","embeddable":true,"href":"https:\/\/www.europesays.com\/fi\/wp-json\/wp\/v2\/categories?post=340021"},{"taxonomy":"post_tag","embeddable":true,"href":"https:\/\/www.europesays.com\/fi\/wp-json\/wp\/v2\/tags?post=340021"}],"curies":[{"name":"wp","href":"https:\/\/api.w.org\/{rel}","templated":true}]}}