{"id":340041,"date":"2026-09-03T02:33:10","date_gmt":"2026-09-03T02:33:10","guid":{"rendered":"https:\/\/www.europesays.com\/fi\/340041\/"},"modified":"2026-09-03T02:33:10","modified_gmt":"2026-09-03T02:33:10","slug":"huomenna-se-tapahtuu-lihamoukari-iskee-suomeen-iltalehti","status":"publish","type":"post","link":"https:\/\/www.europesays.com\/fi\/340041\/","title":{"rendered":"Huomenna se tapahtuu: Lihamoukari iskee Suomeen &#8211; Iltalehti"},"content":{"rendered":"<ol>\n<li><a href=\"https:\/\/news.google.com\/rss\/articles\/CBMie0FVX3lxTE1sNGt0WDExa0MxVkhBRkZ0NnUzRVpYMXozb2I2eDBNSTB1bzN0ZS1PS2pfNjM3SFBEQk9NWUd3aWgwS3EzSnF5RkgweG1zZ2t4QVozbW5SY3ZfZXhxMmNvNnBTMW13Smd5NHhwQmNUR0xGZzk2X1o5SmhDdw?oc=5\" target=\"_blank\" rel=\"nofollow noopener\">Huomenna se tapahtuu: Lihamoukari iskee Suomeen<\/a>&nbsp;&nbsp;Iltalehti<\/li>\n<li><a href=\"https:\/\/news.google.com\/rss\/articles\/CBMie0FVX3lxTE1sVlFoSTBkNERod0dCYnRwbWhKRkxRZXZ6Y3ZuUnRKdWdQeXI3LTl5S2RrWi16MXNaMTVZU1UzOHdMRFhneVg0WENIODFZUzlXTVNnSzlodTYtT2Rla3BBTWVwZGRQbERwZzZadGkyMGJhN2k0Y1RMenR4MA?oc=5\" target=\"_blank\" rel=\"nofollow noopener\">EU:lta kova p\u00e4\u00e4t\u00f6s \u2013 Asiantuntija: N\u00e4in se vaikuttaa naudanlihan hintaan Suomessa<\/a>&nbsp;&nbsp;Iltalehti<\/li>\n<li><a href=\"https:\/\/news.google.com\/rss\/articles\/CBMiQkFVX3lxTE5Ra2VqX1RCUW5JMkJsWktyNmdnY1FvdUhibXh4UHZPd0NPTG42MVo3dkJiTm1QNkRUclNkZlBQSkJjdw?oc=5\" target=\"_blank\" rel=\"nofollow noopener\">EU keskeytt\u00e4\u00e4 brasilialaisen lihan tuonnin<\/a>&nbsp;&nbsp;Yle<\/li>\n<li><a href=\"https:\/\/news.google.com\/rss\/articles\/CBMigwFBVV95cUxORFlLTklFYm1DeElyQXNsN1BpT2NxU2RFVzdzM0RxTXJ3RWRUR2NzbkxHVHdsd0hjYWpOZks1bFpJSldrRkh0X0FhbnpFR21YUDNLZFhRalFlUENzZ295cEY1bDhDY2x2b191V3Zoc3VFUEhkQ1M4QnBpVGhXaDdNVzdJbw?oc=5\" target=\"_blank\" rel=\"nofollow noopener\">EU: Brasilialaisen lihan tuonti keskeytet\u00e4\u00e4n<\/a>&nbsp;&nbsp;Suomenmaa.fi<\/li>\n<li><a href=\"https:\/\/news.google.com\/rss\/articles\/CBMiQkFVX3lxTE16ZnJMX3JfNlNIRm8tLTl1YWJsVWlBZE1tOWxRLWlTYXJya2QyZnJBTThrTFNWMjkycm1Sb0JBLW1Idw?oc=5\" target=\"_blank\" rel=\"nofollow noopener\">EU:n tuontikielto brasilialaiselle lihalle astuu voimaan t\u00e4ll\u00e4 viikolla<\/a>&nbsp;&nbsp;Yle<\/li>\n<\/ol>\n","protected":false},"excerpt":{"rendered":"Huomenna se tapahtuu: Lihamoukari iskee Suomeen&nbsp;&nbsp;Iltalehti EU:lta kova p\u00e4\u00e4t\u00f6s \u2013 Asiantuntija: N\u00e4in se vaikuttaa naudanlihan hintaan Suomessa&nbsp;&nbsp;Iltalehti EU&hellip;\n","protected":false},"author":2,"featured_media":340042,"comment_status":"","ping_status":"","sticky":false,"template":"","format":"standard","meta":{"footnotes":"","_share_on_mastodon":"0"},"categories":[14],"tags":[35,22,23,26,27,33,31,30,17,70,5679,24,25,1445,28,29,15,18,21,900,2331,32,19,20,56,16,59,60,61],"class_list":["post-340041","post","type-post","status-publish","format-standard","has-post-thumbnail","category-ulkomaat","tag-24h","tag-breaking-news","tag-breakingnews","tag-featured-news","tag-featurednews","tag-fi","tag-finland","tag-finnish","tag-headlines","tag-kansainvalinen-politiikka","tag-kansainvaliset-organisaatiot-ja-sopimukset","tag-latest-news","tag-latestnews","tag-maatalous","tag-main-news","tag-mainnews","tag-news","tag-otsikot","tag-paauutiset","tag-ruoka","tag-ruoka-ja-juoma","tag-suomi","tag-top-stories","tag-topstories","tag-ulkomaat","tag-uutiset","tag-world","tag-world-news","tag-worldnews"],"share_on_mastodon":{"url":"https:\/\/pubeurope.com\/@fi\/117204772892847235","error":""},"_links":{"self":[{"href":"https:\/\/www.europesays.com\/fi\/wp-json\/wp\/v2\/posts\/340041","targetHints":{"allow":["GET"]}}],"collection":[{"href":"https:\/\/www.europesays.com\/fi\/wp-json\/wp\/v2\/posts"}],"about":[{"href":"https:\/\/www.europesays.com\/fi\/wp-json\/wp\/v2\/types\/post"}],"author":[{"embeddable":true,"href":"https:\/\/www.europesays.com\/fi\/wp-json\/wp\/v2\/users\/2"}],"replies":[{"embeddable":true,"href":"https:\/\/www.europesays.com\/fi\/wp-json\/wp\/v2\/comments?post=340041"}],"version-history":[{"count":0,"href":"https:\/\/www.europesays.com\/fi\/wp-json\/wp\/v2\/posts\/340041\/revisions"}],"wp:featuredmedia":[{"embeddable":true,"href":"https:\/\/www.europesays.com\/fi\/wp-json\/wp\/v2\/media\/340042"}],"wp:attachment":[{"href":"https:\/\/www.europesays.com\/fi\/wp-json\/wp\/v2\/media?parent=340041"}],"wp:term":[{"taxonomy":"category","embeddable":true,"href":"https:\/\/www.europesays.com\/fi\/wp-json\/wp\/v2\/categories?post=340041"},{"taxonomy":"post_tag","embeddable":true,"href":"https:\/\/www.europesays.com\/fi\/wp-json\/wp\/v2\/tags?post=340041"}],"curies":[{"name":"wp","href":"https:\/\/api.w.org\/{rel}","templated":true}]}}