{"id":340043,"date":"2026-09-03T02:34:08","date_gmt":"2026-09-03T02:34:08","guid":{"rendered":"https:\/\/www.europesays.com\/fi\/340043\/"},"modified":"2026-09-03T02:34:08","modified_gmt":"2026-09-03T02:34:08","slug":"lisatietoa-menehtyneena-loytyneen-jalankulkijan-tapauksesta-tampereella-poliisi-tutkii-kahta-rikosta-ja-pyytaa-havaintoja-tilannemedia","status":"publish","type":"post","link":"https:\/\/www.europesays.com\/fi\/340043\/","title":{"rendered":"Lis\u00e4tietoa menehtyneen\u00e4 l\u00f6ytyneen jalankulkijan tapauksesta Tampereella &#8211; Poliisi tutkii kahta rikosta ja pyyt\u00e4\u00e4 havaintoja &#8211; Tilannemedia"},"content":{"rendered":"<ol>\n<li><a href=\"https:\/\/news.google.com\/rss\/articles\/CBMi3wFBVV95cUxPdWtsQWdMRjA0YUl0TGhWa1NLazVBTHM0RXd6OGk4Z0dRTVFPREtVTzljTDBDNmR4R1ZLV2NCcTljZ1VVdHc1ZVdTZ09IRElsWnFLS1BsZlFDR2hoLWlhcnVPNTZSbGh2cTdXR0ZJTlRnRjg3TjJNRzJ1TXhwTmd4NEtvUXkxdHV0a2JpeWRQNUMtMkV4ZVlqTGk1U3RONmtOdnRtTTVnWGJSYnQxNHQ0RnVLdm52MWdkTjYwb1R3U2p1TWdNZHc5eE5IRXpRYkVzWXRMSTUwbGoyV0EzT0Zv?oc=5\" target=\"_blank\" rel=\"nofollow noopener\">Lis\u00e4tietoa menehtyneen\u00e4 l\u00f6ytyneen jalankulkijan tapauksesta Tampereella &#8211; Poliisi tutkii kahta rikosta ja pyyt\u00e4\u00e4 havaintoja<\/a>&nbsp;&nbsp;Tilannemedia<\/li>\n<li><a href=\"https:\/\/news.google.com\/rss\/articles\/CBMie0FVX3lxTE5LUVhrQ2NJUnpkQm5pbjltLUhkYkZtMTQwdmhVZGpxcTEtREpPWGYtT2JLNWVJXy1aNnZZekhUanpJYmgwSW1YTzU4MHlGTF9RZ25aN1dKdTdrREtjY3FqQjAwZzl3Ylo0amh3aWVfRzAzbHFmNkszeWx5bw?oc=5\" target=\"_blank\" rel=\"nofollow noopener\">Tampereelta l\u00f6ytyi tielt\u00e4 kuollut jalankulkija<\/a>&nbsp;&nbsp;Iltalehti<\/li>\n<li><a href=\"https:\/\/news.google.com\/rss\/articles\/CBMiQkFVX3lxTFBjWWpxNjBRT2FMQWFFMFNkN1NPaDFGeFVjZXdfTkU3TTEwYVFuZXl4YXZHZmlQNUc1MW8yNXQxT0xsdw?oc=5\" target=\"_blank\" rel=\"nofollow noopener\">Jalankulkija kuoli varhain sunnuntaina liikenneonnettomuudessa Tampereella<\/a>&nbsp;&nbsp;Yle<\/li>\n<li><a href=\"https:\/\/news.google.com\/rss\/articles\/CBMitAFBVV95cUxOTDNqd3pleS1uQl85TzBIck1HbldNdnpWS3pkVVdYM0FiVGtqTkVUZW9vWGQyLWZRNkVOeGlsM19qN2k1dHgyTTFrUjVpNWFnTldSRXpvSGJFeDh3S3FSVnl4RXdqdHdpazI4SjN3M2pOUW9UdjZqcTZyc2kyc0ZXX2pISXdmMjNvTVEwWjF1YzJVd0JhRHFzTzRlTE1mVzFqUkY2dUM4bVhkazVmczlPVy1lN3E?oc=5\" target=\"_blank\" rel=\"nofollow noopener\">Jalankulkija l\u00f6ytyi kuolleena Pispalan valtatielt\u00e4 \u2013 poliisi pyyt\u00e4\u00e4 apua<\/a>&nbsp;&nbsp;mtvuutiset.fi<\/li>\n<li><a href=\"https:\/\/news.google.com\/rss\/articles\/CBMiXEFVX3lxTE9nMHYtTUgxd1A3blB5N1ZtVGRjUWxRVndneDA3aDNMUVFyeHg1MGlueko3ZnZScWNMWWZuSGdGNDZDeUU1NlBxWlJHQUZhTEk3T01CS2poTGNHYk5D?oc=5\" target=\"_blank\" rel=\"nofollow noopener\">Jalankulkija l\u00f6ytyi kuolleena Pispalan valtatielt\u00e4 \u2013 Poliisi pyyt\u00e4\u00e4 nyt mahdollisia silminn\u00e4kij\u00e4havaintoja<\/a>&nbsp;&nbsp;Tamperelainen<\/li>\n<\/ol>\n","protected":false},"excerpt":{"rendered":"Lis\u00e4tietoa menehtyneen\u00e4 l\u00f6ytyneen jalankulkijan tapauksesta Tampereella &#8211; Poliisi tutkii kahta rikosta ja pyyt\u00e4\u00e4 havaintoja&nbsp;&nbsp;Tilannemedia Tampereelta l\u00f6ytyi tielt\u00e4 kuollut&hellip;\n","protected":false},"author":2,"featured_media":340044,"comment_status":"","ping_status":"","sticky":false,"template":"","format":"standard","meta":{"footnotes":"","_share_on_mastodon":"0"},"categories":[12],"tags":[22,23,26,27,33,31,30,17,24,25,28,29,15,18,21,32,19,20,16],"class_list":["post-340043","post","type-post","status-publish","format-standard","has-post-thumbnail","category-suomi","tag-breaking-news","tag-breakingnews","tag-featured-news","tag-featurednews","tag-fi","tag-finland","tag-finnish","tag-headlines","tag-latest-news","tag-latestnews","tag-main-news","tag-mainnews","tag-news","tag-otsikot","tag-paauutiset","tag-suomi","tag-top-stories","tag-topstories","tag-uutiset"],"share_on_mastodon":{"url":"https:\/\/pubeurope.com\/@fi\/117204776855815308","error":""},"_links":{"self":[{"href":"https:\/\/www.europesays.com\/fi\/wp-json\/wp\/v2\/posts\/340043","targetHints":{"allow":["GET"]}}],"collection":[{"href":"https:\/\/www.europesays.com\/fi\/wp-json\/wp\/v2\/posts"}],"about":[{"href":"https:\/\/www.europesays.com\/fi\/wp-json\/wp\/v2\/types\/post"}],"author":[{"embeddable":true,"href":"https:\/\/www.europesays.com\/fi\/wp-json\/wp\/v2\/users\/2"}],"replies":[{"embeddable":true,"href":"https:\/\/www.europesays.com\/fi\/wp-json\/wp\/v2\/comments?post=340043"}],"version-history":[{"count":0,"href":"https:\/\/www.europesays.com\/fi\/wp-json\/wp\/v2\/posts\/340043\/revisions"}],"wp:featuredmedia":[{"embeddable":true,"href":"https:\/\/www.europesays.com\/fi\/wp-json\/wp\/v2\/media\/340044"}],"wp:attachment":[{"href":"https:\/\/www.europesays.com\/fi\/wp-json\/wp\/v2\/media?parent=340043"}],"wp:term":[{"taxonomy":"category","embeddable":true,"href":"https:\/\/www.europesays.com\/fi\/wp-json\/wp\/v2\/categories?post=340043"},{"taxonomy":"post_tag","embeddable":true,"href":"https:\/\/www.europesays.com\/fi\/wp-json\/wp\/v2\/tags?post=340043"}],"curies":[{"name":"wp","href":"https:\/\/api.w.org\/{rel}","templated":true}]}}