{"id":340049,"date":"2026-09-03T02:55:16","date_gmt":"2026-09-03T02:55:16","guid":{"rendered":"https:\/\/www.europesays.com\/fi\/340049\/"},"modified":"2026-09-03T02:55:16","modified_gmt":"2026-09-03T02:55:16","slug":"ferrarilta-tyylikas-kunnianosoitus-michael-schumacherille","status":"publish","type":"post","link":"https:\/\/www.europesays.com\/fi\/340049\/","title":{"rendered":"Ferrarilta tyylik\u00e4s kunnianosoitus Michael Schumacherille"},"content":{"rendered":"<p>F1-talli muistaa ikoniaan kotikilpailussaan.<\/p>\n<p><img decoding=\"async\" class=\"image image-show image-preview\" src=\"https:\/\/www.europesays.com\/fi\/wp-content\/uploads\/2026\/09\/37d626d79b5cd6ec2dc947a8c640c8bfc2588729ba766e9ebd7f9eab685c0e08.jpg\" alt=\"\"\/><img decoding=\"async\" class=\"image image-show\" src=\"https:\/\/www.europesays.com\/fi\/wp-content\/uploads\/2026\/09\/1788404116_381_37d626d79b5cd6ec2dc947a8c640c8bfc2588729ba766e9ebd7f9eab685c0e08.jpg\" alt=\"\"\/><\/p>\n<p>Michael Schumacheria kunnioitetaan viikonloppuna. ZumaWire \/ MVPHOTOS<\/p>\n<p class=\"paragraph\">Ferrarin F1-talli julkaisi maanantaina autonsa v\u00e4rityksen viikonloppuna ajettavaa Italian osakilpailua varten.<\/p>\n<p class=\"paragraph\">Autossa on useita kunnianosoituksia F1-legenda <strong>Michael Schumacherille<\/strong>. Auton v\u00e4ritys kunnioittaa saksalaisen ensimm\u00e4ist\u00e4 Ferrari-voittoa Monzassa, josta tulee kuluvana vuonna t\u00e4yteen 30 vuotta.<\/p>\n<p class=\"paragraph\">Auton keulassa on tuttua kuviointia Schumacherin 2000-luvun alkupuolella ikoniseksi nousseesta kyp\u00e4r\u00e4st\u00e4. Keulaa koristaa seitsem\u00e4n valkoista t\u00e4hte\u00e4 ja punainen ruudukko, jota seitsenkertainen maailmanmestari kantoi kyp\u00e4r\u00e4ss\u00e4\u00e4n uransa loppuun asti.<\/p>\n<p class=\"paragraph\">Autossa on my\u00f6s Schumacherin oma logo, h\u00e4nen nimikirjoituksensa. Koko auton v\u00e4ritys on saanut <a href=\"http:\/\/ferrari.com\/en-EN\/formula1\/articles\/scuderia-ferrari-hp-to-celebrate-michael-schumacher-at-monza\" rel=\"noopener nofollow\" target=\"_blank\">Ferrarin tiedotteen<\/a> mukaan inspiraationsa vuoden 1996 autosta.<\/p>\n<p>Schumacher ajoi ensimm\u00e4iseen Monzan voittoonsa vuonna 1996. AOP<\/p>\n<p class=\"paragraph\">Schumacher siirtyi Ferrarille kaudeksi 1996 voitettuaan kaksi maailmanmestaruutta edelt\u00e4vin\u00e4 vuosina Benettonilla. Debyyttikaudellaan italialaistallissa h\u00e4n voitti kolme osakilpailua mukaan lukien Monzassa ajetun Italian GP:n. Monzassa h\u00e4n juhli voittoa yhteens\u00e4 viidesti (1996, 1998, 2000, 2003, 2006).<\/p>\n<p class=\"paragraph\">Ferrari kertoo, ett\u00e4 Schumacheria muistetaan my\u00f6s radan ulkopuolella. Ferrarin p\u00e4\u00e4majassa Maranellossa sijaitseva museo t\u00e4ydentyy kaikilla viidell\u00e4 autolla, joilla Schumacher ajoi maailmanmestaruuteen vuosina 2000\u20132004.<\/p>\n<p class=\"paragraph\">Schumacher loukkaantui lasketteluonnettomuudessa vuonna 2013. H\u00e4nen terveydentilaansa on pidetty visusti salassa sen j\u00e4lkeen. Saksalainen on t\u00e4t\u00e4 nyky\u00e4 57-vuotias.<\/p>\n<p class=\"paragraph\">Ferrari l\u00e4htee kotikisaansa takaa-ajoasemassa MM-pisteiss\u00e4. Tallin kuljettajat <strong>Lewis Hamilton<\/strong> ja <strong>Charles Leclerc<\/strong> ovat kuljettajien MM-pisteiss\u00e4 kolmantena ja viidenten\u00e4 59 ja 87 pistett\u00e4 k\u00e4rkinimi <strong>Kimi Antonellia<\/strong> j\u00e4ljess\u00e4. Valmistajien MM-sarjassa talli on toisena 87 pistett\u00e4 Mercedest\u00e4 per\u00e4ss\u00e4.<\/p>\n<p class=\"paragraph\">Italian osakilpailu k\u00e4ynnistyy sunnuntaina Suomen aikaa kello 16.00.<\/p>\n<p>Schumacherin 2000-luvun alun kyp\u00e4r\u00e4 koristaa my\u00f6s Ferrarin keulaa. AOP<\/p>\n","protected":false},"excerpt":{"rendered":"F1-talli muistaa ikoniaan kotikilpailussaan. Michael Schumacheria kunnioitetaan viikonloppuna. ZumaWire \/ MVPHOTOS Ferrarin F1-talli julkaisi maanantaina autonsa v\u00e4rityksen viikonloppuna&hellip;\n","protected":false},"author":2,"featured_media":340050,"comment_status":"","ping_status":"","sticky":false,"template":"","format":"standard","meta":{"footnotes":"","_share_on_mastodon":"0"},"categories":[158],"tags":[35,2810,33,31,30,3437,41,83,2811,159,32,160],"class_list":["post-340049","post","type-post","status-publish","format-standard","has-post-thumbnail","category-urheilu","tag-24h","tag-autourheilu-ja-urheiluautot","tag-fi","tag-finland","tag-finnish","tag-formula-1","tag-liikunta-ja-urheilu","tag-moottoriurheilu","tag-rata-autoilu","tag-sports","tag-suomi","tag-urheilu"],"share_on_mastodon":{"url":"https:\/\/pubeurope.com\/@fi\/117204860154628606","error":""},"_links":{"self":[{"href":"https:\/\/www.europesays.com\/fi\/wp-json\/wp\/v2\/posts\/340049","targetHints":{"allow":["GET"]}}],"collection":[{"href":"https:\/\/www.europesays.com\/fi\/wp-json\/wp\/v2\/posts"}],"about":[{"href":"https:\/\/www.europesays.com\/fi\/wp-json\/wp\/v2\/types\/post"}],"author":[{"embeddable":true,"href":"https:\/\/www.europesays.com\/fi\/wp-json\/wp\/v2\/users\/2"}],"replies":[{"embeddable":true,"href":"https:\/\/www.europesays.com\/fi\/wp-json\/wp\/v2\/comments?post=340049"}],"version-history":[{"count":0,"href":"https:\/\/www.europesays.com\/fi\/wp-json\/wp\/v2\/posts\/340049\/revisions"}],"wp:featuredmedia":[{"embeddable":true,"href":"https:\/\/www.europesays.com\/fi\/wp-json\/wp\/v2\/media\/340050"}],"wp:attachment":[{"href":"https:\/\/www.europesays.com\/fi\/wp-json\/wp\/v2\/media?parent=340049"}],"wp:term":[{"taxonomy":"category","embeddable":true,"href":"https:\/\/www.europesays.com\/fi\/wp-json\/wp\/v2\/categories?post=340049"},{"taxonomy":"post_tag","embeddable":true,"href":"https:\/\/www.europesays.com\/fi\/wp-json\/wp\/v2\/tags?post=340049"}],"curies":[{"name":"wp","href":"https:\/\/api.w.org\/{rel}","templated":true}]}}