{"id":340055,"date":"2026-09-03T03:00:15","date_gmt":"2026-09-03T03:00:15","guid":{"rendered":"https:\/\/www.europesays.com\/fi\/340055\/"},"modified":"2026-09-03T03:00:15","modified_gmt":"2026-09-03T03:00:15","slug":"virossa-jattimainen-ammusskandaali-puolustusministeri-erosi","status":"publish","type":"post","link":"https:\/\/www.europesays.com\/fi\/340055\/","title":{"rendered":"Virossa j\u00e4ttim\u00e4inen ammusskandaali \u2013 Puolustusministeri erosi"},"content":{"rendered":"<p>Ministerin eron taustalla on 70 miljoonaa euron ammusskandaali.<\/p>\n<p><img decoding=\"async\" class=\"image image-show image-preview\" src=\"https:\/\/www.europesays.com\/fi\/wp-content\/uploads\/2026\/09\/6c8864344dc3e4485da03ffb36497ea109ef1d1d5e1e6ef99706657dbeccfeca.jpg\" alt=\"\"\/><img decoding=\"async\" class=\"image image-show\" src=\"https:\/\/www.europesays.com\/fi\/wp-content\/uploads\/2026\/09\/1788404415_339_6c8864344dc3e4485da03ffb36497ea109ef1d1d5e1e6ef99706657dbeccfeca.jpg\" alt=\"\"\/><\/p>\n<p>Viron puolustusministeri Hanno Pevkur eroaa ammusskandaalin takia. Arkistokuva. ANDERS WIKLUND, AOP<\/p>\n<p class=\"paragraph\">Viron puolustusministeri <a href=\"https:\/\/www.iltalehti.fi\/henkilot\/Hanno Pevkur\" class=\"article-link-person-page\" rel=\"nofollow noopener\" target=\"_blank\">Hanno Pevkur<\/a> ilmoitti keskiviikkona eroavansa virastaan, kertoo <a href=\"https:\/\/kyivindependent.com\/estonias-defense-minister-resigns-after-wasting-70-million-euros-on-faulty-ammunition-for-ukraine\/\" target=\"_blank\" rel=\"noopener nofollow\">Kyiv Independent<\/a>.<\/p>\n<p class=\"paragraph\">Taustalla on <a href=\"https:\/\/ekspress.delfi.ee\/artikkel\/120607714\/eesti-maksis-70-miljonit-eurot-indialastele-kes-polnud-varem-uhtegi-mursku-muunud\" target=\"_blank\" rel=\"noopener nofollow\">Eesti Ekspressin<\/a> paljastama hankintasopimus, jonka Viron valtiollinen puolustusinvestointien keskus (RKIK) solmi intialaisomisteisen Italiaan rekister\u00f6idyn Datasel-yrityksen kanssa vuonna 2024.<\/p>\n<p class=\"paragraph\">Tarkoituksena oli hankkia Ukrainalle ammuksia k\u00e4ytt\u00e4m\u00e4ll\u00e4 EU:n varoja. Viro maksoi yritykselle etuk\u00e4teen yhteens\u00e4 70 miljoonaa euroa.<\/p>\n<p class=\"paragraph\">Sopimuksen allekirjoitushetkell\u00e4 kyseinen yritys ei ollut myynyt historiansa aikana viel\u00e4 yht\u00e4k\u00e4\u00e4n ammusta.<\/p>\n<p class=\"paragraph\">Ensimm\u00e4isen ammuser\u00e4n oli tarkoitus saapua Ukrainaan vuoden 2024 marraskuussa, mutta Datasel ilmoitti toistuvasti viiv\u00e4styksist\u00e4 ja ongelmista.<\/p>\n<p class=\"paragraph\">Kun ukrainalaisjoukot lopulta saivat ammuksia, ne olivat viallisia ja \u201dk\u00e4ytt\u00f6kelvottomia\u201d.<\/p>\n<p class=\"paragraph\"><a href=\"https:\/\/news.err.ee\/1610125951\/estonia-s-defense-minister-s-resignation-sought-in-wake-of-national-defense-scandal\" target=\"_blank\" rel=\"noopener nofollow\">Mediatietojen mukaan<\/a> osa materiaalista ei koskaan saapunut perille. Viro on vienyt asian oikeuteen.<\/p>\n","protected":false},"excerpt":{"rendered":"Ministerin eron taustalla on 70 miljoonaa euron ammusskandaali. Viron puolustusministeri Hanno Pevkur eroaa ammusskandaalin takia. Arkistokuva. ANDERS WIKLUND,&hellip;\n","protected":false},"author":2,"featured_media":340056,"comment_status":"","ping_status":"","sticky":false,"template":"","format":"standard","meta":{"footnotes":"","_share_on_mastodon":"0"},"categories":[14],"tags":[35,22,23,26,27,33,31,30,863,17,70,5679,24,25,28,29,15,18,21,637,32,19,20,56,4385,16,59,60,61],"class_list":["post-340055","post","type-post","status-publish","format-standard","has-post-thumbnail","category-ulkomaat","tag-24h","tag-breaking-news","tag-breakingnews","tag-featured-news","tag-featurednews","tag-fi","tag-finland","tag-finnish","tag-hallitus","tag-headlines","tag-kansainvalinen-politiikka","tag-kansainvaliset-organisaatiot-ja-sopimukset","tag-latest-news","tag-latestnews","tag-main-news","tag-mainnews","tag-news","tag-otsikot","tag-paauutiset","tag-politiikka","tag-suomi","tag-top-stories","tag-topstories","tag-ulkomaat","tag-ulkopolitiikka-ja-kansainvalinen-politiikka","tag-uutiset","tag-world","tag-world-news","tag-worldnews"],"share_on_mastodon":{"url":"https:\/\/pubeurope.com\/@fi\/117204879701686677","error":""},"_links":{"self":[{"href":"https:\/\/www.europesays.com\/fi\/wp-json\/wp\/v2\/posts\/340055","targetHints":{"allow":["GET"]}}],"collection":[{"href":"https:\/\/www.europesays.com\/fi\/wp-json\/wp\/v2\/posts"}],"about":[{"href":"https:\/\/www.europesays.com\/fi\/wp-json\/wp\/v2\/types\/post"}],"author":[{"embeddable":true,"href":"https:\/\/www.europesays.com\/fi\/wp-json\/wp\/v2\/users\/2"}],"replies":[{"embeddable":true,"href":"https:\/\/www.europesays.com\/fi\/wp-json\/wp\/v2\/comments?post=340055"}],"version-history":[{"count":0,"href":"https:\/\/www.europesays.com\/fi\/wp-json\/wp\/v2\/posts\/340055\/revisions"}],"wp:featuredmedia":[{"embeddable":true,"href":"https:\/\/www.europesays.com\/fi\/wp-json\/wp\/v2\/media\/340056"}],"wp:attachment":[{"href":"https:\/\/www.europesays.com\/fi\/wp-json\/wp\/v2\/media?parent=340055"}],"wp:term":[{"taxonomy":"category","embeddable":true,"href":"https:\/\/www.europesays.com\/fi\/wp-json\/wp\/v2\/categories?post=340055"},{"taxonomy":"post_tag","embeddable":true,"href":"https:\/\/www.europesays.com\/fi\/wp-json\/wp\/v2\/tags?post=340055"}],"curies":[{"name":"wp","href":"https:\/\/api.w.org\/{rel}","templated":true}]}}