{"id":340057,"date":"2026-09-03T03:01:11","date_gmt":"2026-09-03T03:01:11","guid":{"rendered":"https:\/\/www.europesays.com\/fi\/340057\/"},"modified":"2026-09-03T03:01:11","modified_gmt":"2026-09-03T03:01:11","slug":"valierien-paras-suorituskaan-ei-riittanyt-nyt-on-se-kylma-totuus-satakunnan-kansa","status":"publish","type":"post","link":"https:\/\/www.europesays.com\/fi\/340057\/","title":{"rendered":"V\u00e4lierien paras suorituskaan ei riitt\u00e4nyt: \u201dNyt on se kylm\u00e4 totuus\u201d &#8211; Satakunnan Kansa"},"content":{"rendered":"<ol>\n<li><a href=\"https:\/\/news.google.com\/rss\/articles\/CBMibkFVX3lxTE94bFRKWHo4MzVjaWhweTdxQ2FxV3pFUjJiMFJHeFh2b2c1YklzRjZmOVRaNEpZc1QzMVYyVnBoNGdJNzMxVW1WT2NPVFBTNGZtQk9QaTR4bXFDcXFadS04NkNDTnVkUUxNbEx2R1BR?oc=5\" target=\"_blank\" rel=\"nofollow noopener\">V\u00e4lierien paras suorituskaan ei riitt\u00e4nyt: \u201dNyt on se kylm\u00e4 totuus\u201d<\/a>&nbsp;&nbsp;Satakunnan Kansa<\/li>\n<li><a href=\"https:\/\/news.google.com\/rss\/articles\/CBMilgFBVV95cUxNRDZMS0poT0g2QnpWR0czSk54U1M0RC0yXzlWTlpCeWxRcS1lSEVZSkxlbmZ2NGtkZnp6X1dfZ0s1S05oVkFyVE1PTFpXQ3hLSm5ZYmY1SVZJNFUzZkpjZHBITGNGMVFXRE5tM0RPOUgtS0dlZGplY1EzSS0xV09ESkdHQkJzcTBrUFJpckNZcHY5Zy15Q0E?oc=5\" target=\"_blank\" rel=\"nofollow noopener\">Jussittaret j\u00e4nnitti suurta kotiyleis\u00f6\u00e4\u00e4n aluksi \u2013 En\u00e4\u00e4 yksi voitto finaalipaikan tiell\u00e4<\/a>&nbsp;&nbsp;Ilkka-Pohjalainen<\/li>\n<li><a href=\"https:\/\/news.google.com\/rss\/articles\/CBMiVEFVX3lxTE52QXpZNkt1V1VNZno1bmhmb1E3dG1CbXVyZmlMRUZJT0VxaG03VWtpUG9NY3k1Zk8wYTRFcjNCZEJTSnNhUE83eDlCc0tObVN4cllxVg?oc=5\" target=\"_blank\" rel=\"nofollow noopener\">Jussittaret eteni voiton p\u00e4\u00e4h\u00e4n finaalipaikasta<\/a>&nbsp;&nbsp;Karjalainen<\/li>\n<li><a href=\"https:\/\/news.google.com\/rss\/articles\/CBMifkFVX3lxTE1IdWNVcjZEWmd6NGZoZWRRbWN5a1hsQmE3ODBzSVZ5Q2xuUkNodnV0bU93aFJKWDZTRVRNNDNXQS13a1F4dUlvdHA5WnhNc0U5N0pOMnQyOHdHallKYWZhN1kwUXlqcGpjRGgxZEZMZUVQSUY5ZWZvY3BkRGtXdw?oc=5\" target=\"_blank\" rel=\"nofollow noopener\">Taas osui! T\u00e4htipelaaja joutui j\u00e4tt\u00e4m\u00e4\u00e4n pelin kesken<\/a>&nbsp;&nbsp;Iltalehti<\/li>\n<li><a href=\"https:\/\/news.google.com\/rss\/articles\/CBMibkFVX3lxTFAwWldoOVpKam44NVlSOVE3c0p6b3dlYThCdFFCejdMSndWWThrWDI0Yy01Rl9vOEx2cGlmVHc5WFdjQkVodkFYNWV4dWZtWE1laXdsT3BVR1dCNjVNb0dQS2V0cWx2OWJZQ3J2Z1dR?oc=5\" target=\"_blank\" rel=\"nofollow noopener\">Pes\u00e4karhujen tappiossa karmeita hetki\u00e4, kaksi t\u00e4rke\u00e4\u00e4 pelaajaa otti pahasti osumaa<\/a>&nbsp;&nbsp;Satakunnan Kansa<\/li>\n<\/ol>\n","protected":false},"excerpt":{"rendered":"V\u00e4lierien paras suorituskaan ei riitt\u00e4nyt: \u201dNyt on se kylm\u00e4 totuus\u201d&nbsp;&nbsp;Satakunnan Kansa Jussittaret j\u00e4nnitti suurta kotiyleis\u00f6\u00e4\u00e4n aluksi \u2013 En\u00e4\u00e4&hellip;\n","protected":false},"author":2,"featured_media":340058,"comment_status":"","ping_status":"","sticky":false,"template":"","format":"standard","meta":{"footnotes":"","_share_on_mastodon":"0"},"categories":[12],"tags":[22,23,26,27,33,31,30,17,24,25,28,29,15,18,21,80,32,19,20,16],"class_list":["post-340057","post","type-post","status-publish","format-standard","has-post-thumbnail","category-suomi","tag-breaking-news","tag-breakingnews","tag-featured-news","tag-featurednews","tag-fi","tag-finland","tag-finnish","tag-headlines","tag-latest-news","tag-latestnews","tag-main-news","tag-mainnews","tag-news","tag-otsikot","tag-paauutiset","tag-satakunnan-kansa","tag-suomi","tag-top-stories","tag-topstories","tag-uutiset"],"share_on_mastodon":{"url":"https:\/\/pubeurope.com\/@fi\/117204882996850429","error":""},"_links":{"self":[{"href":"https:\/\/www.europesays.com\/fi\/wp-json\/wp\/v2\/posts\/340057","targetHints":{"allow":["GET"]}}],"collection":[{"href":"https:\/\/www.europesays.com\/fi\/wp-json\/wp\/v2\/posts"}],"about":[{"href":"https:\/\/www.europesays.com\/fi\/wp-json\/wp\/v2\/types\/post"}],"author":[{"embeddable":true,"href":"https:\/\/www.europesays.com\/fi\/wp-json\/wp\/v2\/users\/2"}],"replies":[{"embeddable":true,"href":"https:\/\/www.europesays.com\/fi\/wp-json\/wp\/v2\/comments?post=340057"}],"version-history":[{"count":0,"href":"https:\/\/www.europesays.com\/fi\/wp-json\/wp\/v2\/posts\/340057\/revisions"}],"wp:featuredmedia":[{"embeddable":true,"href":"https:\/\/www.europesays.com\/fi\/wp-json\/wp\/v2\/media\/340058"}],"wp:attachment":[{"href":"https:\/\/www.europesays.com\/fi\/wp-json\/wp\/v2\/media?parent=340057"}],"wp:term":[{"taxonomy":"category","embeddable":true,"href":"https:\/\/www.europesays.com\/fi\/wp-json\/wp\/v2\/categories?post=340057"},{"taxonomy":"post_tag","embeddable":true,"href":"https:\/\/www.europesays.com\/fi\/wp-json\/wp\/v2\/tags?post=340057"}],"curies":[{"name":"wp","href":"https:\/\/api.w.org\/{rel}","templated":true}]}}