{"id":340059,"date":"2026-09-03T03:02:09","date_gmt":"2026-09-03T03:02:09","guid":{"rendered":"https:\/\/www.europesays.com\/fi\/340059\/"},"modified":"2026-09-03T03:02:09","modified_gmt":"2026-09-03T03:02:09","slug":"tanskan-tiedustelu-paljasti-venajan-salaiset-suunnitelmat","status":"publish","type":"post","link":"https:\/\/www.europesays.com\/fi\/340059\/","title":{"rendered":"Tanskan tiedustelu paljasti Ven\u00e4j\u00e4n salaiset suunnitelmat"},"content":{"rendered":"<p>Tanskan mukaan Ven\u00e4j\u00e4 suunnittelee sabotaasia maan puolustusteollisuuteen.<\/p>\n<p><img decoding=\"async\" class=\"image image-show image-preview\" src=\"https:\/\/www.europesays.com\/fi\/wp-content\/uploads\/2026\/09\/ab866429d156520cc1c8574ec5bde7d81c0fb4d7e4b153793b2f844464d707af.jpg\" alt=\"\"\/><img decoding=\"async\" class=\"image image-show\" src=\"https:\/\/www.europesays.com\/fi\/wp-content\/uploads\/2026\/09\/1788404529_536_ab866429d156520cc1c8574ec5bde7d81c0fb4d7e4b153793b2f844464d707af.jpg\" alt=\"\"\/><\/p>\n<p>Tanskan mukaan sabotaasioperaatioita on suunnitellut Ven\u00e4j\u00e4n tiedustelupalvelu. Arkistokuva Moskovasta.  dpa picture alliance \/ Alamy Stock Photo, AOP<\/p>\n<p class=\"paragraph\">Ven\u00e4j\u00e4 on tehnyt konkreettisia suunnitelmia ja valmisteluja Tanskaan kohdistettavasta sabotaasista, paljastaa Tanskan tiedustelupalvelu PET.<\/p>\n<p class=\"paragraph\">Tanskan vastatiedustelun johtaja <strong>Emil Gr\u00e6sholm<\/strong> kertoi asiasta <a href=\"https:\/\/www.berlingske.dk\/internationalt\/rusland-forsoeger-at-hyre-danske-stedfortraedere-paa-nettet-pet-afsloerer-konkrete-planer-for-sabotage-i-danmark\" target=\"_blank\" rel=\"noopener nofollow\">Berlingske-lehdelle<\/a> keskiviikkona.<\/p>\n<p class=\"paragraph\">\u2013 N\u00e4emme, ett\u00e4 suunnittelu on jo k\u00e4ynniss\u00e4. Se on hyvin konkreettista, Gr\u00e6sholm kertoo.<\/p>\n<p class=\"paragraph\">Ven\u00e4j\u00e4n kohteita ovat erityisesti puolustusteollisuuden yritykset, joilla on kytk\u00f6ksi\u00e4 Ukrainalle annettavaan sotilaalliseen apuun.<\/p>\n<p class=\"paragraph\">Gr\u00e6sholm kertoo <a href=\"https:\/\/nyheder.tv2.dk\/live\/2024-09-08-seneste-nyt-om-krigen-i-ukraine-70b1d6cc-0720-404e-9878-45546e1999e7\/almindelige-danskere-rekrutteres?entry=7e6d7127-f1a6-4f18-a39d-d2f5d848eff9\" target=\"_blank\" rel=\"noopener nofollow\">TV2-medialle<\/a>, ett\u00e4 Ven\u00e4j\u00e4 on hy\u00f6dynt\u00e4nyt operaatiossa \u201dtavallisia tanskalaisia\u201d.<\/p>\n<p class=\"paragraph\">\u2013  Olemme l\u00f6yt\u00e4neet konkreettisia esimerkkej\u00e4 siit\u00e4, kuinka Ven\u00e4j\u00e4 on yritt\u00e4nyt v\u00e4rv\u00e4t\u00e4 sosiaalisessa mediassa ja verkkopalveluissa tavallisia tanskalaisia suorittamaan teht\u00e4vi\u00e4, kuten ottamaan yrityksist\u00e4 tai laitoksista valokuvia, joita k\u00e4ytet\u00e4\u00e4n sabotaasitoimien suunnittelussa, Gr\u00e6sholm paljastaa.<\/p>\n<p class=\"paragraph\">\u2013 On eritt\u00e4in vakava asia, jos tavalliset tanskalaiset auttavat Ven\u00e4j\u00e4n tiedustelupalvelua, joko tahallaan tai tahattomasti.<\/p>\n<p class=\"paragraph\">TV2-tanskalaismedian mukaan Ven\u00e4j\u00e4 on k\u00e4ytt\u00e4nyt digitaalista hybridivaikuttamista Tanskaa vastaan jo pitk\u00e4\u00e4n.<\/p>\n<p class=\"paragraph\">Ven\u00e4j\u00e4 on rekrytoinut sosiaalisen median kautta hakkereita, jotka ovat yritt\u00e4neet kaataa tanskalaisia verkkosivustoja \u201dsuhteellisen harmittomilla\u201d hy\u00f6kk\u00e4yksill\u00e4. Hakkereita on rekrytoitu ymp\u00e4ri Eurooppaa.<\/p>\n","protected":false},"excerpt":{"rendered":"Tanskan mukaan Ven\u00e4j\u00e4 suunnittelee sabotaasia maan puolustusteollisuuteen. Tanskan mukaan sabotaasioperaatioita on suunnitellut Ven\u00e4j\u00e4n tiedustelupalvelu. Arkistokuva Moskovasta. dpa picture&hellip;\n","protected":false},"author":2,"featured_media":340060,"comment_status":"","ping_status":"","sticky":false,"template":"","format":"standard","meta":{"footnotes":"","_share_on_mastodon":"0"},"categories":[5],"tags":[35,22,23,26,27,33,31,30,17,537,24,25,803,28,29,15,18,21,32,487,149,19,20,546,16],"class_list":["post-340059","post","type-post","status-publish","format-standard","has-post-thumbnail","category-otsikot","tag-24h","tag-breaking-news","tag-breakingnews","tag-featured-news","tag-featurednews","tag-fi","tag-finland","tag-finnish","tag-headlines","tag-informaatioteknologia-sektori","tag-latest-news","tag-latestnews","tag-levottomuudet-ja-sodat","tag-main-news","tag-mainnews","tag-news","tag-otsikot","tag-paauutiset","tag-suomi","tag-teknologia-yleista","tag-tietojenkasittely-ja-informaatioteknologia","tag-top-stories","tag-topstories","tag-turvallisuus","tag-uutiset"],"share_on_mastodon":{"url":"https:\/\/pubeurope.com\/@fi\/117204887346121691","error":""},"_links":{"self":[{"href":"https:\/\/www.europesays.com\/fi\/wp-json\/wp\/v2\/posts\/340059","targetHints":{"allow":["GET"]}}],"collection":[{"href":"https:\/\/www.europesays.com\/fi\/wp-json\/wp\/v2\/posts"}],"about":[{"href":"https:\/\/www.europesays.com\/fi\/wp-json\/wp\/v2\/types\/post"}],"author":[{"embeddable":true,"href":"https:\/\/www.europesays.com\/fi\/wp-json\/wp\/v2\/users\/2"}],"replies":[{"embeddable":true,"href":"https:\/\/www.europesays.com\/fi\/wp-json\/wp\/v2\/comments?post=340059"}],"version-history":[{"count":0,"href":"https:\/\/www.europesays.com\/fi\/wp-json\/wp\/v2\/posts\/340059\/revisions"}],"wp:featuredmedia":[{"embeddable":true,"href":"https:\/\/www.europesays.com\/fi\/wp-json\/wp\/v2\/media\/340060"}],"wp:attachment":[{"href":"https:\/\/www.europesays.com\/fi\/wp-json\/wp\/v2\/media?parent=340059"}],"wp:term":[{"taxonomy":"category","embeddable":true,"href":"https:\/\/www.europesays.com\/fi\/wp-json\/wp\/v2\/categories?post=340059"},{"taxonomy":"post_tag","embeddable":true,"href":"https:\/\/www.europesays.com\/fi\/wp-json\/wp\/v2\/tags?post=340059"}],"curies":[{"name":"wp","href":"https:\/\/api.w.org\/{rel}","templated":true}]}}