{"id":340067,"date":"2026-09-03T03:27:11","date_gmt":"2026-09-03T03:27:11","guid":{"rendered":"https:\/\/www.europesays.com\/fi\/340067\/"},"modified":"2026-09-03T03:27:11","modified_gmt":"2026-09-03T03:27:11","slug":"hegseth-yhdysvaltain-presidentiksi-nyt-puhuu-trump","status":"publish","type":"post","link":"https:\/\/www.europesays.com\/fi\/340067\/","title":{"rendered":"Hegseth Yhdysvaltain presidentiksi? Nyt puhuu Trump"},"content":{"rendered":"<p><strong class=\"typography-bold\">Puolustusministeri Pete Hegseth kiist\u00e4\u00e4 NBC-uutiskanavan v\u00e4itteet, joiden mukaan h\u00e4n harkitsee ehdokkuutta vuoden 2028 Yhdysvaltain presidentinvaaleissa.<\/strong><\/p>\n<p>NBC-uutiskanavan l\u00e4hteiden mukaan Yhdysvaltain puolustusministeri<strong class=\"typography-bold\"> Pete Hegseth <\/strong>harkitsee presidenttiehdokkuutta vuoden 2028 vaaleissa. Hegseth tyrm\u00e4si uutisen itse tuoreeltaan.<\/p>\n<p>\u2013 Valetta. Kerroimme sen NBC:lle, mutta he vain valehtelevat nimett\u00f6mien \u2019l\u00e4hteiden\u2019 avulla, Hegseth vastasi viestipalvelu X:ss\u00e4.<\/p>\n<p>Asiasta kysyttiin my\u00f6s presidentti <strong class=\"typography-bold\">Donald Trumpilta<\/strong>, joka on vihjaillut haluavansa jatkaa presidenttin\u00e4 kolmannellekin kaudelle, vaikka perustuslain mukaan maksimi on kaksi virkakautta.<\/p>\n<p>\u2013 Mielest\u00e4ni h\u00e4n tekee fantastista ty\u00f6t\u00e4, mutta on hyvin aikaista puhua siit\u00e4, Trump vastasi <a class=\"underline\" data-testid=\"external-link\" href=\"https:\/\/thehill.com\/homenews\/administration\/6061917-trump-dismisses-hegseth-2028-run\/\" rel=\"noopener nofollow\" target=\"_blank\">The Hill -uutissivuston <\/a>mukaan.<\/p>\n<p>Trumpin mukaan nyt on keskitytt\u00e4v\u00e4 ennen kaikkea syksyn v\u00e4livaaleihin.<\/p>\n<p>2028 presidenttikisaan on arvioitu Hegsethin lis\u00e4ksi republikaaneista varapresidentti <strong class=\"typography-bold\">J.D. Vancea<\/strong> sek\u00e4 ulkoministeri <strong class=\"typography-bold\">Marco Rubiota<\/strong>. Trump itse hehkutti viime viikolla Texasin senaattori <strong class=\"typography-bold\">Ted Cruzia<\/strong>.<\/p>\n<p>\u2013 Luulen, ett\u00e4 h\u00e4n saattaisi tehd\u00e4 niin. H\u00e4n on eritt\u00e4in lahjakas kaveri, Trump sanoi Cruzin ehdolle l\u00e4htemisest\u00e4.<\/p>\n","protected":false},"excerpt":{"rendered":"Puolustusministeri Pete Hegseth kiist\u00e4\u00e4 NBC-uutiskanavan v\u00e4itteet, joiden mukaan h\u00e4n harkitsee ehdokkuutta vuoden 2028 Yhdysvaltain presidentinvaaleissa. NBC-uutiskanavan l\u00e4hteiden mukaan&hellip;\n","protected":false},"author":2,"featured_media":340068,"comment_status":"","ping_status":"","sticky":false,"template":"","format":"standard","meta":{"footnotes":"","_share_on_mastodon":"0"},"categories":[14],"tags":[22,23,26,27,33,31,30,17,24,25,28,29,15,18,21,32,19,20,56,16,59,60,61],"class_list":["post-340067","post","type-post","status-publish","format-standard","has-post-thumbnail","category-ulkomaat","tag-breaking-news","tag-breakingnews","tag-featured-news","tag-featurednews","tag-fi","tag-finland","tag-finnish","tag-headlines","tag-latest-news","tag-latestnews","tag-main-news","tag-mainnews","tag-news","tag-otsikot","tag-paauutiset","tag-suomi","tag-top-stories","tag-topstories","tag-ulkomaat","tag-uutiset","tag-world","tag-world-news","tag-worldnews"],"share_on_mastodon":{"url":"https:\/\/pubeurope.com\/@fi\/117204985175938090","error":""},"_links":{"self":[{"href":"https:\/\/www.europesays.com\/fi\/wp-json\/wp\/v2\/posts\/340067","targetHints":{"allow":["GET"]}}],"collection":[{"href":"https:\/\/www.europesays.com\/fi\/wp-json\/wp\/v2\/posts"}],"about":[{"href":"https:\/\/www.europesays.com\/fi\/wp-json\/wp\/v2\/types\/post"}],"author":[{"embeddable":true,"href":"https:\/\/www.europesays.com\/fi\/wp-json\/wp\/v2\/users\/2"}],"replies":[{"embeddable":true,"href":"https:\/\/www.europesays.com\/fi\/wp-json\/wp\/v2\/comments?post=340067"}],"version-history":[{"count":0,"href":"https:\/\/www.europesays.com\/fi\/wp-json\/wp\/v2\/posts\/340067\/revisions"}],"wp:featuredmedia":[{"embeddable":true,"href":"https:\/\/www.europesays.com\/fi\/wp-json\/wp\/v2\/media\/340068"}],"wp:attachment":[{"href":"https:\/\/www.europesays.com\/fi\/wp-json\/wp\/v2\/media?parent=340067"}],"wp:term":[{"taxonomy":"category","embeddable":true,"href":"https:\/\/www.europesays.com\/fi\/wp-json\/wp\/v2\/categories?post=340067"},{"taxonomy":"post_tag","embeddable":true,"href":"https:\/\/www.europesays.com\/fi\/wp-json\/wp\/v2\/tags?post=340067"}],"curies":[{"name":"wp","href":"https:\/\/api.w.org\/{rel}","templated":true}]}}