{"id":340069,"date":"2026-09-03T03:28:29","date_gmt":"2026-09-03T03:28:29","guid":{"rendered":"https:\/\/www.europesays.com\/fi\/340069\/"},"modified":"2026-09-03T03:28:29","modified_gmt":"2026-09-03T03:28:29","slug":"seurakuntaneuvosto-valitsi-noormarkkuun-uuden-kirkkoherran-tiukassa-aanestyksessa","status":"publish","type":"post","link":"https:\/\/www.europesays.com\/fi\/340069\/","title":{"rendered":"Seurakuntaneuvosto valitsi Noormarkkuun uuden kirkkoherran tiukassa \u00e4\u00e4nestyksess\u00e4"},"content":{"rendered":"<p>Noormarkun uusi kirkkoherra on Jaana Alasentie.<\/p>\n<p><img decoding=\"async\" src=\"https:\/\/www.europesays.com\/fi\/wp-content\/uploads\/2026\/09\/1788406109_337_468.jpg\" alt=\"Noormarkun seurakunnalle valittiin uusi kirkkoherra.\" class=\"_Img_1rerz_1\" style=\"aspect-ratio:1920\/1280\" loading=\"eager\"\/><\/p>\n<p class=\"font-(family-name:--picture-caption-font-family) text-(length:--picture-caption-font-size) leading-(--picture-caption-leading) font-(--picture-caption-font-weight) text-(color:--picture-caption-color)\">Noormarkun seurakunnalle valittiin uusi kirkkoherra. Kuva:\u00a0Tuuli Heerv\u00e4\/Arkisto<\/p>\n<p>2.9. 20:12<\/p>\n<p class=\"article-body mb-(--paragraph-margin-b) px-nof-16\">Pori<\/p>\n<p class=\"article-body mb-(--paragraph-margin-b) px-nof-16\">Noormarkun seurakunnan seurakuntaneuvosto valitsi keskiviikkona tiukan \u00e4\u00e4nestyksen j\u00e4lkeen uuden kirkkoherran, kertoo Porin evankelisluterilainen seurakuntayhtym\u00e4 tiedotteessa.<\/p>\n<p class=\"article-body mb-(--paragraph-margin-b) px-nof-16\">Noormarkun uudeksi kirkkoherraksi valittiin Akaan seurakunnan seurakuntapastori <a class=\"font-bold underline-offset-[0.12em] [text-decoration:var(--person-link-text-decoration)] [text-decoration-color:var(--person-link-text-decoration-color)]!\" href=\"https:\/\/www.satakunnankansa.fi\/haku\/?query=Jaana%20Alasentie\" rel=\"nofollow noopener\" target=\"_blank\">Jaana Alasentie<\/a>. Alasentiell\u00e4 on maisterin tutkinnot sek\u00e4 teologiasta ett\u00e4 terveystieteest\u00e4.<\/p>\n<p class=\"article-body mb-(--paragraph-margin-b) px-nof-16\">Kirkkoherran vaaliin saakka kisassa oli mukana kaksi kelpoisuusvaatimukset t\u00e4ytt\u00e4v\u00e4\u00e4 hakijaa, Alasentie ja Kankaanp\u00e4\u00e4n seurakunnan kappalainen <a class=\"font-bold underline-offset-[0.12em] [text-decoration:var(--person-link-text-decoration)] [text-decoration-color:var(--person-link-text-decoration-color)]!\" href=\"https:\/\/www.satakunnankansa.fi\/haku\/?query=Jaakko%20Rainerma\" rel=\"nofollow noopener\" target=\"_blank\">Jaakko Rainerma<\/a>.<\/p>\n<p class=\"article-body mb-(--paragraph-margin-b) px-nof-16\">Seurakuntaneuvoston toimittaman vaalin toisessa \u00e4\u00e4nestyksess\u00e4 Alasentie sai 7 ja Rainerma 5 \u00e4\u00e4nt\u00e4.<\/p>\n<p class=\"article-body mb-(--paragraph-margin-b) px-nof-16\">Noormarkun kirkkoherran virka ehti olla t\u00e4ytt\u00e4m\u00e4tt\u00e4 kaksi vuotta.<\/p>\n","protected":false},"excerpt":{"rendered":"Noormarkun uusi kirkkoherra on Jaana Alasentie. Noormarkun seurakunnalle valittiin uusi kirkkoherra. Kuva:\u00a0Tuuli Heerv\u00e4\/Arkisto 2.9. 20:12 Pori Noormarkun seurakunnan&hellip;\n","protected":false},"author":2,"featured_media":340070,"comment_status":"","ping_status":"","sticky":false,"template":"","format":"standard","meta":{"footnotes":"","_share_on_mastodon":"0"},"categories":[12],"tags":[22,23,26,27,33,31,30,17,24,25,28,29,15,18,21,80,32,19,20,16],"class_list":["post-340069","post","type-post","status-publish","format-standard","has-post-thumbnail","category-suomi","tag-breaking-news","tag-breakingnews","tag-featured-news","tag-featurednews","tag-fi","tag-finland","tag-finnish","tag-headlines","tag-latest-news","tag-latestnews","tag-main-news","tag-mainnews","tag-news","tag-otsikot","tag-paauutiset","tag-satakunnan-kansa","tag-suomi","tag-top-stories","tag-topstories","tag-uutiset"],"share_on_mastodon":{"url":"https:\/\/pubeurope.com\/@fi\/117204989688658238","error":""},"_links":{"self":[{"href":"https:\/\/www.europesays.com\/fi\/wp-json\/wp\/v2\/posts\/340069","targetHints":{"allow":["GET"]}}],"collection":[{"href":"https:\/\/www.europesays.com\/fi\/wp-json\/wp\/v2\/posts"}],"about":[{"href":"https:\/\/www.europesays.com\/fi\/wp-json\/wp\/v2\/types\/post"}],"author":[{"embeddable":true,"href":"https:\/\/www.europesays.com\/fi\/wp-json\/wp\/v2\/users\/2"}],"replies":[{"embeddable":true,"href":"https:\/\/www.europesays.com\/fi\/wp-json\/wp\/v2\/comments?post=340069"}],"version-history":[{"count":0,"href":"https:\/\/www.europesays.com\/fi\/wp-json\/wp\/v2\/posts\/340069\/revisions"}],"wp:featuredmedia":[{"embeddable":true,"href":"https:\/\/www.europesays.com\/fi\/wp-json\/wp\/v2\/media\/340070"}],"wp:attachment":[{"href":"https:\/\/www.europesays.com\/fi\/wp-json\/wp\/v2\/media?parent=340069"}],"wp:term":[{"taxonomy":"category","embeddable":true,"href":"https:\/\/www.europesays.com\/fi\/wp-json\/wp\/v2\/categories?post=340069"},{"taxonomy":"post_tag","embeddable":true,"href":"https:\/\/www.europesays.com\/fi\/wp-json\/wp\/v2\/tags?post=340069"}],"curies":[{"name":"wp","href":"https:\/\/api.w.org\/{rel}","templated":true}]}}