{"id":340071,"date":"2026-09-03T03:29:11","date_gmt":"2026-09-03T03:29:11","guid":{"rendered":"https:\/\/www.europesays.com\/fi\/340071\/"},"modified":"2026-09-03T03:29:11","modified_gmt":"2026-09-03T03:29:11","slug":"viron-puolustusministeri-eroaa-pieleen-menneen-ammustilauksen-takia-uutisia-lyhyesti","status":"publish","type":"post","link":"https:\/\/www.europesays.com\/fi\/340071\/","title":{"rendered":"Viron puolustusministeri eroaa pieleen menneen ammustilauksen takia | Uutisia lyhyesti"},"content":{"rendered":"<p class=\"aw__sc-1qwuw0s-0 aw__sc-1vg2sqm-0 epAWpq ecELkD yle__article__paragraph\">Tykist\u00f6ammusten oli tarkoitus menn\u00e4 Ukrainan avuksi, mutta niit\u00e4 ei koskaan tullutkaan.<\/p>\n<p><img decoding=\"async\" alt=\"Virolainen poliitikko Hanno Pevkur ojentaa k\u00e4tt\u00e4ns\u00e4 eteenp\u00e4in. H\u00e4n on pukeutunut tummaan pukuun ja siniseen kravattiin.\" src=\"https:\/\/www.europesays.com\/fi\/wp-content\/uploads\/2026\/09\/1788396777.jpeg\" class=\"aw__sc-dklauk-0 LPzKX\"\/><\/p>\n<p>Avaa kuvien katselu<\/p>\n<p>Hanno Pevkur kuvattuna elokuussa 2026. Kuva: Anders Wiklund \/ EPA<\/p>\n<p class=\"aw__sc-1qwuw0s-0 aw__sc-ngllmo-0 epAWpq fzYpjk yle__article__paragraph\">Viron puolustusministeri, keskustaoikeistolaisen reformipuolueen <strong class=\"aw__sc-ngllmo-2 gdRrun yle__article__strong\">Hanno Pevkur<\/strong> ilmoitti keskiviikkona eroavansa teht\u00e4v\u00e4st\u00e4\u00e4n. Pevkur aloitti puolustusministerin\u00e4 vuonna 2022.<\/p>\n<p class=\"aw__sc-1qwuw0s-0 aw__sc-ngllmo-0 epAWpq fzYpjk yle__article__paragraph\">Syyn\u00e4 on puolustusministeri\u00f6n hallintoon kohdistuva rikostutkinta, jonka Viron valtakunnansyytt\u00e4j\u00e4 k\u00e4ynnisti valtiontalouden tarkastusviraston l\u00f6yd\u00f6sten pohjalta. Tutkinta koskee vuoden 2024 sopimusta.<\/p>\n<p class=\"aw__sc-1qwuw0s-0 aw__sc-ngllmo-0 epAWpq fzYpjk yle__article__paragraph\">Skandaali puhkesi siit\u00e4, ett\u00e4 tykist\u00f6ammuksia Ukrainalle ostanut Viro oli maksanut etuk\u00e4teen noin 70 miljoonaa euroa intialaisyhti\u00f6lle, jolla ei ollut taustaa ammuskaupoista. <a class=\"aw__sc-ngllmo-1 bTDnwX yle__article__link\" href=\"https:\/\/www.postimees.ee\/8537652\/ukraina-jai-moonata-rkik-tasus-4x15-miljonit-eurot-ettemaksu-aga-sai-hoopis-petta\" role=\"link\" rel=\"nofollow noopener\" target=\"_blank\">Postimees uutisoi<\/a>, ett\u00e4 ammukset j\u00e4iv\u00e4t saamatta.<\/p>\n<p class=\"aw__sc-1qwuw0s-0 aw__sc-ngllmo-0 epAWpq fzYpjk yle__article__paragraph\">Facebook-sein\u00e4ll\u00e4\u00e4n julkaisemassa lausunnossa Pevkur kiisti, ett\u00e4 olisi itse ollut p\u00e4\u00e4tt\u00e4m\u00e4ss\u00e4 j\u00e4rjestelyn yksityiskohdista, mutta sanoi kantavansa silti vastuun asiasta.<\/p>\n","protected":false},"excerpt":{"rendered":"Tykist\u00f6ammusten oli tarkoitus menn\u00e4 Ukrainan avuksi, mutta niit\u00e4 ei koskaan tullutkaan. Avaa kuvien katselu Hanno Pevkur kuvattuna elokuussa&hellip;\n","protected":false},"author":2,"featured_media":340072,"comment_status":"","ping_status":"","sticky":false,"template":"","format":"standard","meta":{"footnotes":"","_share_on_mastodon":"0"},"categories":[5],"tags":[8109,22,23,26,27,33,31,30,41946,17,70,24,25,28,29,15,18,21,32,19,20,41945,1303,56,16,4029],"class_list":["post-340071","post","type-post","status-publish","format-standard","has-post-thumbnail","category-otsikot","tag-ammukset","tag-breaking-news","tag-breakingnews","tag-featured-news","tag-featurednews","tag-fi","tag-finland","tag-finnish","tag-hanno-pevkur","tag-headlines","tag-kansainvalinen-politiikka","tag-latest-news","tag-latestnews","tag-main-news","tag-mainnews","tag-news","tag-otsikot","tag-paauutiset","tag-suomi","tag-top-stories","tag-topstories","tag-tykistoammukset","tag-ukraina","tag-ulkomaat","tag-uutiset","tag-viro"],"share_on_mastodon":{"url":"https:\/\/pubeurope.com\/@fi\/117204993416429596","error":""},"_links":{"self":[{"href":"https:\/\/www.europesays.com\/fi\/wp-json\/wp\/v2\/posts\/340071","targetHints":{"allow":["GET"]}}],"collection":[{"href":"https:\/\/www.europesays.com\/fi\/wp-json\/wp\/v2\/posts"}],"about":[{"href":"https:\/\/www.europesays.com\/fi\/wp-json\/wp\/v2\/types\/post"}],"author":[{"embeddable":true,"href":"https:\/\/www.europesays.com\/fi\/wp-json\/wp\/v2\/users\/2"}],"replies":[{"embeddable":true,"href":"https:\/\/www.europesays.com\/fi\/wp-json\/wp\/v2\/comments?post=340071"}],"version-history":[{"count":0,"href":"https:\/\/www.europesays.com\/fi\/wp-json\/wp\/v2\/posts\/340071\/revisions"}],"wp:featuredmedia":[{"embeddable":true,"href":"https:\/\/www.europesays.com\/fi\/wp-json\/wp\/v2\/media\/340072"}],"wp:attachment":[{"href":"https:\/\/www.europesays.com\/fi\/wp-json\/wp\/v2\/media?parent=340071"}],"wp:term":[{"taxonomy":"category","embeddable":true,"href":"https:\/\/www.europesays.com\/fi\/wp-json\/wp\/v2\/categories?post=340071"},{"taxonomy":"post_tag","embeddable":true,"href":"https:\/\/www.europesays.com\/fi\/wp-json\/wp\/v2\/tags?post=340071"}],"curies":[{"name":"wp","href":"https:\/\/api.w.org\/{rel}","templated":true}]}}