{"id":340075,"date":"2026-09-03T03:50:10","date_gmt":"2026-09-03T03:50:10","guid":{"rendered":"https:\/\/www.europesays.com\/fi\/340075\/"},"modified":"2026-09-03T03:50:10","modified_gmt":"2026-09-03T03:50:10","slug":"john-lennonin-ensimmainen-lapsenlapsi-syntyi","status":"publish","type":"post","link":"https:\/\/www.europesays.com\/fi\/340075\/","title":{"rendered":"John Lennonin ensimm\u00e4inen lapsenlapsi syntyi"},"content":{"rendered":"<p>The Beatles -legendan poika kertoo asiasta Instagramissa.<\/p>\n<p><img decoding=\"async\" src=\"https:\/\/www.europesays.com\/fi\/wp-content\/uploads\/2026\/09\/1788407410_868_468.jpg\" alt=\"Sean Ono Lennon kertoi asiasta sosiaalisessa mediassa. H\u00e4n on vuonna 1980 kuolleen John Lennonin nuorin lapsi. \" class=\"_Img_1rerz_1\" style=\"aspect-ratio:1920\/1080\" loading=\"eager\"\/><\/p>\n<p class=\"font-(family-name:--picture-caption-font-family) text-(length:--picture-caption-font-size) leading-(--picture-caption-leading) font-(--picture-caption-font-weight) text-(color:--picture-caption-color)\">Sean Ono Lennon kertoi asiasta sosiaalisessa mediassa. H\u00e4n on vuonna 1980 kuolleen John Lennonin nuorin lapsi.  Kuva:\u00a0Alamy \/ AOP, Instagram<\/p>\n<p>2.9. 22:50<\/p>\n<p class=\"article-body mb-(--paragraph-margin-b) px-nof-16\"><a class=\"font-bold underline-offset-[0.12em] [text-decoration:var(--person-link-text-decoration)] [text-decoration-color:var(--person-link-text-decoration-color)]!\" href=\"https:\/\/www.is.fi\/haku\/?query=Sean%20Ono%20Lennon\" rel=\"nofollow noopener\" target=\"_blank\">Sean Ono Lennon<\/a> ja h\u00e4nen kumppaninsa <a class=\"font-bold underline-offset-[0.12em] [text-decoration:var(--person-link-text-decoration)] [text-decoration-color:var(--person-link-text-decoration-color)]!\" href=\"https:\/\/www.is.fi\/haku\/?query=Charlotte%20Kemp%20Muhl\" rel=\"nofollow noopener\" target=\"_blank\">Charlotte Kemp Muhl<\/a> ovat saaneet ensimm\u00e4isen lapsensa. Pariskunta kertoo asiasta Instagramissa.<\/p>\n<p class=\"article-body mb-(--paragraph-margin-b) px-nof-16\">\u2013 @charlottekempmuhl ja min\u00e4 olemme luoneet ihmisen. H\u00e4nen nimens\u00e4 on Aurelius! Kiitos! Lennon kirjoittaa p\u00e4ivityksess\u00e4\u00e4n.<\/p>\n<p class=\"article-body mb-(--paragraph-margin-b) px-nof-16\">P\u00e4ivityksess\u00e4 on kuva, jossa pariskunta pitelee syliss\u00e4\u00e4n pient\u00e4 poikavauvaa.<\/p>\n<p class=\"article-body mb-(--paragraph-margin-b) px-nof-16\">Aurelius on The Beatles -legenda <a class=\"font-bold underline-offset-[0.12em] [text-decoration:var(--person-link-text-decoration)] [text-decoration-color:var(--person-link-text-decoration-color)]!\" href=\"https:\/\/www.is.fi\/haku\/?query=John%20Lennonin\" rel=\"nofollow noopener\" target=\"_blank\">John Lennonin<\/a> ensimm\u00e4inen lapsenlapsi.<\/p>\n<p class=\"article-body mb-(--paragraph-margin-b) px-nof-16\">Sean Ono Lennon on vuonna 1980 kuolleen John Lennonin nuorin lapsi.<\/p>\n","protected":false},"excerpt":{"rendered":"The Beatles -legendan poika kertoo asiasta Instagramissa. Sean Ono Lennon kertoi asiasta sosiaalisessa mediassa. H\u00e4n on vuonna 1980&hellip;\n","protected":false},"author":2,"featured_media":340076,"comment_status":"","ping_status":"","sticky":false,"template":"","format":"standard","meta":{"footnotes":"","_share_on_mastodon":"0"},"categories":[130],"tags":[137,33,31,30,34,32,109],"class_list":["post-340075","post","type-post","status-publish","format-standard","has-post-thumbnail","category-viihde","tag-entertainment","tag-fi","tag-finland","tag-finnish","tag-ilta-sanomat","tag-suomi","tag-viihde"],"share_on_mastodon":{"url":"https:\/\/pubeurope.com\/@fi\/117205075954876830","error":""},"_links":{"self":[{"href":"https:\/\/www.europesays.com\/fi\/wp-json\/wp\/v2\/posts\/340075","targetHints":{"allow":["GET"]}}],"collection":[{"href":"https:\/\/www.europesays.com\/fi\/wp-json\/wp\/v2\/posts"}],"about":[{"href":"https:\/\/www.europesays.com\/fi\/wp-json\/wp\/v2\/types\/post"}],"author":[{"embeddable":true,"href":"https:\/\/www.europesays.com\/fi\/wp-json\/wp\/v2\/users\/2"}],"replies":[{"embeddable":true,"href":"https:\/\/www.europesays.com\/fi\/wp-json\/wp\/v2\/comments?post=340075"}],"version-history":[{"count":0,"href":"https:\/\/www.europesays.com\/fi\/wp-json\/wp\/v2\/posts\/340075\/revisions"}],"wp:featuredmedia":[{"embeddable":true,"href":"https:\/\/www.europesays.com\/fi\/wp-json\/wp\/v2\/media\/340076"}],"wp:attachment":[{"href":"https:\/\/www.europesays.com\/fi\/wp-json\/wp\/v2\/media?parent=340075"}],"wp:term":[{"taxonomy":"category","embeddable":true,"href":"https:\/\/www.europesays.com\/fi\/wp-json\/wp\/v2\/categories?post=340075"},{"taxonomy":"post_tag","embeddable":true,"href":"https:\/\/www.europesays.com\/fi\/wp-json\/wp\/v2\/tags?post=340075"}],"curies":[{"name":"wp","href":"https:\/\/api.w.org\/{rel}","templated":true}]}}