{"id":340079,"date":"2026-09-03T03:54:12","date_gmt":"2026-09-03T03:54:12","guid":{"rendered":"https:\/\/www.europesays.com\/fi\/340079\/"},"modified":"2026-09-03T03:54:12","modified_gmt":"2026-09-03T03:54:12","slug":"viron-puolustusministeri-erosi-ukrainan-aseapuun-liittyvan-skandaalin-karayttamana-uutissuomalainen-2","status":"publish","type":"post","link":"https:\/\/www.europesays.com\/fi\/340079\/","title":{"rendered":"Viron puolustusministeri erosi Ukrainan aseapuun liittyv\u00e4n skandaalin k\u00e4r\u00e4ytt\u00e4m\u00e4n\u00e4 | Uutissuomalainen"},"content":{"rendered":"<p>Viron puolustusministeri, keskustaoikeistolaisen reformipuolueen Hanno Pevkur ilmoitti keskiviikkona eroavansa teht\u00e4v\u00e4st\u00e4\u00e4n. Pevkur aloitti puolustusministerin\u00e4 vuonna 2022.<\/p>\n<p>Syyn\u00e4 on puolustusministeri\u00f6n hallintoon kohdistuva rikostutkinta, jonka Viron valtakunnansyytt\u00e4j\u00e4 k\u00e4ynnisti valtiontalouden tarkastusviraston l\u00f6yd\u00f6sten pohjalta. Tutkinta koskee vuoden 2024 sopimusta.<\/p>\n<p>Skandaali puhkesi siit\u00e4, ett\u00e4 tykist\u00f6ammuksia Ukrainalle ostanut Viro oli maksanut etuk\u00e4teen noin 70 miljoonaa euroa intialaisyhti\u00f6lle, jolla ei ollut taustaa ammuskaupoista.<\/p>\n<p><a href=\"https:\/\/www.facebook.com\/hanno.pevkur\/\" rel=\"nofollow noopener\" target=\"_blank\">Facebook-sein\u00e4ll\u00e4\u00e4n<\/a> julkaisemassa lausunnossa Pevkur kiisti, ett\u00e4 olisi itse ollut p\u00e4\u00e4tt\u00e4m\u00e4ss\u00e4 j\u00e4rjestelyn yksityiskohdista, mutta sanoi kantavansa silti vastuun asiasta.<\/p>\n<p>\u2013\u2009Johtajalla on oltava selk\u00e4ranka ja rohkeus kantaa vastuu silloinkin, kun se ei ole henkil\u00f6kohtaista, jos se palvelee maan puolustuksen tavoitetta, Pevkur kirjoitti.<\/p>\n<p>\t\t\t\t&#8221;Puolustusministeri ei johda sopimusneuvotteluita&#8221;<\/p>\n<p>Virolaismediasta muun muassa <a href=\"https:\/\/www.postimees.ee\/8537652\/ukraina-jai-moonata-rkik-tasus-4x15-miljonit-eurot-ettemaksu-aga-sai-hoopis-petta\" rel=\"nofollow noopener\" target=\"_blank\">Postimees<\/a> uutisoi, ett\u00e4 Intiasta tilatut ammukset j\u00e4iv\u00e4t lopulta saamatta. Ostajille esiteltiin viiv\u00e4stysten j\u00e4lkeen varastossa lopulta vain tykinammusten osia, jotka olivat heikkolaatuisia. Lopulta ammustoimitukset peruttiin kokonaan.<\/p>\n<p>Postimees kertoo, ett\u00e4 Viron puolustushankinnoista vastaava virasto RKIK maksoi ennakkomaksuja intialaisille nelj\u00e4ss\u00e4 er\u00e4ss\u00e4, ja osa erist\u00e4 maksettiin viel\u00e4 sen j\u00e4lkeenkin, kun ammusten toimituksissa oli jo alkanut ilmet\u00e4 vaikeuksia.<\/p>\n<p>Virolaismedia <a href=\"https:\/\/news.err.ee\/1610126620\/estonia-s-defense-minister-resigns-in-national-defense-procurement-scandal\" rel=\"nofollow noopener\" target=\"_blank\">ERR:n<\/a> mukaan puolustusministeri Pevkur kertoi Aktuaalne kaamera -uutisl\u00e4hetyksess\u00e4, ett\u00e4 RKIK oli tuonut sopimukset h\u00e4nen n\u00e4ht\u00e4v\u00e4kseen, mutta ettei h\u00e4n ollut lukenut niit\u00e4. Pevkur vetosi siihen, etteiv\u00e4t sopimusten yksityiskohdat kuulu ministerin ty\u00f6h\u00f6n.<\/p>\n<p>\u2013\u2009Puolustusministeri ei johda sopimusneuvotteluita, h\u00e4n ei laske sukkia tai ammuksia, vaan h\u00e4n tekee perustavanlaatuisen p\u00e4\u00e4t\u00f6ksen tukea Ukrainaa. Valmisteluty\u00f6t sopimusneuvotteluihin ja sopimuskumppanien hankinta on RKIK:n vastuulla, Pevkur sanoi.<\/p>\n","protected":false},"excerpt":{"rendered":"Viron puolustusministeri, keskustaoikeistolaisen reformipuolueen Hanno Pevkur ilmoitti keskiviikkona eroavansa teht\u00e4v\u00e4st\u00e4\u00e4n. Pevkur aloitti puolustusministerin\u00e4 vuonna 2022. Syyn\u00e4 on puolustusministeri\u00f6n&hellip;\n","protected":false},"author":2,"featured_media":340080,"comment_status":"","ping_status":"","sticky":false,"template":"","format":"standard","meta":{"footnotes":"","_share_on_mastodon":"0"},"categories":[14],"tags":[802,22,23,1752,26,27,33,31,30,863,17,53,24,25,803,28,29,15,18,21,637,32,19,20,56,16,4029,59,60,61],"class_list":["post-340079","post","type-post","status-publish","format-standard","has-post-thumbnail","category-ulkomaat","tag-armeijat-ja-aseelliset-joukot","tag-breaking-news","tag-breakingnews","tag-facebook","tag-featured-news","tag-featurednews","tag-fi","tag-finland","tag-finnish","tag-hallitus","tag-headlines","tag-laki-oikeus-ja-rikos","tag-latest-news","tag-latestnews","tag-levottomuudet-ja-sodat","tag-main-news","tag-mainnews","tag-news","tag-otsikot","tag-paauutiset","tag-politiikka","tag-suomi","tag-top-stories","tag-topstories","tag-ulkomaat","tag-uutiset","tag-viro","tag-world","tag-world-news","tag-worldnews"],"share_on_mastodon":{"url":"https:\/\/pubeurope.com\/@fi\/117205091551409808","error":""},"_links":{"self":[{"href":"https:\/\/www.europesays.com\/fi\/wp-json\/wp\/v2\/posts\/340079","targetHints":{"allow":["GET"]}}],"collection":[{"href":"https:\/\/www.europesays.com\/fi\/wp-json\/wp\/v2\/posts"}],"about":[{"href":"https:\/\/www.europesays.com\/fi\/wp-json\/wp\/v2\/types\/post"}],"author":[{"embeddable":true,"href":"https:\/\/www.europesays.com\/fi\/wp-json\/wp\/v2\/users\/2"}],"replies":[{"embeddable":true,"href":"https:\/\/www.europesays.com\/fi\/wp-json\/wp\/v2\/comments?post=340079"}],"version-history":[{"count":0,"href":"https:\/\/www.europesays.com\/fi\/wp-json\/wp\/v2\/posts\/340079\/revisions"}],"wp:featuredmedia":[{"embeddable":true,"href":"https:\/\/www.europesays.com\/fi\/wp-json\/wp\/v2\/media\/340080"}],"wp:attachment":[{"href":"https:\/\/www.europesays.com\/fi\/wp-json\/wp\/v2\/media?parent=340079"}],"wp:term":[{"taxonomy":"category","embeddable":true,"href":"https:\/\/www.europesays.com\/fi\/wp-json\/wp\/v2\/categories?post=340079"},{"taxonomy":"post_tag","embeddable":true,"href":"https:\/\/www.europesays.com\/fi\/wp-json\/wp\/v2\/tags?post=340079"}],"curies":[{"name":"wp","href":"https:\/\/api.w.org\/{rel}","templated":true}]}}