{"id":340083,"date":"2026-09-03T03:56:09","date_gmt":"2026-09-03T03:56:09","guid":{"rendered":"https:\/\/www.europesays.com\/fi\/340083\/"},"modified":"2026-09-03T03:56:09","modified_gmt":"2026-09-03T03:56:09","slug":"kotimainen-sarja-sai-ristiriitaisen-vastaanoton-ei-tassa-ole-paata-eika-hantaa","status":"publish","type":"post","link":"https:\/\/www.europesays.com\/fi\/340083\/","title":{"rendered":"Kotimainen sarja sai ristiriitaisen vastaanoton: \u201dEi t\u00e4ss\u00e4 ole p\u00e4\u00e4t\u00e4 eik\u00e4 h\u00e4nt\u00e4\u00e4\u201d"},"content":{"rendered":"<p>Nainen joka katosi p\u00e4\u00e4ttyy t\u00e4n\u00e4\u00e4n.<\/p>\n<p><img decoding=\"async\" class=\"image image-show image-preview\" src=\"https:\/\/www.europesays.com\/fi\/wp-content\/uploads\/2026\/09\/495105d829c71d5ed1733043fc358f476ada339509dd71849cc51f15d86ca355.jpg\" alt=\"\"\/><img decoding=\"async\" class=\"image image-show\" src=\"https:\/\/www.europesays.com\/fi\/wp-content\/uploads\/2026\/09\/1788407769_239_495105d829c71d5ed1733043fc358f476ada339509dd71849cc51f15d86ca355.jpg\" alt=\"\"\/><\/p>\n<p>Simo Halisen samannimiseen romaaniin perustuva Nainen joka katosi on katsottavissa ainoastaan maksullisessa suoratoistopalvelussa. Sen esitysajankohta perinteisen tv:n puolella ei ole viel\u00e4 tiedossa. MTV3<\/p>\n<p class=\"paragraph\">Iljett\u00e4v\u00e4 totuus Erkasta paljastuu kotimaisen j\u00e4nnityssarjan viimeisess\u00e4 jaksossa lopulta my\u00f6s Aarolle ja j\u00e4rkyttyneelle Lindalle. Samalla Maura ottaa ohjat omiin k\u00e4siins\u00e4.<\/p>\n<p class=\"paragraph\">Suomalaisten tv:n katselua mittaavan Finnpanelin mukaan Nainen joka katosi on Katsomo+:n toiseksi katsotuin ohjelma, kun tarkastelussa on 14 vuorokauden ajanjakso. Katsomon <a href=\"https:\/\/www.facebook.com\/mtvkatsomo\" target=\"_blank\" rel=\"noopener nofollow\">Facebookissa<\/a> sit\u00e4 on kehuttu muun muassa huipuksi, olkoonkin, ett\u00e4 arviot ovat aika ristiriitaisia.<\/p>\n<p class=\"paragraph\">\u2013\u2009Kyll\u00e4 t\u00e4h\u00e4n koukkuun j\u00e4i, vaikka on hieman sekava. Mielenkiintoinen kuitenkin, <strong>Rauni<\/strong> esimerkiksi analysoi.<\/p>\n<p>Nime\u00e4\u00e4n vaihtanutta Erkkaa n\u00e4yttelee Pekka Strang. MTV3<\/p>\n<p class=\"paragraph\">Sekavuuteen ovat kiinnitt\u00e4neet muutkin huomiota, tosin toisenlaisin lopputuloksin.<\/p>\n<p class=\"paragraph\">\u2013\u2009Ei iske t\u00e4m\u00e4 sarja nyt yht\u00e4\u00e4n. Ei t\u00e4ss\u00e4 ole p\u00e4\u00e4t\u00e4 eik\u00e4 h\u00e4nt\u00e4\u00e4. Pomppii eestaas. Ei jatkoon, <strong>Hanna<\/strong> tyrm\u00e4\u00e4.<\/p>\n<p class=\"paragraph\">\u2013\u2009Kauheaa scheissea t\u00e4m\u00e4 sarja n\u00e4iden ensimm\u00e4isten jaksojen perusteella. Ei p\u00e4\u00e4t\u00e4, ei h\u00e4nt\u00e4\u00e4 tosiaankaan. Ei pysty katsomaan. Lis\u00e4ksi musiikki sek\u00e4 muut h\u00e4ly\u00e4\u00e4net ovat liian kovalla, ja puhe on hiljaista, <strong>Anne-Marjaana<\/strong> vertaa.<\/p>\n<p class=\"paragraph\">Samaan on kiinnitt\u00e4nyt huomiota my\u00f6s <strong>Katri<\/strong>.<\/p>\n<p class=\"paragraph\">\u2013\u2009Jouduin laittamaan tekstityksen p\u00e4\u00e4lle, koska n\u00e4yttelij\u00f6iden puheesta ei saanut selv\u00e4\u00e4. Taustalla soinut musiikki taas aiheutti l\u00e4hes migreenioireita. Ihme &#8221;huminaa&#8221;, en osaa \u00e4\u00e4nt\u00e4 muulla tavoin kuvata, h\u00e4n kommentoi ja ihmettelee my\u00f6s sarjan sis\u00e4lt\u00f6\u00e4.<\/p>\n<p class=\"paragraph\">Katrin mielest\u00e4 toinen jakso kun on ollut k\u00e4yt\u00e4nn\u00f6ss\u00e4 ensimm\u00e4isen uusinta, tosin ehk\u00e4 hieman toisesta n\u00e4k\u00f6kulmasta. <strong>Timo<\/strong> on pannut saman merkille.<\/p>\n<p class=\"paragraph\">\u2013\u2009Kahteen kertaan samoja otoksia ykk\u00f6s- ja kakkosjaksoissa. Joku ep\u00e4ilee l\u00e4hetysh\u00e4iri\u00f6ksi, mies kirjoittaa somessa.<\/p>\n<p>Synkk\u00e4\u00e4 salaisuutta kantavaa Mauraa tulkitsee Saga Sarkola. MTV3<\/p>\n<p class=\"paragraph\">Toisin kuin Timo ja Katri, <strong>P\u00e4ivi<\/strong> ei ole p\u00e4\u00e4ssyt toiseen osaan saakka.<\/p>\n<p class=\"paragraph\">\u2013\u2009J\u00e4i ensimm\u00e4inen jakso kesken, kun oli huono, h\u00e4n perustelee.<\/p>\n<p class=\"paragraph\">Nainen joka katosi t\u00e4n\u00e4\u00e4n Katsomo+:ssa. <a href=\"https:\/\/www.iltalehti.fi\/telkku\/\" rel=\"nofollow noopener\" target=\"_blank\">Katso kaikki\u00a0TV-ohjelmat ja l\u00e4hetysajat Telkun TV-oppaasta<\/a>.<\/p>\n","protected":false},"excerpt":{"rendered":"Nainen joka katosi p\u00e4\u00e4ttyy t\u00e4n\u00e4\u00e4n. Simo Halisen samannimiseen romaaniin perustuva Nainen joka katosi on katsottavissa ainoastaan maksullisessa suoratoistopalvelussa.&hellip;\n","protected":false},"author":2,"featured_media":340084,"comment_status":"","ping_status":"","sticky":false,"template":"","format":"standard","meta":{"footnotes":"","_share_on_mastodon":"0"},"categories":[5],"tags":[35,153,22,23,26,27,33,31,30,17,24,25,28,29,1616,15,18,21,979,32,19,20,140,139,16],"class_list":["post-340083","post","type-post","status-publish","format-standard","has-post-thumbnail","category-otsikot","tag-24h","tag-audiovisuaalinen-media","tag-breaking-news","tag-breakingnews","tag-featured-news","tag-featurednews","tag-fi","tag-finland","tag-finnish","tag-headlines","tag-latest-news","tag-latestnews","tag-main-news","tag-mainnews","tag-media-viestinta","tag-news","tag-otsikot","tag-paauutiset","tag-sahkoinen-media","tag-suomi","tag-top-stories","tag-topstories","tag-tv-ja-elokuvat","tag-tv-ohjelmat","tag-uutiset"],"share_on_mastodon":{"url":"https:\/\/pubeurope.com\/@fi\/117205099353395565","error":""},"_links":{"self":[{"href":"https:\/\/www.europesays.com\/fi\/wp-json\/wp\/v2\/posts\/340083","targetHints":{"allow":["GET"]}}],"collection":[{"href":"https:\/\/www.europesays.com\/fi\/wp-json\/wp\/v2\/posts"}],"about":[{"href":"https:\/\/www.europesays.com\/fi\/wp-json\/wp\/v2\/types\/post"}],"author":[{"embeddable":true,"href":"https:\/\/www.europesays.com\/fi\/wp-json\/wp\/v2\/users\/2"}],"replies":[{"embeddable":true,"href":"https:\/\/www.europesays.com\/fi\/wp-json\/wp\/v2\/comments?post=340083"}],"version-history":[{"count":0,"href":"https:\/\/www.europesays.com\/fi\/wp-json\/wp\/v2\/posts\/340083\/revisions"}],"wp:featuredmedia":[{"embeddable":true,"href":"https:\/\/www.europesays.com\/fi\/wp-json\/wp\/v2\/media\/340084"}],"wp:attachment":[{"href":"https:\/\/www.europesays.com\/fi\/wp-json\/wp\/v2\/media?parent=340083"}],"wp:term":[{"taxonomy":"category","embeddable":true,"href":"https:\/\/www.europesays.com\/fi\/wp-json\/wp\/v2\/categories?post=340083"},{"taxonomy":"post_tag","embeddable":true,"href":"https:\/\/www.europesays.com\/fi\/wp-json\/wp\/v2\/tags?post=340083"}],"curies":[{"name":"wp","href":"https:\/\/api.w.org\/{rel}","templated":true}]}}