{"id":340087,"date":"2026-09-03T04:17:16","date_gmt":"2026-09-03T04:17:16","guid":{"rendered":"https:\/\/www.europesays.com\/fi\/340087\/"},"modified":"2026-09-03T04:17:16","modified_gmt":"2026-09-03T04:17:16","slug":"dolly-partonin-tahti-walk-of-famella-turmeltiin","status":"publish","type":"post","link":"https:\/\/www.europesays.com\/fi\/340087\/","title":{"rendered":"Dolly Partonin t\u00e4hti Walk of Famella turmeltiin"},"content":{"rendered":"<p><strong class=\"typography-bold\">Dolly Partonin vuonna 1985 Walk of Famelle saama t\u00e4hti kunnostetaan.\u00a0<\/strong><\/p>\n<p>25. elokuuta 80-vuotiaana menehtyneen yhdysvaltalaismuusikon <a class=\"cursor-pointer underline\" data-testid=\"internal-link\" role=\"link\" href=\"https:\/\/www.mtvuutiset.fi\/aihe\/dolly-parton\/7738366\" rel=\"nofollow noopener\" target=\"_blank\"><strong class=\"typography-bold\">Dolly Partonin<\/strong><\/a> t\u00e4hti Hollywoodin legendaarisella Walk of Famella vandalisoitiin.\u00a0<\/p>\n<p><a class=\"underline\" data-testid=\"external-link\" href=\"https:\/\/people.com\/dolly-parton-star-hollywood-walk-of-fame-to-be-replaced-following-vandalism-12076347\" rel=\"noopener nofollow\" target=\"_blank\">People<\/a>-lehden mukaan t\u00e4hte\u00e4 vaihdetaan parhaillaan.\u00a0<\/p>\n<p>Dolly Partonin t\u00e4hden paikka on peitetty suoja-aidoin.<\/p>\n<p><strong class=\"typography-bold\">Lue my\u00f6s: <\/strong><a class=\"cursor-pointer underline\" data-testid=\"internal-link\" role=\"link\" href=\"https:\/\/www.mtvuutiset.fi\/artikkeli\/miley-cyrus-rikkoi-hiljaisuuden-kummitatinsa-dolly-partonin-kuolemasta\/9383894\" rel=\"nofollow noopener\" target=\"_blank\"><strong class=\"typography-bold\">Miley Cyrus rikkoi hiljaisuuden kummit\u00e4tins\u00e4 Dolly Partonin kuolemasta<\/strong><\/a><\/p>\n<p>T\u00e4hti t\u00e4yttyi nopeasti Partonin kuoleman j\u00e4lkeen kukista ja kynttil\u00f6ist\u00e4.\/All Over Press<\/p>\n<p><a class=\"underline\" data-testid=\"external-link\" href=\"https:\/\/www.cbsnews.com\/losangeles\/news\/dolly-parton-hollywood-walk-of-fame-star-repairs\/\" rel=\"noopener nofollow\" target=\"_blank\">CBS<\/a>-julkaisun mukaan Dolly Partonin nime\u00e4 oli raaputettu t\u00e4hdest\u00e4. Parton sai t\u00e4hden kuuluisalle kadulle vuonna 1985.\u00a0<\/p>\n<p>T\u00e4hti olikin kulunut vuosien saatossa ja kunnostusta oli suunniteltu.\u00a0<\/p>\n<p>Parton menehtyi sy\u00f6p\u00e4\u00e4n. H\u00e4nen hautajaisensa j\u00e4rjestettiin perjantaina 28. elokuuta.\u00a0<\/p>\n","protected":false},"excerpt":{"rendered":"Dolly Partonin vuonna 1985 Walk of Famelle saama t\u00e4hti kunnostetaan.\u00a0 25. elokuuta 80-vuotiaana menehtyneen yhdysvaltalaismuusikon Dolly Partonin t\u00e4hti&hellip;\n","protected":false},"author":2,"featured_media":340088,"comment_status":"","ping_status":"","sticky":false,"template":"","format":"standard","meta":{"footnotes":"","_share_on_mastodon":"0"},"categories":[130],"tags":[137,33,31,30,32,109],"class_list":["post-340087","post","type-post","status-publish","format-standard","has-post-thumbnail","category-viihde","tag-entertainment","tag-fi","tag-finland","tag-finnish","tag-suomi","tag-viihde"],"share_on_mastodon":{"url":"https:\/\/pubeurope.com\/@fi\/117205181912224051","error":""},"_links":{"self":[{"href":"https:\/\/www.europesays.com\/fi\/wp-json\/wp\/v2\/posts\/340087","targetHints":{"allow":["GET"]}}],"collection":[{"href":"https:\/\/www.europesays.com\/fi\/wp-json\/wp\/v2\/posts"}],"about":[{"href":"https:\/\/www.europesays.com\/fi\/wp-json\/wp\/v2\/types\/post"}],"author":[{"embeddable":true,"href":"https:\/\/www.europesays.com\/fi\/wp-json\/wp\/v2\/users\/2"}],"replies":[{"embeddable":true,"href":"https:\/\/www.europesays.com\/fi\/wp-json\/wp\/v2\/comments?post=340087"}],"version-history":[{"count":0,"href":"https:\/\/www.europesays.com\/fi\/wp-json\/wp\/v2\/posts\/340087\/revisions"}],"wp:featuredmedia":[{"embeddable":true,"href":"https:\/\/www.europesays.com\/fi\/wp-json\/wp\/v2\/media\/340088"}],"wp:attachment":[{"href":"https:\/\/www.europesays.com\/fi\/wp-json\/wp\/v2\/media?parent=340087"}],"wp:term":[{"taxonomy":"category","embeddable":true,"href":"https:\/\/www.europesays.com\/fi\/wp-json\/wp\/v2\/categories?post=340087"},{"taxonomy":"post_tag","embeddable":true,"href":"https:\/\/www.europesays.com\/fi\/wp-json\/wp\/v2\/tags?post=340087"}],"curies":[{"name":"wp","href":"https:\/\/api.w.org\/{rel}","templated":true}]}}