{"id":340091,"date":"2026-09-03T04:21:13","date_gmt":"2026-09-03T04:21:13","guid":{"rendered":"https:\/\/www.europesays.com\/fi\/340091\/"},"modified":"2026-09-03T04:21:13","modified_gmt":"2026-09-03T04:21:13","slug":"venajan-armeija-muki-paljastui-saksalaispoliitikon-toimistosta-yritti-estaa-videon-julkaisun","status":"publish","type":"post","link":"https:\/\/www.europesays.com\/fi\/340091\/","title":{"rendered":"\u201dVen\u00e4j\u00e4n armeija\u201d -muki paljastui saksalaispoliitikon toimistosta \u2013 yritti est\u00e4\u00e4 videon julkaisun"},"content":{"rendered":"<p>\u00c4\u00e4rioikeistopoliitikko joutui Ven\u00e4j\u00e4-kohun keskelle juuri ennen t\u00e4rkeit\u00e4 osavaltiovaaleja, joissa AfD-puolue saattaa nousta valtaan.<\/p>\n<p class=\"article-body mb-(--paragraph-margin-b) px-nof-16\">Saksassa on noussut kohu punat\u00e4hdell\u00e4 koristellusta mukista, jossa lukee \u201dVen\u00e4j\u00e4n armeija\u201d.<\/p>\n<p class=\"article-body mb-(--paragraph-margin-b) px-nof-16\">Muki l\u00f6ytyi Saksi-Anhaltin osavaltion AfD-puolueen johtoon kuuluvan <a class=\"font-bold underline-offset-[0.12em] [text-decoration:var(--person-link-text-decoration)] [text-decoration-color:var(--person-link-text-decoration-color)]!\" href=\"https:\/\/www.is.fi\/haku\/?query=Hans-Thomas%20Tillschneiderin\" rel=\"nofollow noopener\" target=\"_blank\">Hans-Thomas Tillschneiderin <\/a>vaalitoimiston hyllyn p\u00e4\u00e4lt\u00e4 lehtihaastattelun yhteydess\u00e4 viime viikolla.<\/p>\n<p class=\"article-body mb-(--paragraph-margin-b) px-nof-16\">\u00c4\u00e4rioikeistopoliitikko selitti saaneensa sen lahjaksi eik\u00e4 ollut halunnut luopua siit\u00e4.<\/p>\n<p class=\"article-body mb-(--paragraph-margin-b) px-nof-16\">Kun toimittaja tivasi, miksi Tillschneider s\u00e4ilytt\u00e4\u00e4 esinett\u00e4 armeijalta, joka hy\u00f6kk\u00e4\u00e4 Ukrainaan ja k\u00e4y hybridisotaa Saksaa vastaan, ja mit\u00e4 h\u00e4n ajattelee n\u00e4ist\u00e4, vastaus kuului:<\/p>\n<p class=\"article-body mb-(--paragraph-margin-b) px-nof-16\">\u2013 Ukrainan sota ei ole meid\u00e4n sotamme.<\/p>\n<p class=\"article-body mb-(--paragraph-margin-b) px-nof-16\">H\u00e4n kiirehti v\u00e4h\u00e4ttelem\u00e4\u00e4n mukin merkityst\u00e4 ja selitt\u00e4m\u00e4\u00e4n my\u00f6s, ett\u00e4 ei tue sen paremmin Ven\u00e4j\u00e4n kuin Ukrainankaan armeijaa.<\/p>\n<p class=\"article-body mb-(--paragraph-margin-b) px-nof-16\">Haastattelun j\u00e4lkeen \u00e4\u00e4rioikeistopoliitikko yritti kuitenkin asianajajan v\u00e4lityksell\u00e4 est\u00e4\u00e4 videon julkaisun.<\/p>\n<p class=\"article-body mb-(--paragraph-margin-b) px-nof-16\">Saksan laajalevikkisin lehti <a class=\"underline underline-offset-[0.12em] [text-decoration-thickness:var(--generic-link-underline-thickness)] [text-decoration-color:var(--generic-link-underline-color)] [text-decoration-skip-ink:var(--generic-link-underline-skip-ink)] break-words\" href=\"https:\/\/www.bild.de\/politik\/inland\/hat-spezielles-geschenk-im-buero-afd-politiker-wollte-dieses-video-stoppen-6a929ec027cdbc5135d06b35\" rel=\"nofollow noopener\" target=\"_blank\">Bild <\/a>julkaisi sen siit\u00e4 huolimatta, ja skandaali oli valmis.<\/p>\n<p class=\"article-body mb-(--paragraph-margin-b) px-nof-16\">My\u00f6s Bildin toimittaja <a class=\"font-bold underline-offset-[0.12em] [text-decoration:var(--person-link-text-decoration)] [text-decoration-color:var(--person-link-text-decoration-color)]!\" href=\"https:\/\/www.is.fi\/haku\/?query=Paul%20Ronzheimer\" rel=\"nofollow noopener\" target=\"_blank\">Paul Ronzheimer <\/a>julkaisi X:ss\u00e4 mukivideon ja sananvaihdon Tillschneiderin kanssa:<\/p>\n<p>Vaalisuosikki<\/p>\n<p class=\"article-body mb-(--paragraph-margin-b) px-nof-16\">Muki joutui huomion keskipisteeksi, koska Saksa valmistautuu jopa kohtalokkaiksi luonnehdittuihin vaaleihin it\u00e4isess\u00e4 Saksi-Anhaltin osavaltiossa ensi sunnuntaina.<\/p>\n<p class=\"article-body mb-(--paragraph-margin-b) px-nof-16\">Ensimm\u00e4ist\u00e4 kertaa on mahdollista, ett\u00e4 \u00e4\u00e4rioikeistolainen Vaihtoehto Saksalle (AfD) -puolue nappaa niin ison \u00e4\u00e4niosuuden, ett\u00e4 se pystyy yksin muodostamaan osavaltion hallituksen.<\/p>\n<p class=\"article-body mb-(--paragraph-margin-b) px-nof-16\">Saksi-Anhaltin AfD-puolueen kulttuuri- ja koulutuspolitiikasta vastaava Tillschneider nousisi todenn\u00e4k\u00f6isesti ministeriksi ja p\u00e4\u00e4sisi muovaamaan osavaltion koulutuspolitiikkaa.<\/p>\n<p class=\"article-body mb-(--paragraph-margin-b) px-nof-16\">Tillschneider on Reutersin mukaan maalaillut uutta \u201dpatrioottista kulttuuripolitiikkaa\u201d, jossa kouluissa opetettaisiin esimerkiksi enemm\u00e4n Saksan suurvalta-ajan historiaa 1800-luvulta ja opetussuunnitelmista karsittaisiin \u201dkaikki ylim\u00e4\u00e4r\u00e4inen\u201d.<\/p>\n<p><img decoding=\"async\" src=\"https:\/\/www.europesays.com\/fi\/wp-content\/uploads\/2026\/09\/1788409272_370_468.jpg\" alt=\"Tillschneiderin suunnitelmat koulutuksen uudistamiseksi Saksi-Anhaltin osavaltiossa Saksassa ovat her\u00e4tt\u00e4neet laajaa huolta.\" class=\"_Img_1rerz_1\" style=\"aspect-ratio:1920\/1280\" loading=\"eager\"\/><\/p>\n<p class=\"font-(family-name:--picture-caption-font-family) text-(length:--picture-caption-font-size) leading-(--picture-caption-leading) font-(--picture-caption-font-weight) text-(color:--picture-caption-color) picture-with-caption__caption picture-with-caption__caption--default-full\">Tillschneiderin suunnitelmat koulutuksen uudistamiseksi Saksi-Anhaltin osavaltiossa Saksassa ovat her\u00e4tt\u00e4neet laajaa huolta. Kuva:\u00a0Christian Mang<\/p>\n<p class=\"article-body mb-(--paragraph-margin-b) px-nof-16\">Puolueohjelman mukaan ven\u00e4j\u00e4n kielen opetuksen asemaa osavaltiossa parannettaisiin \u2013 kuten my\u00f6s suhteita Ven\u00e4j\u00e4\u00e4n.<\/p>\n<p class=\"article-body mb-(--paragraph-margin-b) px-nof-16\">AfD tunnetaan Ven\u00e4j\u00e4-mielisyydest\u00e4\u00e4n, mutta se on pyrkinyt valtakunnan tasolla v\u00e4ltt\u00e4m\u00e4\u00e4n isompia kohuja Ukrainan sodan aikana.<\/p>\n<p class=\"article-body mb-(--paragraph-margin-b) px-nof-16\">Tillschneider kuului AfD-poliitikkoihin, jotka matkustivat vuonna 2022 Ven\u00e4j\u00e4lle ja aikoivat vierailla my\u00f6s It\u00e4-Ukrainan miehitetyill\u00e4 alueilla. Kohun vuoksi matka kuitenkin keskeytettiin.<\/p>\n<p class=\"article-body mb-(--paragraph-margin-b) px-nof-16\">Viime vuonna Tillschneider osallistui Ven\u00e4j\u00e4n suurl\u00e4hetyst\u00f6ss\u00e4 <a class=\"font-bold underline-offset-[0.12em] [text-decoration:var(--person-link-text-decoration)] [text-decoration-color:var(--person-link-text-decoration-color)]!\" href=\"https:\/\/www.is.fi\/haku\/?query=Vladimir%20Putinin\" rel=\"nofollow noopener\" target=\"_blank\">Vladimir Putinin <\/a>syntym\u00e4p\u00e4iv\u00e4n kunniaksi j\u00e4rjestettyihin juhliin.<\/p>\n<p><img decoding=\"async\" src=\"https:\/\/www.europesays.com\/fi\/wp-content\/uploads\/2026\/09\/1788409273_525_468.jpg\" alt=\"AfD:n tilaisuuteen Naumburgissa elokuussa osallistunut saksalaismies oli pukenut ylleen paidan, jossa luki Vladimir Vladimirovitsh Putin.\" class=\"_Img_1rerz_1\" style=\"aspect-ratio:1920\/1279\" loading=\"eager\"\/><\/p>\n<p class=\"font-(family-name:--picture-caption-font-family) text-(length:--picture-caption-font-size) leading-(--picture-caption-leading) font-(--picture-caption-font-weight) text-(color:--picture-caption-color) picture-with-caption__caption picture-with-caption__caption--default-full\">AfD:n tilaisuuteen Naumburgissa elokuussa osallistunut saksalaismies oli pukenut ylleen paidan, jossa luki Vladimir Vladimirovitsh Putin. Kuva:\u00a0Annegret Hilse<\/p>\n<p class=\"article-body mb-(--paragraph-margin-b) px-nof-16\">H\u00e4n pit\u00e4\u00e4 kohua mukista ylimitoitettuna.<\/p>\n<p class=\"article-body mb-(--paragraph-margin-b) px-nof-16\">\u2013 Se on matkamuisto Ven\u00e4j\u00e4n-matkalta vuonna 2023 tai 2024, ja matkasta on uutisoitu aiemminkin, h\u00e4n selitti my\u00f6hemmin.<\/p>\n<p class=\"article-body mb-(--paragraph-margin-b) px-nof-16\">\u2013 Emme ymm\u00e4rr\u00e4 t\u00e4t\u00e4 skandaalia.<\/p>\n<p class=\"article-body mb-(--paragraph-margin-b) px-nof-16\">Saksalaismedian mukaan mustaa punat\u00e4htimukia ven\u00e4j\u00e4nkielisell\u00e4 tekstill\u00e4 myyd\u00e4\u00e4n my\u00f6s verkkokaupoissa, joissa sit\u00e4 on yhdistetty Ven\u00e4j\u00e4n puolustusministeri\u00f6\u00f6n.<\/p>\n<p>Ven\u00e4j\u00e4-my\u00f6nteinen<\/p>\n<p class=\"article-body mb-(--paragraph-margin-b) px-nof-16\">AfD:n nousu on nostattanut huolta ja kiihke\u00e4\u00e4 poliittista keskustelua maassa, joka yh\u00e4 kipuilee natsi-Saksan perinn\u00f6n kanssa.<\/p>\n<p class=\"article-body mb-(--paragraph-margin-b) px-nof-16\">Saksan tiedustelupalvelu luokitteli AfD:n demokratiaa uhkaavaksi \u00e4\u00e4rij\u00e4rjest\u00f6ksi sen tiukan maahanmuuttovastaisen politiikan vuoksi. Ajoittain on v\u00e4l\u00e4ytelty jopa puolueen kielt\u00e4mist\u00e4 perustuslain vastaisena.<\/p>\n<p class=\"article-body mb-(--paragraph-margin-b) px-nof-16\">Puolueen j\u00e4senet ovat toistuvasti joutuneet kohujen keskelle natsisympatioidensa takia.<\/p>\n<p class=\"article-body mb-(--paragraph-margin-b) px-nof-16\">Viime vuosina my\u00f6s AfD:n Ven\u00e4j\u00e4-sympatiat ovat joutuneet syyniin.<\/p>\n<p class=\"article-body mb-(--paragraph-margin-b) px-nof-16\">Puolue vastustaa tukea Ukrainalle. Saksi-Anhaltin puoluejaos on aikeissa yritt\u00e4\u00e4 est\u00e4\u00e4 tuen jatkamisen valtaan p\u00e4\u00e4sty\u00e4\u00e4n. P\u00e4\u00e4t\u00f6kset tehd\u00e4\u00e4n kuitenkin liittovaltiotasolla, joten on ep\u00e4selv\u00e4\u00e4, mill\u00e4 keinolla tukea voitaisiin kampittaa.<\/p>\n<p><img decoding=\"async\" src=\"https:\/\/www.europesays.com\/fi\/wp-content\/uploads\/2026\/09\/1788409273_14_468.jpg\" alt=\"AfD-puolueen Saksi-Anhaltin jaoston johtaja Ulrich Siegmund tapasi \u00e4\u00e4nest\u00e4ji\u00e4 maanantaina. Siegmund saattaa nousta ensimm\u00e4iseksi AfD:n osavaltiop\u00e4\u00e4ministeriksi ensi sunnuntain vaalien j\u00e4lkeen.\" class=\"_Img_1rerz_1\" style=\"aspect-ratio:1920\/1381\" loading=\"eager\"\/><\/p>\n<p class=\"font-(family-name:--picture-caption-font-family) text-(length:--picture-caption-font-size) leading-(--picture-caption-leading) font-(--picture-caption-font-weight) text-(color:--picture-caption-color) picture-with-caption__caption picture-with-caption__caption--default-full\">AfD-puolueen Saksi-Anhaltin jaoston johtaja Ulrich Siegmund tapasi \u00e4\u00e4nest\u00e4ji\u00e4 maanantaina. Siegmund saattaa nousta ensimm\u00e4iseksi AfD:n osavaltiop\u00e4\u00e4ministeriksi ensi sunnuntain vaalien j\u00e4lkeen. Kuva:\u00a0Thilo Schmuelgen<\/p>\n<p class=\"article-body mb-(--paragraph-margin-b) px-nof-16\">Saksi-Anhaltin AfD:n kannatusluvut mittauksissa ovat 40\u201343 prosentin luokkaa Vaalij\u00e4rjestelm\u00e4n takia se saattaa saada enemmist\u00f6n osavaltioparlamentissa, jos useampi pieni puolue j\u00e4\u00e4 \u00e4\u00e4nikynnyksen alle ja putoaa pois.<\/p>\n<p class=\"article-body mb-(--paragraph-margin-b) px-nof-16\">Aiemmin kaikki puolueet ovat kielt\u00e4ytyneet yhteisty\u00f6st\u00e4 AfD:n kanssa, mutta yksin enemmist\u00f6asemassa sen ei tarvitsisi v\u00e4litt\u00e4\u00e4 muista.<\/p>\n<p class=\"article-body mb-(--paragraph-margin-b) px-nof-16\">Ven\u00e4j\u00e4 on Saksassa juuri vaalien alla polttava puheenaihe.<\/p>\n<p class=\"article-body mb-(--paragraph-margin-b) px-nof-16\">Leipzigissa l\u00f6ytyi vastik\u00e4\u00e4n r\u00e4j\u00e4hdelennokki l\u00e4helt\u00e4 rahtilentokonetta, jota k\u00e4ytettiin asekuljetuksiin Ukrainaan.<\/p>\n<p class=\"article-body mb-(--paragraph-margin-b) px-nof-16\">Tiistaina Saksa syytti virallisesti Ven\u00e4j\u00e4\u00e4 osuudesta sabotaasiyritykseen ja muun muassa sulki Ven\u00e4j\u00e4n konsulaatin Bonnissa. Saksa ajaa my\u00f6s lis\u00e4pakotteita Ven\u00e4j\u00e4lle EU:ssa.<\/p>\n<p class=\"article-body mb-(--paragraph-margin-b) px-nof-16\">Saksi-Anhaltin AfD-johtajan ja mahdollisen tulevan p\u00e4\u00e4ministerin <a class=\"font-bold underline-offset-[0.12em] [text-decoration:var(--person-link-text-decoration)] [text-decoration-color:var(--person-link-text-decoration-color)]!\" href=\"https:\/\/www.is.fi\/haku\/?query=Ulrich%20Siegmundin\" rel=\"nofollow noopener\" target=\"_blank\">Ulrich Siegmundin <\/a>vastaus oli toinen.<\/p>\n<p class=\"article-body mb-(--paragraph-margin-b) px-nof-16\">\u2013 Nyt tarvitaan diplomatiaa, ei pakotteita, h\u00e4n kommentoi tiistaina.<\/p>\n","protected":false},"excerpt":{"rendered":"\u00c4\u00e4rioikeistopoliitikko joutui Ven\u00e4j\u00e4-kohun keskelle juuri ennen t\u00e4rkeit\u00e4 osavaltiovaaleja, joissa AfD-puolue saattaa nousta valtaan. Saksassa on noussut kohu punat\u00e4hdell\u00e4&hellip;\n","protected":false},"author":2,"featured_media":340092,"comment_status":"","ping_status":"","sticky":false,"template":"","format":"standard","meta":{"footnotes":"","_share_on_mastodon":"0"},"categories":[14],"tags":[22,23,26,27,33,31,30,17,34,24,25,28,29,15,18,21,32,19,20,56,16,59,60,61],"class_list":["post-340091","post","type-post","status-publish","format-standard","has-post-thumbnail","category-ulkomaat","tag-breaking-news","tag-breakingnews","tag-featured-news","tag-featurednews","tag-fi","tag-finland","tag-finnish","tag-headlines","tag-ilta-sanomat","tag-latest-news","tag-latestnews","tag-main-news","tag-mainnews","tag-news","tag-otsikot","tag-paauutiset","tag-suomi","tag-top-stories","tag-topstories","tag-ulkomaat","tag-uutiset","tag-world","tag-world-news","tag-worldnews"],"share_on_mastodon":{"url":"https:\/\/pubeurope.com\/@fi\/117205197787208061","error":""},"_links":{"self":[{"href":"https:\/\/www.europesays.com\/fi\/wp-json\/wp\/v2\/posts\/340091","targetHints":{"allow":["GET"]}}],"collection":[{"href":"https:\/\/www.europesays.com\/fi\/wp-json\/wp\/v2\/posts"}],"about":[{"href":"https:\/\/www.europesays.com\/fi\/wp-json\/wp\/v2\/types\/post"}],"author":[{"embeddable":true,"href":"https:\/\/www.europesays.com\/fi\/wp-json\/wp\/v2\/users\/2"}],"replies":[{"embeddable":true,"href":"https:\/\/www.europesays.com\/fi\/wp-json\/wp\/v2\/comments?post=340091"}],"version-history":[{"count":0,"href":"https:\/\/www.europesays.com\/fi\/wp-json\/wp\/v2\/posts\/340091\/revisions"}],"wp:featuredmedia":[{"embeddable":true,"href":"https:\/\/www.europesays.com\/fi\/wp-json\/wp\/v2\/media\/340092"}],"wp:attachment":[{"href":"https:\/\/www.europesays.com\/fi\/wp-json\/wp\/v2\/media?parent=340091"}],"wp:term":[{"taxonomy":"category","embeddable":true,"href":"https:\/\/www.europesays.com\/fi\/wp-json\/wp\/v2\/categories?post=340091"},{"taxonomy":"post_tag","embeddable":true,"href":"https:\/\/www.europesays.com\/fi\/wp-json\/wp\/v2\/tags?post=340091"}],"curies":[{"name":"wp","href":"https:\/\/api.w.org\/{rel}","templated":true}]}}