{"id":340093,"date":"2026-09-03T04:22:12","date_gmt":"2026-09-03T04:22:12","guid":{"rendered":"https:\/\/www.europesays.com\/fi\/340093\/"},"modified":"2026-09-03T04:22:12","modified_gmt":"2026-09-03T04:22:12","slug":"vohlisaarentien-katualueen-muodostaminen-etenee-palkaneella-sydan-hameen-lehti","status":"publish","type":"post","link":"https:\/\/www.europesays.com\/fi\/340093\/","title":{"rendered":"Vohlisaarentien katualueen muodostaminen etenee P\u00e4lk\u00e4neell\u00e4 &#8211; Syd\u00e4n-H\u00e4meen Lehti"},"content":{"rendered":"<ol>\n<li><a href=\"https:\/\/news.google.com\/rss\/articles\/CBMijwFBVV95cUxQaXYtSU5ZVThlQWpMSE5FbUVqV3lvUlFHUTU3c0swMGNYZVR5UUU0b1BJVmRha2FJc1hLRjRGQ3BfdGtSUjBnOUh5TS1JT3NEcFZLeDFtTHJpUE45amktcXl3QXlyX09Qdkh3SG02enU2cXFWYjZNNlZRa2hQa1gwdm9WdFA5SUVxYmRsYVFHWQ?oc=5\" target=\"_blank\" rel=\"nofollow noopener\">Vohlisaarentien katualueen muodostaminen etenee P\u00e4lk\u00e4neell\u00e4<\/a>&nbsp;&nbsp;Syd\u00e4n-H\u00e4meen Lehti<\/li>\n<li><a href=\"https:\/\/news.google.com\/rss\/articles\/CBMif0FVX3lxTE1fSi1zWWFKbjFLTzBWekc4Q3JuUkl6TnZ6LWM0cm9oQkkxOTZmOHpVTkJNRG9qUXhMV1pvdnVQOXNEV1J2aTVuNXpuaXFnazg4TWI2WnhOLUgzLUpDdEpLM2kxUHZkSE9MV3RUeEJaWU82cVpUbTJWNWFJZ3lNR0k?oc=5\" target=\"_blank\" rel=\"nofollow noopener\">Karoliina Partaselta suora sivallus Riikka Purralle \u2013 \u201dHalpa selitys\u201d<\/a>&nbsp;&nbsp;Iltalehti<\/li>\n<li><a href=\"https:\/\/news.google.com\/rss\/articles\/CBMihwFBVV95cUxObGlCcDNRUVF3aUZycDVoVDFBTW1faXF1REUtWnlBYzZNWnJ4ZFdEU1FtaXJJQUJzb1ZJTll4d2wyUi0tcW1kXzVFVTMxWjY5WGR1cHFOSnN4NjJNX092c2VzSkNreHJXMXlPeFRsQmtZY0Y2a1FaMGtCb01tOHcwcy03a1hsbU0?oc=5\" target=\"_blank\" rel=\"nofollow noopener\">Nuorten somekielto ei edennyt \u2013 perussuomalaiset eri mielt\u00e4<\/a>&nbsp;&nbsp;Demokraatti.fi<\/li>\n<li><a href=\"https:\/\/news.google.com\/rss\/articles\/CBMiXEFVX3lxTE5SZ0ROTWFraWFjUU1BQ1AweGRQMGFFMUl5SFZEd29xZEk1bnd5X0JwZERnNjE2RjZfcVhqTTE0ODlrRlJlMXVySHE4bXpfcENTMHo5Mm8yVXZBMXFp?oc=5\" target=\"_blank\" rel=\"nofollow noopener\">Kolumni | Sosiaalinen media pit\u00e4isi kielt\u00e4\u00e4 nuorilta samaan tapaan kuin tupakka<\/a>&nbsp;&nbsp;HS.fi<\/li>\n<li><a href=\"https:\/\/news.google.com\/rss\/articles\/CBMikAFBVV95cUxPLXBkSk10b0l2OU0wcTFBTkJld2NPRmFHRmd0bGpBSThuMEN4ZHJ2RExpMjFadWpGbXozNEZGRExzLWU4MmNBM19XYzJGS0p5Qkg0OXF5cVJpd3U4Tk5xazM4bGpWdkxPQUlSbHlmWVVaYUFjUXhTN1Q3dUZFN2Q5MGJ1OE1LTXVIU1ZCSXJGN1M?oc=5\" target=\"_blank\" rel=\"nofollow noopener\">Kangasalle jo viidennen kerran Hyv\u00e4n mielen ty\u00f6paikka -merkki<\/a>&nbsp;&nbsp;Syd\u00e4n-H\u00e4meen Lehti<\/li>\n<\/ol>\n","protected":false},"excerpt":{"rendered":"Vohlisaarentien katualueen muodostaminen etenee P\u00e4lk\u00e4neell\u00e4&nbsp;&nbsp;Syd\u00e4n-H\u00e4meen Lehti Karoliina Partaselta suora sivallus Riikka Purralle \u2013 \u201dHalpa selitys\u201d&nbsp;&nbsp;Iltalehti Nuorten somekielto ei&hellip;\n","protected":false},"author":2,"featured_media":340094,"comment_status":"","ping_status":"","sticky":false,"template":"","format":"standard","meta":{"footnotes":"","_share_on_mastodon":"0"},"categories":[12],"tags":[22,23,26,27,33,31,30,17,24,25,28,29,15,18,21,41947,32,19,20,16],"class_list":["post-340093","post","type-post","status-publish","format-standard","has-post-thumbnail","category-suomi","tag-breaking-news","tag-breakingnews","tag-featured-news","tag-featurednews","tag-fi","tag-finland","tag-finnish","tag-headlines","tag-latest-news","tag-latestnews","tag-main-news","tag-mainnews","tag-news","tag-otsikot","tag-paauutiset","tag-palkaneen-tekninen-lautakunta","tag-suomi","tag-top-stories","tag-topstories","tag-uutiset"],"share_on_mastodon":{"url":"https:\/\/pubeurope.com\/@fi\/117205201823299860","error":""},"_links":{"self":[{"href":"https:\/\/www.europesays.com\/fi\/wp-json\/wp\/v2\/posts\/340093","targetHints":{"allow":["GET"]}}],"collection":[{"href":"https:\/\/www.europesays.com\/fi\/wp-json\/wp\/v2\/posts"}],"about":[{"href":"https:\/\/www.europesays.com\/fi\/wp-json\/wp\/v2\/types\/post"}],"author":[{"embeddable":true,"href":"https:\/\/www.europesays.com\/fi\/wp-json\/wp\/v2\/users\/2"}],"replies":[{"embeddable":true,"href":"https:\/\/www.europesays.com\/fi\/wp-json\/wp\/v2\/comments?post=340093"}],"version-history":[{"count":0,"href":"https:\/\/www.europesays.com\/fi\/wp-json\/wp\/v2\/posts\/340093\/revisions"}],"wp:featuredmedia":[{"embeddable":true,"href":"https:\/\/www.europesays.com\/fi\/wp-json\/wp\/v2\/media\/340094"}],"wp:attachment":[{"href":"https:\/\/www.europesays.com\/fi\/wp-json\/wp\/v2\/media?parent=340093"}],"wp:term":[{"taxonomy":"category","embeddable":true,"href":"https:\/\/www.europesays.com\/fi\/wp-json\/wp\/v2\/categories?post=340093"},{"taxonomy":"post_tag","embeddable":true,"href":"https:\/\/www.europesays.com\/fi\/wp-json\/wp\/v2\/tags?post=340093"}],"curies":[{"name":"wp","href":"https:\/\/api.w.org\/{rel}","templated":true}]}}