{"id":340095,"date":"2026-09-03T04:23:14","date_gmt":"2026-09-03T04:23:14","guid":{"rendered":"https:\/\/www.europesays.com\/fi\/340095\/"},"modified":"2026-09-03T04:23:14","modified_gmt":"2026-09-03T04:23:14","slug":"minttu-murphy-kaulanen-opettaa-tytartaan-kotikoulussa-suorat-sanat-arvostelijoille","status":"publish","type":"post","link":"https:\/\/www.europesays.com\/fi\/340095\/","title":{"rendered":"Minttu Murphy-Kaulanen opettaa tyt\u00e4rt\u00e4\u00e4n kotikoulussa \u2013 suorat sanat arvostelijoille:"},"content":{"rendered":"<p>Minttu Murphy-Kaulanen opettaa seiskaluokkalaista tyt\u00e4rt\u00e4\u00e4n kotikoulussa. H\u00e4n sanoo suorat sanat kotikoulun arvostelijoille ja kertoo, miten se on hy\u00f6dytt\u00e4nyt h\u00e4nen perhett\u00e4\u00e4n.<\/p>\n<p class=\"article-body mb-(--paragraph-margin-b) px-nof-16\">Yritt\u00e4j\u00e4 <a class=\"font-bold underline-offset-[0.12em] [text-decoration:var(--person-link-text-decoration)] [text-decoration-color:var(--person-link-text-decoration-color)]!\" href=\"https:\/\/www.is.fi\/haku\/?query=Michele%20%E2%80%9DMinttu%E2%80%9D%20Murphy-Kaulasen\" rel=\"nofollow noopener\" target=\"_blank\">Michele \u201dMinttu\u201d Murphy-Kaulasen<\/a> tyt\u00e4r <a class=\"font-bold underline-offset-[0.12em] [text-decoration:var(--person-link-text-decoration)] [text-decoration-color:var(--person-link-text-decoration-color)]!\" href=\"https:\/\/www.is.fi\/haku\/?query=Rianna\" rel=\"nofollow noopener\" target=\"_blank\">Rianna<\/a>, 12, aloitti syksyll\u00e4 seitsem\u00e4nnen luokan. Koulurakennukseen Rianna ei monien ik\u00e4tovereidensa tapaan suunnannut, sill\u00e4 h\u00e4n k\u00e4y kotikoulua.<\/p>\n<p class=\"article-body mb-(--paragraph-margin-b) px-nof-16\">Opetuksesta vastaa Minttu Murphy-Kaulanen.<\/p>\n<p class=\"article-body mb-(--paragraph-margin-b) px-nof-16\">H\u00e4n kokee, ett\u00e4 kouluissa opetetaan hyvien ja oikeiden asioiden lis\u00e4ksi my\u00f6s paljon turhia asioita, joita lapsi ei tarvitse el\u00e4m\u00e4ss\u00e4\u00e4n.<\/p>\n<p class=\"article-body mb-(--paragraph-margin-b) px-nof-16\">\u2013 En tied\u00e4, tekeek\u00f6 h\u00e4n 1700-luvun sotahistorialla yht\u00e4\u00e4n mit\u00e4\u00e4n, jos h\u00e4nt\u00e4 ei se asia varsinaisesti kiinnosta, Murphy-Kaulanen sanoo.<\/p>\n<p class=\"article-body mb-(--paragraph-margin-b) px-nof-16\">\u2013 Ja sitten on sellaisia asioita, mit\u00e4 h\u00e4n oikeasti tarvitsee. Esimerkiksi verosuunnittelu, lainan lyhennys, sijoittaminen ja s\u00e4\u00e4st\u00e4minen.<\/p>\n<p class=\"article-body mb-(--paragraph-margin-b) px-nof-16\">Ensimm\u00e4inen kotikoulukokeilu Kaulasten perheess\u00e4 tehtiin, kun Rianna oli viidennell\u00e4 luokalla. Perhe matkusti tuolloin pidemp\u00e4\u00e4n Aasiassa.<\/p>\n<p class=\"article-body mb-(--paragraph-margin-b) px-nof-16\">\u2013 Se meni tosi hyvin, ja huomasi selke\u00e4sti, ett\u00e4 tietynlainen opiskeluinto palautui, Murphy-Kaulanen sanoo.<\/p>\n<p class=\"article-body mb-(--paragraph-margin-b) px-nof-16\">Ennen t\u00e4t\u00e4 Murphy-Kaulanen oli huomannut tytt\u00e4rens\u00e4 olevan v\u00e4synyt ja ylistimuloitunut.<\/p>\n<p class=\"article-body mb-(--paragraph-margin-b) px-nof-16\">Toive kokonaan kotiopetukseen siirtymisest\u00e4 tuli Riannalta. Kuudetta luokaa edelt\u00e4v\u00e4n\u00e4 kes\u00e4n\u00e4 tyt\u00e4r kyseli Murphy-Kaulasen mukaan jatkuvasti, voisiko h\u00e4n k\u00e4yd\u00e4 kotikoulua.<\/p>\n<p class=\"article-body mb-(--paragraph-margin-b) px-nof-16\">Aivan silt\u00e4 istumalta Murphy-Kaulanen ei my\u00f6ntynyt. Ajatuksen piti kypsy\u00e4 parin kuukauden ajan, tietyin ehdoin. Osittain my\u00f6nteiseen p\u00e4\u00e4t\u00f6kseen vaikutti my\u00f6s yl\u00e4asteen sijainti 40 kilometrin p\u00e4\u00e4ss\u00e4 perheen kotoa.<\/p>\n<p class=\"article-body mb-(--paragraph-margin-b) px-nof-16\">\u2013 Annoin my\u00f6ten, ett\u00e4 jos marraskuuhun saakka menee koulussa ok, niin voidaan harkita.<\/p>\n<p class=\"article-body mb-(--paragraph-margin-b) px-nof-16\">Niin k\u00e4vi, ja marraskuussa 2025 Rianna siirtyi kotiopetukseen. Murphy-Kaulasen puoliso ja Riannan is\u00e4, yritt\u00e4j\u00e4 ja mediapersoona <a class=\"font-bold underline-offset-[0.12em] [text-decoration:var(--person-link-text-decoration)] [text-decoration-color:var(--person-link-text-decoration-color)]!\" href=\"https:\/\/www.is.fi\/haku\/?query=Sampo%20Kaulanen\" rel=\"nofollow noopener\" target=\"_blank\">Sampo Kaulanen<\/a> ei osallistu opetukseen.<\/p>\n<p class=\"article-body mb-(--paragraph-margin-b) px-nof-16\">\u2013 Ei helvetiss\u00e4, Murphy-Kaulanen sanoo nauraen.<\/p>\n<p class=\"article-body mb-(--paragraph-margin-b) px-nof-16\">\u2013 Sampo opettaa k\u00e4yt\u00e4nn\u00f6n el\u00e4m\u00e4\u00e4 ja yritt\u00e4jyytt\u00e4, h\u00e4n lis\u00e4\u00e4.<\/p>\n<p><img decoding=\"async\" src=\"https:\/\/www.europesays.com\/fi\/wp-content\/uploads\/2026\/09\/1788409393_819_978.jpg\" alt=\"\" class=\"_Img_1rerz_1\" style=\"aspect-ratio:1920\/1280\" loading=\"eager\"\/><\/p>\n<p class=\"font-(family-name:--picture-caption-font-family) text-(length:--picture-caption-font-size) leading-(--picture-caption-leading) font-(--picture-caption-font-weight) text-(color:--picture-caption-color) picture-with-caption__caption picture-with-caption__caption--giant-landscape-full\">Kuva:\u00a0Anna Huovinen<\/p>\n<p class=\"article-body mb-(--paragraph-margin-b) px-nof-16\">Kotiopetuksessa opiskelevien oppivelvollisten m\u00e4\u00e4r\u00e4 Suomessa on <a class=\"underline underline-offset-[0.12em] [text-decoration-thickness:var(--generic-link-underline-thickness)] [text-decoration-color:var(--generic-link-underline-color)] [text-decoration-skip-ink:var(--generic-link-underline-skip-ink)] break-words\" href=\"https:\/\/pxdata.stat.fi\/PxWeb\/pxweb\/fi\/StatFin\/StatFin__opiskt\/13jk.px\/\" rel=\"nofollow noopener\" target=\"_blank\">l\u00e4htenyt kasvuun<\/a> koronapandemian j\u00e4lkeen. Pandemia pakotti l\u00e4hes kaikki oppilaat et\u00e4opiskeluun kev\u00e4\u00e4ll\u00e4 2020. Vuonna 2019 kotiopetuksessa opiskeli 437 oppilasta, kun vuonna 2025 m\u00e4\u00e4r\u00e4 oli jo 953.<\/p>\n<p class=\"article-body mb-(--paragraph-margin-b) px-nof-16\">Kotiopiskelu tuo Murphy-Kaulasen mukaan joustavuutta jokaiselle el\u00e4m\u00e4n osa-alueelle. Murphy-Kaulanen kertoo, ett\u00e4 Rianna on aktiivinen ja liikunnallinen tytt\u00f6, ja yritt\u00e4j\u00e4perheen arki on liikkuvaista.<\/p>\n<p class=\"article-body mb-(--paragraph-margin-b) px-nof-16\">\u2013 Koulu ei m\u00e4\u00e4rit\u00e4 sit\u00e4, miten el\u00e4mme, mutta samaan aikaan el\u00e4m\u00e4 m\u00e4\u00e4rittyy siten, ett\u00e4 h\u00e4n oppii siin\u00e4 samassa.<\/p>\n<p class=\"article-body mb-(--paragraph-margin-b) px-nof-16\">Murphy-Kaulanen ei tied\u00e4 tarkalleen, kuinka monta tuntia Rianna k\u00e4ytt\u00e4\u00e4 viikossa opiskeluun, sill\u00e4 m\u00e4\u00e4r\u00e4 vaihtelee. <a class=\"underline underline-offset-[0.12em] [text-decoration-thickness:var(--generic-link-underline-thickness)] [text-decoration-color:var(--generic-link-underline-color)] [text-decoration-skip-ink:var(--generic-link-underline-skip-ink)] break-words\" href=\"https:\/\/www.oph.fi\/fi\/koulutus-ja-tutkinnot\/tyoajat\" rel=\"nofollow noopener\" target=\"_blank\">Opetushallituksen<\/a> mukaan seitsem\u00e4nnell\u00e4 luokalla opetuksen v\u00e4himm\u00e4istuntim\u00e4\u00e4r\u00e4 on 30 tuntia viikossa.<\/p>\n<p class=\"article-body mb-(--paragraph-margin-b) px-nof-16\">\u2013 Emme oikeastaan opiskele koulup\u00e4ivitt\u00e4in tai esimerkiksi 45 minuutin sykleiss\u00e4, Murphy-Kaulanen sanoo.<\/p>\n<p class=\"article-body mb-(--paragraph-margin-b) px-nof-16\">Mit\u00e4\u00e4n kellontarkkaa rutiinia kotiopiskelup\u00e4iviss\u00e4 ei my\u00f6sk\u00e4\u00e4n ole, vaan perheen viikkorytmist\u00e4 riippuen opiskeluja saatetaan edist\u00e4\u00e4 vaikka viikonloppuna. Joskus Rianna saattaa tarttua kirjaan hevostallilla.<\/p>\n<p class=\"article-body mb-(--paragraph-margin-b) px-nof-16\">T\u00e4rkeint\u00e4 on, ett\u00e4 \u00e4idin m\u00e4\u00e4r\u00e4\u00e4m\u00e4t oppimistavoitteet tulevat saavutetuiksi.<\/p>\n<p class=\"article-body mb-(--paragraph-margin-b) px-nof-16\">\u2013 H\u00e4nen pit\u00e4\u00e4 ainekohtaisesti edet\u00e4 opinnoissaan ja tehd\u00e4 tietyt asiat. Se, k\u00e4ytt\u00e4\u00e4k\u00f6 h\u00e4n itse aikaa siihen puoli tuntia, kaksi tuntia vai seitsem\u00e4n tuntia, riippuu ihan h\u00e4nest\u00e4.<\/p>\n<p class=\"article-body mb-(--paragraph-margin-b) px-nof-16\">Riannan opintomenestyst\u00e4 ei mitata arvosanoin kuten tavallisessa peruskoulussa. H\u00e4n ei my\u00f6sk\u00e4\u00e4n saa peruskoulun p\u00e4\u00e4tt\u00f6todistusta tai osallistu kokeisiin.<\/p>\n<p class=\"article-body mb-(--paragraph-margin-b) px-nof-16\">Murphy-Kaulasella onkin sanottavaa peruskoulun arviointiperusteista. H\u00e4n kokee, ett\u00e4 oma ajattelu on koulumaailmassa rangaistava asia ja ett\u00e4 parhaan opintomenestyksen ja \u201dkympin oppilaan statuksen\u201d voi saavuttaa opettelemalla asioita ulkoa.<\/p>\n<p class=\"article-body mb-(--paragraph-margin-b) px-nof-16\">\u2013 Voit olla matemaattisesti \u00e4\u00e4rett\u00f6m\u00e4n lahjakas, mutta sitten olet k\u00e4yt\u00e4nn\u00f6n el\u00e4m\u00e4ss\u00e4 ihan k\u00f6p\u00f6.<\/p>\n<p><img decoding=\"async\" src=\"https:\/\/www.europesays.com\/fi\/wp-content\/uploads\/2026\/09\/1788409393_64_978.jpg\" alt=\"\" class=\"_Img_1rerz_1\" style=\"aspect-ratio:1920\/1281\" loading=\"eager\"\/><\/p>\n<p class=\"font-(family-name:--picture-caption-font-family) text-(length:--picture-caption-font-size) leading-(--picture-caption-leading) font-(--picture-caption-font-weight) text-(color:--picture-caption-color) picture-with-caption__caption picture-with-caption__caption--giant-landscape-full\">Kuva:\u00a0Janne Aaltonen \/ IS<\/p>\n<p class=\"article-body mb-(--paragraph-margin-b) px-nof-16\">Helppoa kotiopetus ei ole \u2013 ei ainakaan opetuksesta vastaavalle Murphy-Kaulaselle. H\u00e4n kun ei ole pedagogian ammattilainen.<\/p>\n<p class=\"article-body mb-(--paragraph-margin-b) px-nof-16\">Suomessa <a class=\"underline underline-offset-[0.12em] [text-decoration-thickness:var(--generic-link-underline-thickness)] [text-decoration-color:var(--generic-link-underline-color)] [text-decoration-skip-ink:var(--generic-link-underline-skip-ink)] break-words\" href=\"https:\/\/opintopolku.fi\/konfo\/fi\/hakukohde\/1.2.246.562.20.00000000000000077125\/valintaperuste\" rel=\"nofollow noopener\" target=\"_blank\">luokanopettajan tutkinto<\/a> yliopistossa kest\u00e4\u00e4 yleens\u00e4 viisi vuotta ja koostuu kasvatustieteen kandidaatin ja maisterin tutkinnoista. Aineenopettajan p\u00e4tevyyteen <a class=\"underline underline-offset-[0.12em] [text-decoration-thickness:var(--generic-link-underline-thickness)] [text-decoration-color:var(--generic-link-underline-color)] [text-decoration-skip-ink:var(--generic-link-underline-skip-ink)] break-words\" href=\"https:\/\/studies.helsinki.fi\/ohjeet\/artikkeli\/aineenopettajaksi\" rel=\"nofollow noopener\" target=\"_blank\">vaaditaan<\/a> lis\u00e4ksi opettajan pedagogisia opintoja sek\u00e4 opetettavan aineen opintoja.<\/p>\n<p class=\"article-body mb-(--paragraph-margin-b) px-nof-16\">\u2013 Se on vaikeaa silloin, jos Rianna on semmoisella v\u00e4\u00e4r\u00e4ll\u00e4 tuulella ja m\u00e4 olen v\u00e4\u00e4r\u00e4ll\u00e4 tuulella. Silloin h\u00e4n ei halua oppia, ja m\u00e4 en halua opettaa, eik\u00e4 meill\u00e4 ole siin\u00e4 ket\u00e4\u00e4n, joka toimisi ik\u00e4\u00e4n kuin erotuomarina, Murphy-Kaulanen toteaa.<\/p>\n<p class=\"article-body mb-(--paragraph-margin-b) px-nof-16\">T\u00e4h\u00e4n menness\u00e4 opiskelu on sujunut sulavasti. Murphy-Kaulanen kuitenkin ennustaa, ett\u00e4 yl\u00e4koulun aikana on luvassa hetki\u00e4, joissa \u00e4iti-tyt\u00e4r-kaksikko ajautuu t\u00f6rm\u00e4yskurssille.<\/p>\n<p class=\"article-body mb-(--paragraph-margin-b) px-nof-16\">Haastavissa tilanteissa helpottaa se, ett\u00e4 Murphy-Kaulanen on korostanut tytt\u00e4relleen kotiopiskelun olevan etuoikeus, joka voidaan my\u00f6s vied\u00e4 pois.<\/p>\n<p class=\"article-body mb-(--paragraph-margin-b) px-nof-16\">\u2013 Jos h\u00e4n ei halua opiskella kanssani, niin h\u00e4n menee kouluun opiskelemaan muiden kanssa, koska lapsella on oppivelvollisuus. Jos se menee vaikeaksi v\u00e4\u00e4nn\u00f6ksi, niin ei mun tarvitse v\u00e4\u00e4nt\u00e4\u00e4.<\/p>\n<p class=\"article-body mb-(--paragraph-margin-b) px-nof-16\">\u2013 Riannalla on aina optio menn\u00e4 kouluun, jos h\u00e4n itse haluaa. Mutta viel\u00e4 toistaiseksi h\u00e4n ei ole sit\u00e4 halunnut.<\/p>\n<p>N\u00e4in sanoo laki<\/p>\n<ul class=\"mb-nof-16 px-nof-16 article-unordered-list unordered-list\">\n<li class=\"unordered-list-item\">\n<p class=\"article-body\">Perusopetuksesta s\u00e4\u00e4det\u00e4\u00e4n <a class=\"underline underline-offset-[0.12em] [text-decoration-thickness:var(--generic-link-underline-thickness)] [text-decoration-color:var(--generic-link-underline-color)] [text-decoration-skip-ink:var(--generic-link-underline-skip-ink)] break-words\" href=\"https:\/\/www.finlex.fi\/fi\/lainsaadanto\/1998\/628\" rel=\"nofollow noopener\" target=\"_blank\">perusopetuslaissa<\/a>. Oppivelvollisen on osallistuttava perusopetuslain mukaisesti j\u00e4rjestettyyn perusopetukseen tai saatava muutoin perusopetuksen oppim\u00e4\u00e4r\u00e4\u00e4 vastaavat tiedot.<\/p>\n<\/li>\n<li class=\"unordered-list-item\">\n<p class=\"article-body\">Perusopetuksen oppim\u00e4\u00e4r\u00e4\u00e4 vastaavat tiedot ja taidot voi hankkia perusopetukseen osallistumisen sijasta esimerkiksi opiskelemalla kotona, kerrotaan <a class=\"underline underline-offset-[0.12em] [text-decoration-thickness:var(--generic-link-underline-thickness)] [text-decoration-color:var(--generic-link-underline-color)] [text-decoration-skip-ink:var(--generic-link-underline-skip-ink)] break-words\" href=\"https:\/\/www.oph.fi\/fi\/koulutus-ja-tutkinnot\/kotiopetus?\" rel=\"nofollow noopener\" target=\"_blank\">Opetushallituksen sivuilla<\/a>. Kotiopetuksesta p\u00e4\u00e4tt\u00e4\u00e4 huoltaja, eik\u00e4 siihen tarvita lupaa viranomaisilta.<\/p>\n<\/li>\n<li class=\"unordered-list-item\">\n<p class=\"article-body\">Oppivelvollisen tulee opiskella\u00a0kaikkia niiden oppiaineiden opetuksen tavoitteita\u00a0ja keskeisi\u00e4\u00a0sis\u00e4lt\u00f6j\u00e4, jotka kuuluvat\u00a0perusopetuksen oppim\u00e4\u00e4r\u00e4\u00e4n. Tavoitteista m\u00e4\u00e4r\u00e4t\u00e4\u00e4n Opetushallituksen p\u00e4\u00e4tt\u00e4miss\u00e4 <a class=\"underline underline-offset-[0.12em] [text-decoration-thickness:var(--generic-link-underline-thickness)] [text-decoration-color:var(--generic-link-underline-color)] [text-decoration-skip-ink:var(--generic-link-underline-skip-ink)] break-words\" href=\"https:\/\/www.oph.fi\/fi\/koulutus-ja-tutkinnot\/perusopetuksen-opetussuunnitelman-perusteet\" rel=\"nofollow noopener\" target=\"_blank\">Perusopetuksen opetussuunnitelman perusteissa<\/a>, joiden mukaan paikalliset opetussuunnitelmat laaditaan.<\/p>\n<\/li>\n<\/ul>\n<p class=\"article-body mb-(--paragraph-margin-b) px-nof-16\">Minttu Murphy-Kaulanen kertoo, ett\u00e4 Rianna opiskelee perheen asuinkunnan opetussuunnitelman mukaisesti ja kaikkia niit\u00e4 oppiaineita, joita koulussakin opetetaan.<\/p>\n<p class=\"article-body mb-(--paragraph-margin-b) px-nof-16\">\u2013 Menen suoraan Kolarin opetussuunnitelman mukaisesti. Olen kokenut, ett\u00e4 se on mulle helpompaa.<\/p>\n<p class=\"article-body mb-(--paragraph-margin-b) px-nof-16\">Opetuksen painotukset voivat olla erilaisia.<\/p>\n<p class=\"article-body mb-(--paragraph-margin-b) px-nof-16\">\u2013 Matemaattisissa aineissa opetan Riannalle esimerkiksi, mit\u00e4 on rahankulutus tai sijoittaminen.<\/p>\n<p class=\"article-body mb-(--paragraph-margin-b) px-nof-16\">Kotiopetus on saanut kritiikki\u00e4 esimerkiksi siit\u00e4, ett\u00e4 vanhempien maailmankuva tai ideologiat korostuvat. <a class=\"underline underline-offset-[0.12em] [text-decoration-thickness:var(--generic-link-underline-thickness)] [text-decoration-color:var(--generic-link-underline-color)] [text-decoration-skip-ink:var(--generic-link-underline-skip-ink)] break-words\" href=\"https:\/\/supo.fi\/asuinalueiden-eriytyminen-luo-uusia-kansallisen-turvallisuuden-uhkia\" rel=\"nofollow noopener\" target=\"_blank\">Suojelupoliisin mukaan<\/a> kotikoulujen yleistyminen voi lis\u00e4t\u00e4 kansallisia turvallisuusuhkia. Supoa huolestuttaa kotikouluissa erityisesti \u00e4\u00e4ri-ideologinen vaikuttaminen sek\u00e4 v\u00e4est\u00f6ryhmien v\u00e4linen eriytyminen.<\/p>\n<p class=\"article-body mb-(--paragraph-margin-b) px-nof-16\">\u2013\u2009Kaikissa kotiopetuskouluissa ei levitet\u00e4 radikaalia ideologiaa, joka vaarantaa kansallista turvallisuutta, mutta usein kotikoulujen taustalla on aatteellista tai uskonnollista opetusta, Supon erikoistutkija <a class=\"font-bold underline-offset-[0.12em] [text-decoration:var(--person-link-text-decoration)] [text-decoration-color:var(--person-link-text-decoration-color)]!\" href=\"https:\/\/www.is.fi\/haku\/?query=Anna%20Santaholma\" rel=\"nofollow noopener\" target=\"_blank\">Anna Santaholma<\/a> sanoi<a class=\"underline underline-offset-[0.12em] [text-decoration-thickness:var(--generic-link-underline-thickness)] [text-decoration-color:var(--generic-link-underline-color)] [text-decoration-skip-ink:var(--generic-link-underline-skip-ink)] break-words\" href=\"https:\/\/www.is.fi\/kotimaa\/art-2000011876551.html\" rel=\"nofollow noopener\" target=\"_blank\"> IS:lle maalikuussa<\/a>.<\/p>\n<p class=\"article-body mb-(--paragraph-margin-b) px-nof-16\">Minttu Murphy-Kaulanen korostaa, ettei h\u00e4nell\u00e4 ole kotikoulutuksessa mit\u00e4\u00e4n tietty\u00e4 ideologiaa tai aatetta, vaikka perheen el\u00e4m\u00e4ntapa onkin \u201domalaatuinen\u201d. Murphy-Kaulanen ajattelee, ett\u00e4 ihan jokainen lapsi omaksuu ajatuksia ja arvoja kotoaan.<\/p>\n<p class=\"article-body mb-(--paragraph-margin-b) px-nof-16\">\u2013 Uskoisin, ett\u00e4 jokainen vanhempi vaikuttaa lapsensa maailmankuvaan siit\u00e4 riippumatta, onko lapsi kotikoulussa vai muussa koulussa. Koen, ett\u00e4 kotikoulu on paras keino vaikuttaa positiiviseen maailmankuvaan.<\/p>\n<p class=\"article-body mb-(--paragraph-margin-b) px-nof-16\">Murphy-Kaulanen ajattelee aatteiden levi\u00e4misen kritiikin perustuvan siihen, ett\u00e4 ihmiset pit\u00e4v\u00e4t omia ratkaisujaan ainoina oikeina.<\/p>\n<p class=\"article-body mb-(--paragraph-margin-b) px-nof-16\">\u2013 Sitten jos p\u00e4\u00e4dyt\u00e4\u00e4n erilaiseen ratkaisuun, niin se jollain lailla demonisoidaan. <\/p>\n<p class=\"article-body mb-(--paragraph-margin-b) px-nof-16\">\u2013 Toivoisin, ett\u00e4 vaikka n\u00e4et julkisuudessa jonkun perheen, jolla radikaali \u00e4\u00e4riuskonto on syyn\u00e4 siihen, ett\u00e4 he kotikouluttavat, niin ei aina laitettaisi kaikkia siihen samaan muottiin.<\/p>\n<p><img decoding=\"async\" src=\"https:\/\/www.europesays.com\/fi\/wp-content\/uploads\/2026\/09\/1788409394_907_978.jpg\" alt=\"\" class=\"_Img_1rerz_1\" style=\"aspect-ratio:1920\/1221\" loading=\"eager\"\/><\/p>\n<p class=\"font-(family-name:--picture-caption-font-family) text-(length:--picture-caption-font-size) leading-(--picture-caption-leading) font-(--picture-caption-font-weight) text-(color:--picture-caption-color) picture-with-caption__caption picture-with-caption__caption--giant-landscape-full\">Kuva:\u00a0Colourbox<\/p>\n<p class=\"article-body mb-(--paragraph-margin-b) px-nof-16\">Kotikoulu voi n\u00e4ytt\u00e4yty\u00e4 ongelmallisena my\u00f6s lapsen edun n\u00e4k\u00f6kulmasta. Ilta-Sanomat <a class=\"underline underline-offset-[0.12em] [text-decoration-thickness:var(--generic-link-underline-thickness)] [text-decoration-color:var(--generic-link-underline-color)] [text-decoration-skip-ink:var(--generic-link-underline-skip-ink)] break-words\" href=\"https:\/\/www.is.fi\/kotimaa\/art-2000011876551.html\" rel=\"nofollow noopener\" target=\"_blank\">kertoi maaliskuussa<\/a> kotiopetuksen valvonnan v\u00e4h\u00e4isyydest\u00e4. Sen vuoksi kotona opiskelevien lasten h\u00e4t\u00e4 ja huolet j\u00e4\u00e4v\u00e4t paljon helpommin pimentoon kuin niiden lasten, jotka k\u00e4yv\u00e4t joka p\u00e4iv\u00e4 koulussa.<\/p>\n<p class=\"article-body mb-(--paragraph-margin-b) px-nof-16\">\u2013 Tuo kuulostaa mielest\u00e4ni k\u00e4sitt\u00e4m\u00e4tt\u00f6m\u00e4lt\u00e4, Murphy-Kaulanen sanoo.<\/p>\n<p class=\"article-body mb-(--paragraph-margin-b) px-nof-16\">\u2013 Onhan lapsella hammashuolto, terveydenhuolto ja rokotukset, joissa h\u00e4nt\u00e4 n\u00e4hd\u00e4\u00e4n. Eih\u00e4n lapsi ole miss\u00e4\u00e4n bunkkerissa. Ja edelleenkin, meill\u00e4 on se valvova opettaja, joka joutuu katsomaan sit\u00e4, ett\u00e4 ne opinnot etenev\u00e4t.<\/p>\n<p class=\"article-body mb-(--paragraph-margin-b) px-nof-16\">Kotiopetus ei ole perusopetuslain mukaista opetusta. Oppivelvollisen edistymist\u00e4 tulee valvoa suhteessa perusopetuksen opetussuunnitelman perusteissa m\u00e4\u00e4r\u00e4ttyihin perusopetuksen oppim\u00e4\u00e4r\u00e4\u00e4n kuuluvien oppiaineiden tavoitteisiin ja keskeisiin sis\u00e4lt\u00f6ihin, kerrotaan <a class=\"underline underline-offset-[0.12em] [text-decoration-thickness:var(--generic-link-underline-thickness)] [text-decoration-color:var(--generic-link-underline-color)] [text-decoration-skip-ink:var(--generic-link-underline-skip-ink)] break-words\" href=\"https:\/\/www.oph.fi\/fi\/koulutus-ja-tutkinnot\/kotiopetus?\" rel=\"nofollow noopener\" target=\"_blank\">Opetushallituksen sivuilla<\/a>.<\/p>\n<p class=\"article-body mb-(--paragraph-margin-b) px-nof-16\"><a class=\"underline underline-offset-[0.12em] [text-decoration-thickness:var(--generic-link-underline-thickness)] [text-decoration-color:var(--generic-link-underline-color)] [text-decoration-skip-ink:var(--generic-link-underline-skip-ink)] break-words\" href=\"https:\/\/www.suomenkotikouluyhdistys.fi\/keskeista-sanastoa-ja-kasitteita\/\" rel=\"nofollow noopener\" target=\"_blank\">Suomen kotikouluyhdistyksen sivuilla<\/a> kerrotaan, ett\u00e4 oppivelvollisen edistymisen seurannasta vastaa virkansa puolesta tutkiva opettaja. Tutkiva opettaja tapaa kotioppijan v\u00e4hint\u00e4\u00e4n kerran vuodessa valvontatilaisuudessa.<\/p>\n<p class=\"article-body mb-(--paragraph-margin-b) px-nof-16\">Yl\u00e4asteen osalta valvovaa opettajaa ei ole Kaulasten perheelle viel\u00e4 m\u00e4\u00e4r\u00e4tty, mutta ala-asteella valvojan tapaamisissa haastateltiin sek\u00e4 Murphy-Kaulasta ett\u00e4 Riannaa. Samalla tapaamisissa piti todentaa, ett\u00e4 oppimisessa ja oppimistavoitteissa on edetty.<\/p>\n<p class=\"article-body mb-(--paragraph-margin-b) px-nof-16\">\u2013 Tein raportit ja n\u00e4ytin portfoliot, kirjat ja teht\u00e4v\u00e4t, Murphy-Kaulanen kertoo.<\/p>\n<p class=\"article-body mb-(--paragraph-margin-b) px-nof-16\">\u2013 Sitten opettaja haastattelee Riannaa.<\/p>\n<p><img decoding=\"async\" src=\"https:\/\/www.europesays.com\/fi\/wp-content\/uploads\/2026\/09\/1788409394_695_978.jpg\" alt=\"\" class=\"_Img_1rerz_1\" style=\"aspect-ratio:1281\/1920\" loading=\"eager\"\/><\/p>\n<p class=\"font-(family-name:--picture-caption-font-family) text-(length:--picture-caption-font-size) leading-(--picture-caption-leading) font-(--picture-caption-font-weight) text-(color:--picture-caption-color) picture-with-caption__caption picture-with-caption__caption--giant-full\">Kuva:\u00a0Janne Aaltonen \/ IS<\/p>\n<p class=\"article-body mb-(--paragraph-margin-b) px-nof-16\">Murphy-Kaulanen kertoo saaneensa rutkasti kritiikki\u00e4 siit\u00e4, ett\u00e4 lapsen sosiaaliset suhteet k\u00e4rsiv\u00e4t kotikoulutuksesta. My\u00f6s lapsiasiavaltuutettu huomautti vuonna 2025 julkaistussa <a class=\"underline underline-offset-[0.12em] [text-decoration-thickness:var(--generic-link-underline-thickness)] [text-decoration-color:var(--generic-link-underline-color)] [text-decoration-skip-ink:var(--generic-link-underline-skip-ink)] break-words\" href=\"https:\/\/lapsiasia.fi\/-\/kannanotto-vuosikertomus2025\" rel=\"nofollow noopener\" target=\"_blank\">kannanotossa<\/a>, ett\u00e4 kotikoulutus voi vaikuttaa lapsen sosiaalisiin suhteisiin.<\/p>\n<p class=\"article-body mb-(--paragraph-margin-b) px-nof-16\">Murphy-Kaulanen ei n\u00e4e omassa perheess\u00e4\u00e4n asiassa ongelmaa. P\u00e4invastoin h\u00e4n kokee voivansa kotiopetuksessa vahtia paremmin sit\u00e4, millaisten ihmisten kanssa Rianna viett\u00e4\u00e4 aikaansa.<\/p>\n<p class=\"article-body mb-(--paragraph-margin-b) px-nof-16\">\u2013 Sitten tullaan siihen, ett\u00e4 haluatko v\u00e4ltt\u00e4m\u00e4tt\u00e4, ett\u00e4 lapsesi sosialisoi ihan kaikkien lasten kanssa. M\u00e4 en ainakaan halua.<\/p>\n<p class=\"article-body mb-(--paragraph-margin-b) px-nof-16\">Tytt\u00e4rell\u00e4 on Murphy-Kaulasen mukaan runsaasti yst\u00e4vi\u00e4 p\u00e4iv\u00e4kodista, harrastuksista sek\u00e4 yst\u00e4vien kautta. Murphy-Kaulanen kertoo, ett\u00e4 tyt\u00e4r yst\u00e4vystyy helposti uusien ihmisten kanssa, eik\u00e4 koulu n\u00e4yttele ihmissuhteiden luomisessa merkitt\u00e4v\u00e4\u00e4 roolia.<\/p>\n<p class=\"article-body mb-(--paragraph-margin-b) px-nof-16\">\u2013 On ihmisi\u00e4, jotka ovat k\u00e4yneet meill\u00e4 ravintolassa sy\u00f6m\u00e4ss\u00e4 ja sitten h\u00e4nen kanssaan hevostelemassa.<\/p>\n<p><img decoding=\"async\" src=\"https:\/\/www.europesays.com\/fi\/wp-content\/uploads\/2026\/09\/1788409394_617_978.jpg\" alt=\"\" class=\"_Img_1rerz_1\" style=\"aspect-ratio:1920\/1892\" loading=\"eager\"\/><\/p>\n<p class=\"font-(family-name:--picture-caption-font-family) text-(length:--picture-caption-font-size) leading-(--picture-caption-leading) font-(--picture-caption-font-weight) text-(color:--picture-caption-color) picture-with-caption__caption picture-with-caption__caption--giant-landscape-full\">Kuva:\u00a0Seppo Solmela<\/p>\n<p class=\"article-body mb-(--paragraph-margin-b) px-nof-16\">Poikkeuksellisesta koulutusratkaisusta huolimatta Murphy-Kaulasella ei ole pahaa sanottavaa Suomen kouluj\u00e4rjestelm\u00e4st\u00e4.<\/p>\n<p class=\"article-body mb-(--paragraph-margin-b) px-nof-16\">Sen sijaan h\u00e4n on erityisen huolestunut opettajien jaksamisesta kouluissa. H\u00e4n ajattelee, ett\u00e4 opettajan ty\u00f6h\u00f6n sis\u00e4ltyy nyky\u00e4\u00e4n paljon muutakin kuin vain opettamista.<\/p>\n<p class=\"article-body mb-(--paragraph-margin-b) px-nof-16\">\u2013 Olet ehk\u00e4 halunnut alun perin opettajaksi, ett\u00e4 saat opettaa lapsille uusia taitoja ja aineita, mutta se vied\u00e4\u00e4n sulta, koska sun pit\u00e4\u00e4 keskitty\u00e4 siihen, ett\u00e4 hakkaako tai viilt\u00e4\u00e4k\u00f6 n\u00e4m\u00e4 lapset toisiaan.<\/p>\n<p class=\"article-body mb-(--paragraph-margin-b) px-nof-16\">Murphy-Kaulanen sanoo, ett\u00e4 opettajia ei arvosteta tarpeeksi eik\u00e4 heille tarjota tarpeeksi tukea. My\u00f6s kodeissa ollaan Murphy-Kaulasen mukaan entist\u00e4 vaativampia koulun ja opettajien suhteen.<\/p>\n<p class=\"article-body mb-(--paragraph-margin-b) px-nof-16\">\u2013 Toivoisin kodeilta my\u00f6skin sellaista tervett\u00e4 kritiikki\u00e4 siihen omaan k\u00e4ytt\u00e4ytymiseen. Se opettaja ei ole vastuussa lapsesi kasvattamisesta. Se on vastuussa lapsesi opettamisesta.<\/p>\n<p class=\"article-body mb-(--paragraph-margin-b) px-nof-16\">Lue lis\u00e4\u00e4: <a class=\"underline underline-offset-[0.12em] [text-decoration-thickness:var(--generic-link-underline-thickness)] [text-decoration-color:var(--generic-link-underline-color)] [text-decoration-skip-ink:var(--generic-link-underline-skip-ink)] break-words\" href=\"https:\/\/www.is.fi\/kotimaa\/art-2000012225177.html\" rel=\"nofollow noopener\" target=\"_blank\">HS: Opettajaa pyydettiin kotiin her\u00e4tt\u00e4m\u00e4\u00e4n nukkuvaa oppilasta \u2013 vanhempien vaatimukset h\u00e4mment\u00e4v\u00e4t<\/a><\/p>\n<p class=\"article-body mb-(--paragraph-margin-b) px-nof-16\">Murphy-Kaulanen saa kotikouluun liittyvi\u00e4 viestej\u00e4 muilta vanhemmilta. Vanhempien viesteiss\u00e4 korostuu Murphy-Kaulasen mukaan ajatus siit\u00e4, ett\u00e4 koulu on raskas paikka monille lapsille.<\/p>\n<p class=\"article-body mb-(--paragraph-margin-b) px-nof-16\">\u2013 Pit\u00e4isi lukea niit\u00e4 tarinoita, mit\u00e4 vanhemmat mulle kirjoittavat. Mink\u00e4laista helvetti\u00e4 heid\u00e4n lapsensa el\u00e4v\u00e4t koulumaailmassa. Valitettavasti kaikilla ei ole sit\u00e4 optiota, ett\u00e4 pystyisi kotiopettamaan, koska he ovat itse t\u00f6iss\u00e4, yritt\u00e4ji\u00e4 tai yksinhuoltajia.<\/p>\n<p class=\"article-body mb-(--paragraph-margin-b) px-nof-16\">Opetusvastuun lis\u00e4ksi kotikoulussa huoltajille siirtyy my\u00f6s vastuu oppimateriaalien hankinnasta sek\u00e4 oppilaan ruokailujen j\u00e4rjest\u00e4misest\u00e4. Kunnan ei tarvitse tarjota oppimisen tai koulunk\u00e4ynnin tukea tai oppilashuoltoa.<\/p>\n<p class=\"article-body mb-(--paragraph-margin-b) px-nof-16\">\u2013 Suosittelen jokaista kotiopettamista harkitsevaa miettim\u00e4\u00e4n asiaa kaksi kertaa. Ei edes pelk\u00e4st\u00e4\u00e4n taloudellisesta n\u00e4k\u00f6vinkkelist\u00e4 vaan siksi, ett\u00e4 riitt\u00e4v\u00e4tk\u00f6 rahkeet.<\/p>\n<p class=\"article-body mb-(--paragraph-margin-b) px-nof-16\">\u2013 Kaikista simppeleint\u00e4 olisi lyk\u00e4t\u00e4 pentu aamulla bussiin ja sanoa, ett\u00e4 \u201dn\u00e4hd\u00e4\u00e4n sitten siin\u00e4 iltap\u00e4iv\u00e4n puolella\u201d.<\/p>\n<p class=\"article-body mb-(--paragraph-margin-b) px-nof-16\">Luopumaankin Murphy-Kaulanen on joutunut.<\/p>\n<p class=\"article-body mb-(--paragraph-margin-b) px-nof-16\">\u2013 Omista hermoistani aina v\u00e4lill\u00e4.<\/p>\n","protected":false},"excerpt":{"rendered":"Minttu Murphy-Kaulanen opettaa seiskaluokkalaista tyt\u00e4rt\u00e4\u00e4n kotikoulussa. H\u00e4n sanoo suorat sanat kotikoulun arvostelijoille ja kertoo, miten se on hy\u00f6dytt\u00e4nyt&hellip;\n","protected":false},"author":2,"featured_media":340096,"comment_status":"","ping_status":"","sticky":false,"template":"","format":"standard","meta":{"footnotes":"","_share_on_mastodon":"0"},"categories":[5],"tags":[22,23,26,27,33,31,30,17,34,24,25,28,29,15,18,21,32,19,20,16],"class_list":["post-340095","post","type-post","status-publish","format-standard","has-post-thumbnail","category-otsikot","tag-breaking-news","tag-breakingnews","tag-featured-news","tag-featurednews","tag-fi","tag-finland","tag-finnish","tag-headlines","tag-ilta-sanomat","tag-latest-news","tag-latestnews","tag-main-news","tag-mainnews","tag-news","tag-otsikot","tag-paauutiset","tag-suomi","tag-top-stories","tag-topstories","tag-uutiset"],"share_on_mastodon":{"url":"https:\/\/pubeurope.com\/@fi\/117205205914770138","error":""},"_links":{"self":[{"href":"https:\/\/www.europesays.com\/fi\/wp-json\/wp\/v2\/posts\/340095","targetHints":{"allow":["GET"]}}],"collection":[{"href":"https:\/\/www.europesays.com\/fi\/wp-json\/wp\/v2\/posts"}],"about":[{"href":"https:\/\/www.europesays.com\/fi\/wp-json\/wp\/v2\/types\/post"}],"author":[{"embeddable":true,"href":"https:\/\/www.europesays.com\/fi\/wp-json\/wp\/v2\/users\/2"}],"replies":[{"embeddable":true,"href":"https:\/\/www.europesays.com\/fi\/wp-json\/wp\/v2\/comments?post=340095"}],"version-history":[{"count":0,"href":"https:\/\/www.europesays.com\/fi\/wp-json\/wp\/v2\/posts\/340095\/revisions"}],"wp:featuredmedia":[{"embeddable":true,"href":"https:\/\/www.europesays.com\/fi\/wp-json\/wp\/v2\/media\/340096"}],"wp:attachment":[{"href":"https:\/\/www.europesays.com\/fi\/wp-json\/wp\/v2\/media?parent=340095"}],"wp:term":[{"taxonomy":"category","embeddable":true,"href":"https:\/\/www.europesays.com\/fi\/wp-json\/wp\/v2\/categories?post=340095"},{"taxonomy":"post_tag","embeddable":true,"href":"https:\/\/www.europesays.com\/fi\/wp-json\/wp\/v2\/tags?post=340095"}],"curies":[{"name":"wp","href":"https:\/\/api.w.org\/{rel}","templated":true}]}}