{"id":340097,"date":"2026-09-03T04:43:10","date_gmt":"2026-09-03T04:43:10","guid":{"rendered":"https:\/\/www.europesays.com\/fi\/340097\/"},"modified":"2026-09-03T04:43:10","modified_gmt":"2026-09-03T04:43:10","slug":"synnynnainen-adhd-vai-hankinnallinen-adt-nain-tunnistat-kumpi","status":"publish","type":"post","link":"https:\/\/www.europesays.com\/fi\/340097\/","title":{"rendered":"Synnynn\u00e4inen ADHD vai hankinnallinen ADT? N\u00e4in tunnistat, kumpi"},"content":{"rendered":"<p>Keskittyminen herpaantuu yhten\u00e4\u00e4n, k\u00e4nnykk\u00e4 ilmestyy k\u00e4teen kuin huomaamatta. Mit\u00e4\u00e4n ei saa aloitetuksi, ajatus katkeilee. Onkohan minulla ADHD, moni aikuinen pohtii kiireen keskell\u00e4.<\/p>\n<p>Aktiivisuuden ja tarkkaavuuden h\u00e4iri\u00f6 ADHD (lyhenne sanoista attention-deficit hyperactivity disorder) on neurokehityksellinen oireyhtym\u00e4. Se ilmenee tyypillisesti keskittymisvaikeuksina, impulsiivisuutena ja haasteina toiminnanohjauksessa.<\/p>\n<p>Niin sanottu ADT (attention deficit trait) ei puolestaan ole virallinen diagnoosi. Sill\u00e4 tarkoitetaan hankinnallista \u2013 tai \u201ditse aiheutettua\u201d \u2013 keskittymish\u00e4iri\u00f6t\u00e4, joka oireilee ADHD:n tavoin.<\/p>\n<p>\u2013 Useimmiten ADT:t\u00e4 esiintyy kuormittavassa el\u00e4m\u00e4ntilanteessa olevilla aikuisilla, kertoo <strong>Henry Karlsson,<\/strong> nuorisopsykiatrian apulaisprofessori Turun yliopistosta ja psykiatrian ja nuorisopsykiatrian erikoisl\u00e4\u00e4k\u00e4ri Terveystalolta. H\u00e4nen mukaansa juuri pikkulasten vanhemmat kuuluvat niihin ihmisryhmiin, joilla tyypillisesti ilmenee ADT-oireilua.<\/p>\n<p>Nyky-yhteiskunnassa on runsaasti keskittymis- ja aloitekyky\u00e4 heikent\u00e4vi\u00e4 tekij\u00f6it\u00e4. T\u00f6iss\u00e4 ja lapsiperhe-el\u00e4m\u00e4ss\u00e4 joutuu multitaskaamaan ja siet\u00e4m\u00e4\u00e4n keskeytyksi\u00e4. \u00c4lylaitteet nakertavat pitk\u00e4j\u00e4nteisyytt\u00e4.<\/p>\n<p>Mist\u00e4 voi siis tiet\u00e4\u00e4, onko oireissa kysymys ADHD:st\u00e4 vai ADT:st\u00e4? Ent\u00e4 mit\u00e4 tulee tehd\u00e4, jos lapsella on kumpaankin oirekuvaan liittyv\u00e4\u00e4 k\u00e4yt\u00f6st\u00e4?<\/p>\n<p>Oireiden vaikeus ja ajankohta ratkaisevat<\/p>\n<p>Karlssonin mukaan ADHD:n ja ADT:n erottamisessa toisistaan on keskeist\u00e4 sen tunnistaminen, milloin oireet ovat alkaneet. Niin kuin edell\u00e4 todettiin, ADHD on kehityksellinen oireyhtym\u00e4, kun taas ADT-oireilu on luonteeltaan hankinnallista eli olosuhteiden tai oman toiminnan aiheuttamaa.<\/p>\n<p>\u2013 Sen sijaan ADHD:n diagnoosikriteerien mukaan selv\u00e4sti toimintakyky\u00e4 haittaavaa oireilua on t\u00e4ytynyt ilmesty\u00e4 viimeist\u00e4\u00e4n 12. ik\u00e4vuoteen menness\u00e4, Karlsson sanoo.<\/p>\n<p>Toisaalta Karlsson huomauttaa, ett\u00e4 jotkut sinnittelev\u00e4t diagnosoimattoman ADHD:n kanssa l\u00e4pi lapsuutensa. Kun kuormittavassa el\u00e4m\u00e4ntilanteessa oireet p\u00e4\u00e4sev\u00e4tkin valloilleen, voi olla vaikeaa tunnistaa sit\u00e4, milloin oireilu on tosiasiallisesti alkanut.<\/p>\n<p>Pohtiessa omaa vointiaan kannattaa kiinnitt\u00e4\u00e4 huomiota siihenkin, ilmenev\u00e4tk\u00f6 keskittymisen ja toiminnanohjauksen vaikeudet vain stressaavina ajanjaksoina. Jos vastaus on kyll\u00e4, voi olla aiheellisempaa ep\u00e4ill\u00e4 ADT:t\u00e4 kuin ADHD:t\u00e4.<\/p>\n<p>\u2013 Toki my\u00f6s ADHD oireilee kuormittavissa el\u00e4m\u00e4ntilanteissa voimakkaammin kuin tavallisesti.<\/p>\n<p>ADHD-diagnoosi tehd\u00e4\u00e4n potilaan oman kertomuksen, h\u00e4nen l\u00e4heistens\u00e4 lausuntojen ja erilaisten testien ja oirekyselyjen perusteella.<\/p>\n<blockquote>\n<p><strong>Lue my\u00f6s:<\/strong> <a href=\"https:\/\/kaksplus.fi\/lapsi\/lapsen-terveys\/adhd-vai-normaalia-vilkkautta-lastenpsykiatri-kertoo-miten-adhdn-tunnistaa-lapsella-ja-kuinka-hairiosta-karsivaa-lasta-voi-auttaa\/\" type=\"link\" id=\"https:\/\/kaksplus.fi\/lapsi\/lapsen-terveys\/adhd-vai-normaalia-vilkkautta-lastenpsykiatri-kertoo-miten-adhdn-tunnistaa-lapsella-ja-kuinka-hairiosta-karsivaa-lasta-voi-auttaa\/\" rel=\"nofollow noopener\" target=\"_blank\">ADHD vai normaalia vilkkautta? N\u00e4in tunnistat ADHD:n lapsella ja autat h\u00e4nt\u00e4<\/a><\/p>\n<\/blockquote>\n<p>Milloin ADHD-tutkimuksiin?<\/p>\n<p>ADHD-diagnoosien r\u00e4j\u00e4hdysm\u00e4inen kasvu on puhuttanut jo pitk\u00e4\u00e4n julkisuudessa. Karlsson pit\u00e4\u00e4 todenn\u00e4k\u00f6isen\u00e4, ett\u00e4 ADHD:hen liittyy ylidiagnostiikkaa. Keskittymiskyvyn heikentymisen takana voi olla muitakin syit\u00e4, kuten juuri digilaitteiden ja stressin kyll\u00e4st\u00e4m\u00e4 arki, joka aiheuttaa ADT:t\u00e4.<\/p>\n<p>\u2013 Lis\u00e4ksi ongelmat keskittymiskyvyss\u00e4 voivat johtua my\u00f6s masennuksesta tai ahdistuksesta, jotka ovat aikuisilla paljon yleisempi\u00e4 kuin ADHD. Harva pikkulapsi tai alakoululainen on kuitenkaan masentunut.<\/p>\n<p>Karlsson kuitenkin painottaa olevan yh\u00e4 ihmisi\u00e4, joilla oireyhtym\u00e4 on j\u00e4\u00e4nyt tunnistamatta. ADHD-tutkimuksiin kannattaakin hakeutua silloin, jos oirehdinta on kest\u00e4nyt lapsesta asti eik\u00e4 se poistu olosuhteiden tai el\u00e4m\u00e4ntapojen muutoksella.<\/p>\n<p>Ruuhkavuodet eiv\u00e4t ole Karlssonin mukaan v\u00e4ltt\u00e4m\u00e4tt\u00e4 otollisinta aikaa tutkimuksiin hakeutumiselle: el\u00e4m\u00e4nvaiheelle on tyypillist\u00e4 se, ett\u00e4 arjen j\u00e4rjest\u00e4misess\u00e4 ilmenee ajoittain haasteita.<\/p>\n<p>Karlssonin mukaan on hyv\u00e4 tiedostaa sekin, ett\u00e4 noin puolet ADHD-diagnoosin lapsuudessaan saaneista ei en\u00e4\u00e4 aikuisena t\u00e4yt\u00e4 diagnoosin kriteerist\u00f6\u00e4.<\/p>\n<p>\u2013 ADHD on siis monesti korjaantuva prosessi. Yh\u00e4 puolet silti tarvitsee tukitoimia viel\u00e4 aikuisuudessakin.<\/p>\n<blockquote>\n<p><strong>Lue my\u00f6s:<\/strong> <a href=\"https:\/\/kaksplus.fi\/lapsi\/vinkit-nepsy-ystavallisempaan-arkeen\/\" rel=\"nofollow noopener\" target=\"_blank\">Onko lapsesi neurokirjolla? N\u00e4ill\u00e4 pienill\u00e4 teoilla tuet h\u00e4nt\u00e4 ja koko perheen hyvinvointia<\/a><\/p>\n<\/blockquote>\n<p>Terveelliset el\u00e4m\u00e4ntavat lievitt\u00e4v\u00e4t oireita<\/p>\n<p>ADHD-l\u00e4\u00e4kkeet eiv\u00e4t auta ADT:hen. Jos ihmisell\u00e4 ei ole ADHD:t\u00e4, on l\u00e4\u00e4kkeen vaikutus Karlssonin mukaan olematon tai korkeintaan pirist\u00e4v\u00e4. My\u00f6s l\u00e4\u00e4kkeen haittavaikutukset voivat olla merkitt\u00e4vi\u00e4.<\/p>\n<p>Sen sijaan terveelliset el\u00e4m\u00e4ntavat lievitt\u00e4v\u00e4t oireita ja parantavat el\u00e4m\u00e4nlaatua sek\u00e4 ADHD:n ett\u00e4 ADT:n tapauksessa \u2013 ADT:ss\u00e4 jopa siin\u00e4 m\u00e4\u00e4rin, ett\u00e4 ongelmat katoavat.<\/p>\n<p>\u2013 Kannattaa huolehtia riitt\u00e4v\u00e4st\u00e4 unesta ja siit\u00e4, ett\u00e4 sy\u00f6 kunnollista ruokaa ja liikkuu. S\u00e4\u00e4nn\u00f6llinen p\u00e4iv\u00e4rytmi, ruutuajan rajoittaminen ja v\u00e4h\u00e4inen p\u00e4ihteiden k\u00e4ytt\u00f6 tai p\u00e4ihteett\u00f6myys tukevat hyvinvointia, Karlsson luettelee.<\/p>\n<p>Korjausliikkeiden j\u00e4lkeen positiivisia muutoksia voi odottaa jo muutamassa viikossa: arki helpottuu, olo on parempi, lapsilla koulu alkaa taas sujua. ADT-oireiden nitist\u00e4miseen siis riitt\u00e4\u00e4 el\u00e4m\u00e4ntapojen tai olosuhteiden muutos, kun taas ADHD vaatii pitk\u00e4aikaisia tukitoimia ja usein my\u00f6s l\u00e4\u00e4kityksen.<\/p>\n<p>Lapsen ADT ei ole h\u00e4nen omaa syyt\u00e4\u00e4n<\/p>\n<p id=\"h-lasten-kohdalla-ei-voi-puhua-samalla-tavalla-hankinnallisesta-tai-itse-aiheutetusta-keskittymishairiosta-kuin-aikuisilla-vanhemmilla-on-nimittain-iso-rooli-lapsen-aivoterveyden-edistamisessa\">My\u00f6s lapset voivat oirehtia ADT:lle tyypillisell\u00e4 tavalla. Karlssonin mukaan hankinnallisesta tai itse aiheutetusta keskittymish\u00e4iri\u00f6st\u00e4 ei kuitenkaan voida puhua samoin lasten kuin aikuisten kohdalla: on lopulta vanhemman vastuulla, miten paljon lapsi esimerkiksi nukkuu tai k\u00e4ytt\u00e4\u00e4 \u00e4lylaitteita.<\/p>\n<p>\u2013 Uskallan v\u00e4itt\u00e4\u00e4, ett\u00e4 nuoret nukkuvat Suomessa liian v\u00e4h\u00e4n. Vastaanotolla kuulee varsinkin paljon siit\u00e4, ett\u00e4 viikonloppuisin valvotaan my\u00f6h\u00e4\u00e4n. Kun sunnuntaina on nukuttu pitk\u00e4\u00e4n, aikainen her\u00e4tys maanantaina on aikamoinen shokki alkavalle viikolle, Karlsson luonnehtii. <\/p>\n<p>Karlsson lis\u00e4\u00e4, ett\u00e4 murrosi\u00e4ss\u00e4 unirytmi k\u00e4\u00e4ntyy my\u00f6h\u00e4isemm\u00e4ksi biologisista syist\u00e4. Aamukahdeksalta alkavat koulup\u00e4iv\u00e4t eiv\u00e4t siten tue riitt\u00e4v\u00e4n unen saantia.<\/p>\n<p>ADHD:t\u00e4 ei voi est\u00e4\u00e4, mutta ADT:n ehk\u00e4isemisess\u00e4 vanhempien kannattaa hy\u00f6dynt\u00e4\u00e4 toimintamahdollisuutensa. Se tukee lapsen kokonaisvaltaista hyvinvointia.<\/p>\n<p>    Artikkeliin liittyv\u00e4t aiheet<\/p>\n","protected":false},"excerpt":{"rendered":"Keskittyminen herpaantuu yhten\u00e4\u00e4n, k\u00e4nnykk\u00e4 ilmestyy k\u00e4teen kuin huomaamatta. Mit\u00e4\u00e4n ei saa aloitetuksi, ajatus katkeilee. Onkohan minulla ADHD, moni&hellip;\n","protected":false},"author":2,"featured_media":340098,"comment_status":"","ping_status":"","sticky":false,"template":"","format":"standard","meta":{"footnotes":"","_share_on_mastodon":"0"},"categories":[165],"tags":[598,11441,33,31,30,166,11605,32,167],"class_list":["post-340097","post","type-post","status-publish","format-standard","has-post-thumbnail","category-terveys","tag-adhd","tag-alylaitteet","tag-fi","tag-finland","tag-finnish","tag-health","tag-neuropsykiatriset-hairiot","tag-suomi","tag-terveys"],"share_on_mastodon":{"url":"https:\/\/pubeurope.com\/@fi\/117205284148755372","error":""},"_links":{"self":[{"href":"https:\/\/www.europesays.com\/fi\/wp-json\/wp\/v2\/posts\/340097","targetHints":{"allow":["GET"]}}],"collection":[{"href":"https:\/\/www.europesays.com\/fi\/wp-json\/wp\/v2\/posts"}],"about":[{"href":"https:\/\/www.europesays.com\/fi\/wp-json\/wp\/v2\/types\/post"}],"author":[{"embeddable":true,"href":"https:\/\/www.europesays.com\/fi\/wp-json\/wp\/v2\/users\/2"}],"replies":[{"embeddable":true,"href":"https:\/\/www.europesays.com\/fi\/wp-json\/wp\/v2\/comments?post=340097"}],"version-history":[{"count":0,"href":"https:\/\/www.europesays.com\/fi\/wp-json\/wp\/v2\/posts\/340097\/revisions"}],"wp:featuredmedia":[{"embeddable":true,"href":"https:\/\/www.europesays.com\/fi\/wp-json\/wp\/v2\/media\/340098"}],"wp:attachment":[{"href":"https:\/\/www.europesays.com\/fi\/wp-json\/wp\/v2\/media?parent=340097"}],"wp:term":[{"taxonomy":"category","embeddable":true,"href":"https:\/\/www.europesays.com\/fi\/wp-json\/wp\/v2\/categories?post=340097"},{"taxonomy":"post_tag","embeddable":true,"href":"https:\/\/www.europesays.com\/fi\/wp-json\/wp\/v2\/tags?post=340097"}],"curies":[{"name":"wp","href":"https:\/\/api.w.org\/{rel}","templated":true}]}}