{"id":340107,"date":"2026-09-03T04:49:14","date_gmt":"2026-09-03T04:49:14","guid":{"rendered":"https:\/\/www.europesays.com\/fi\/340107\/"},"modified":"2026-09-03T04:49:14","modified_gmt":"2026-09-03T04:49:14","slug":"viron-puolustusministeri-eroaa-maa-maksoi-70-miljoonaa-euroa-ammuksista-joita-se-ei-koskaan-saanut","status":"publish","type":"post","link":"https:\/\/www.europesays.com\/fi\/340107\/","title":{"rendered":"Viron puolustusministeri eroaa \u2013 maa maksoi 70 miljoonaa euroa ammuksista, joita se ei koskaan saanut"},"content":{"rendered":"<p>Puolustusministeri Hanno Pevkur ilmoitti erostaan keskiviikkona.<\/p>\n<p><img decoding=\"async\" src=\"https:\/\/www.europesays.com\/fi\/wp-content\/uploads\/2026\/09\/1788410954_775_468.jpg\" alt=\"Hanno Pevkur on toiminut Viron puolustusministerin\u00e4 vuodesta 2022. H\u00e4n ilmoitti erostaan keskiviikkona. Kuvassa Pevkur Tukholmassa 20. elokuuta.\" class=\"_Img_1rerz_1\" style=\"aspect-ratio:1920\/1326\" loading=\"eager\"\/><\/p>\n<p class=\"font-(family-name:--picture-caption-font-family) text-(length:--picture-caption-font-size) leading-(--picture-caption-leading) font-(--picture-caption-font-weight) text-(color:--picture-caption-color)\">Hanno Pevkur on toiminut Viron puolustusministerin\u00e4 vuodesta 2022. H\u00e4n ilmoitti erostaan keskiviikkona. Kuvassa Pevkur Tukholmassa 20. elokuuta. Kuva:\u00a0Anders Wiklund \/ EPA<\/p>\n<p>Lue tiivistelm\u00e4<\/p>\n<p class=\"article-body mb-(--paragraph-margin-b) px-nof-16 sndp-summary-bullet-point-font\">Viron puolustusministeri Hanno Pevkur eroaa ammuskauppakohu vuoksi.<\/p>\n<p class=\"article-body mb-(--paragraph-margin-b) px-nof-16 sndp-summary-bullet-point-font\">Viro oli vuonna 2024 tilannut 70 miljoonalla eurolla ammuksia yritykselt\u00e4, joka ei ollut koskaan aiemmin tuottanut yht\u00e4k\u00e4\u00e4n. Ammukset oli m\u00e4\u00e4r\u00e4 l\u00e4hett\u00e4\u00e4 Ukrainaan.<\/p>\n<p class=\"article-body mb-(--paragraph-margin-b) px-nof-16 sndp-summary-bullet-point-font\">Hanno Pevkur on toiminut Viron puolustusministerin\u00e4 vuodesta 2022. H\u00e4n ei koe olevansa henkil\u00f6kohtaisesti vastuussa sopimuksista, mutta kertoo kantavansa poliittisen vastuun.<\/p>\n<p class=\"article-body mb-(--paragraph-margin-b) px-nof-16\">Viron puolustusministeri <a class=\"font-bold underline-offset-[0.12em] [text-decoration:var(--person-link-text-decoration)] [text-decoration-color:var(--person-link-text-decoration-color)]!\" href=\"https:\/\/www.aamulehti.fi\/haku\/?query=Hanno%20Pevkur\" rel=\"nofollow noopener\" target=\"_blank\">Hanno Pevkur<\/a> eroaa. Pevkur ilmoitti asiasta keskiviikkona virolaiskanava ETV:n haastattelussa, kertoo Viron yleisradio <a class=\"underline underline-offset-[0.12em] [text-decoration-thickness:var(--generic-link-underline-thickness)] [text-decoration-color:var(--generic-link-underline-color)] [text-decoration-skip-ink:var(--generic-link-underline-skip-ink)] break-words\" href=\"https:\/\/news.err.ee\/1610126620\/estonia-s-defense-minister-resigns-in-national-defense-procurement-scandal\" rel=\"nofollow noopener\" target=\"_blank\">ERR<\/a>.<\/p>\n<p class=\"article-body mb-(--paragraph-margin-b) px-nof-16\">Pevkur kertoi kantavansa poliittisen vastuun kohusta, joka syntyi t\u00e4ll\u00e4 viikolla.<\/p>\n<p class=\"article-body mb-(--paragraph-margin-b) px-nof-16\"><a class=\"underline underline-offset-[0.12em] [text-decoration-thickness:var(--generic-link-underline-thickness)] [text-decoration-color:var(--generic-link-underline-color)] [text-decoration-skip-ink:var(--generic-link-underline-skip-ink)] break-words\" href=\"https:\/\/www.delfi.ee\/artikkel\/120607983\/hanno-pevkur-teatas-et-astub-kaitseministri-ametist-tagasi\" rel=\"nofollow noopener\" target=\"_blank\">Delfille<\/a> Pevkur totesi, ettei h\u00e4nell\u00e4 ole en\u00e4\u00e4 parlamentin enemmist\u00f6n luottamusta.<\/p>\n<p class=\"article-body mb-(--paragraph-margin-b) px-nof-16\">Virolaislehti <a class=\"underline underline-offset-[0.12em] [text-decoration-thickness:var(--generic-link-underline-thickness)] [text-decoration-color:var(--generic-link-underline-color)] [text-decoration-skip-ink:var(--generic-link-underline-skip-ink)] break-words\" href=\"https:\/\/ekspress.delfi.ee\/artikkel\/120607714\/eesti-maksis-70-miljonit-eurot-indialastele-kes-polnud-varem-uhtegi-mursku-muunud\" rel=\"nofollow noopener\" target=\"_blank\">Eesti Ekspress<\/a> paljasti keskiviikkona, ett\u00e4 Viro oli tehnyt vuonna 2024 hankintasopimuksen Ukrainalle tarkoitetuista ammuksista intialaisomisteisen, Italiaan rekister\u00f6idyn yrityksen kanssa.<\/p>\n<p class=\"article-body mb-(--paragraph-margin-b) px-nof-16\">Sek\u00e4 Italiaan rekister\u00f6ity yritys Datasel ett\u00e4 sen intialainen omistaja Neco Defence Munitions eiv\u00e4t olleet koskaan aiemmin lehden mukaan tuottaneet yht\u00e4k\u00e4\u00e4n ammusta.<\/p>\n<p class=\"article-body mb-(--paragraph-margin-b) px-nof-16\">Valtiontalouden tarkastusvirasto oli ennen paljastusta julkaissut kriittisen raportin puolustusm\u00e4\u00e4r\u00e4rahojen k\u00e4yt\u00f6n ep\u00e4selvyyksist\u00e4.<\/p>\n<p class=\"article-body mb-(--paragraph-margin-b) px-nof-16\">Eesti Ekspressin mukaan Valtiollinen puolustusinvestointien keskus (RKIK) solmi Datasel-nimisen yrityksen kanssa kaksi sopimusta, ensimm\u00e4isen elokuussa 2024 ja toisen lokakuussa 2024.<\/p>\n<p class=\"article-body mb-(--paragraph-margin-b) px-nof-16\">Ensimm\u00e4inen er\u00e4 ammuksia oli m\u00e4\u00e4r\u00e4 saada Ukrainaan marraskuussa, mutta Datasel kertoi toimituksen viiv\u00e4styv\u00e4n ongelmien takia.<\/p>\n<p class=\"article-body mb-(--paragraph-margin-b) px-nof-16\">T\u00e4st\u00e4 huolimatta RKIK solmi Dataselin kanssa viel\u00e4 kaksi sopimusta lis\u00e4\u00e4 vuoden 2024 lopulla. Kaiken kaikkiaan Viro maksoi yritykselle ennakkoon 70 miljoonaa euroa ammuksista, joita se ei koskaan saanut.<\/p>\n<p class=\"article-body mb-(--paragraph-margin-b) px-nof-16\">Viro k\u00e4ytti ennakkomaksuihin EU:n rahastolta saamaansa tukea, kertoo ERR.<\/p>\n<p class=\"article-body mb-(--paragraph-margin-b) px-nof-16\">Viro on vienyt asian oikeuteen.<\/p>\n<p class=\"article-body mb-(--paragraph-margin-b) px-nof-16\">RKIK:n silloinen johtaja <a class=\"font-bold underline-offset-[0.12em] [text-decoration:var(--person-link-text-decoration)] [text-decoration-color:var(--person-link-text-decoration-color)]!\" href=\"https:\/\/www.aamulehti.fi\/haku\/?query=Magnus-Valdemar%20Saar\" rel=\"nofollow noopener\" target=\"_blank\">Magnus-Valdemar Saar<\/a> kertoi Eesti Ekspressille, ettei RKIK tehnyt mit\u00e4\u00e4n suuria hankintap\u00e4\u00e4t\u00f6ksi\u00e4 ilman puolustusministeri\u00f6n johdon suostumusta.<\/p>\n<p class=\"article-body mb-(--paragraph-margin-b) px-nof-16\">Pevkur on toiminut Viron puolustusministerin\u00e4 vuodesta 2022. H\u00e4n kertoi ETV:lle saaneensa RKIK:lta sopimukset, mutta ei ollut perehtynyt niihin. Pevkurin mukaan sellaiset yksityiskohdat eiv\u00e4t kuulu puolustusministerille.<\/p>\n<p class=\"article-body mb-(--paragraph-margin-b) px-nof-16\">\u201dPuolustusministeri ei osallistu sopimusneuvotteluihin tai laskeskele sukkia ja ammuksia. H\u00e4n tekee isot p\u00e4\u00e4t\u00f6kset Ukrainan tukemisesta. Valmisteluty\u00f6, neuvottelut ja kumppanuuksien etsiminen ovat RKIK:n vastuulla\u201d.<\/p>\n<p class=\"article-body mb-(--paragraph-margin-b) px-nof-16\">Nykyinen RKIK:n johtaja <a class=\"font-bold underline-offset-[0.12em] [text-decoration:var(--person-link-text-decoration)] [text-decoration-color:var(--person-link-text-decoration-color)]!\" href=\"https:\/\/www.aamulehti.fi\/haku\/?query=Elmar%20Vaher\" rel=\"nofollow noopener\" target=\"_blank\">Elmar Vaher<\/a> sanoi Eesti Ekspressille, ettei sopimuksia olisi h\u00e4nest\u00e4 pit\u00e4nyt tehd\u00e4.<\/p>\n<p class=\"article-body mb-(--paragraph-margin-b) px-nof-16\">\u201dJos aloitan rakentamaan taloa ja palkkaan yrityksen, joka ei ole koskaan rakentanut taloa, on aiheutta ep\u00e4ill\u00e4, valmistuuko talo koskaan\u201d, Vaher totesi lehdelle.<\/p>\n","protected":false},"excerpt":{"rendered":"Puolustusministeri Hanno Pevkur ilmoitti erostaan keskiviikkona. Hanno Pevkur on toiminut Viron puolustusministerin\u00e4 vuodesta 2022. H\u00e4n ilmoitti erostaan keskiviikkona.&hellip;\n","protected":false},"author":2,"featured_media":340108,"comment_status":"","ping_status":"","sticky":false,"template":"","format":"standard","meta":{"footnotes":"","_share_on_mastodon":"0"},"categories":[14],"tags":[157,22,23,26,27,33,31,30,17,24,25,28,29,15,18,21,32,19,20,56,16,59,60,61],"class_list":["post-340107","post","type-post","status-publish","format-standard","has-post-thumbnail","category-ulkomaat","tag-aamulehti","tag-breaking-news","tag-breakingnews","tag-featured-news","tag-featurednews","tag-fi","tag-finland","tag-finnish","tag-headlines","tag-latest-news","tag-latestnews","tag-main-news","tag-mainnews","tag-news","tag-otsikot","tag-paauutiset","tag-suomi","tag-top-stories","tag-topstories","tag-ulkomaat","tag-uutiset","tag-world","tag-world-news","tag-worldnews"],"share_on_mastodon":{"url":"https:\/\/pubeurope.com\/@fi\/117205308107593476","error":""},"_links":{"self":[{"href":"https:\/\/www.europesays.com\/fi\/wp-json\/wp\/v2\/posts\/340107","targetHints":{"allow":["GET"]}}],"collection":[{"href":"https:\/\/www.europesays.com\/fi\/wp-json\/wp\/v2\/posts"}],"about":[{"href":"https:\/\/www.europesays.com\/fi\/wp-json\/wp\/v2\/types\/post"}],"author":[{"embeddable":true,"href":"https:\/\/www.europesays.com\/fi\/wp-json\/wp\/v2\/users\/2"}],"replies":[{"embeddable":true,"href":"https:\/\/www.europesays.com\/fi\/wp-json\/wp\/v2\/comments?post=340107"}],"version-history":[{"count":0,"href":"https:\/\/www.europesays.com\/fi\/wp-json\/wp\/v2\/posts\/340107\/revisions"}],"wp:featuredmedia":[{"embeddable":true,"href":"https:\/\/www.europesays.com\/fi\/wp-json\/wp\/v2\/media\/340108"}],"wp:attachment":[{"href":"https:\/\/www.europesays.com\/fi\/wp-json\/wp\/v2\/media?parent=340107"}],"wp:term":[{"taxonomy":"category","embeddable":true,"href":"https:\/\/www.europesays.com\/fi\/wp-json\/wp\/v2\/categories?post=340107"},{"taxonomy":"post_tag","embeddable":true,"href":"https:\/\/www.europesays.com\/fi\/wp-json\/wp\/v2\/tags?post=340107"}],"curies":[{"name":"wp","href":"https:\/\/api.w.org\/{rel}","templated":true}]}}