{"id":340111,"date":"2026-09-03T04:51:18","date_gmt":"2026-09-03T04:51:18","guid":{"rendered":"https:\/\/www.europesays.com\/fi\/340111\/"},"modified":"2026-09-03T04:51:18","modified_gmt":"2026-09-03T04:51:18","slug":"thln-suuri-huumetutkimus-julki-nama-kaupungit-erottuvat-huolestuttavalla-tavalla","status":"publish","type":"post","link":"https:\/\/www.europesays.com\/fi\/340111\/","title":{"rendered":"THL:n suuri huumetutkimus julki: N\u00e4m\u00e4 kaupungit erottuvat huolestuttavalla tavalla"},"content":{"rendered":"<p>Alfa-PVP:n k\u00e4ytt\u00f6 on vakiintunut, ja kokaiinin k\u00e4ytt\u00f6 on lis\u00e4\u00e4ntynyt.<\/p>\n<p><img decoding=\"async\" src=\"https:\/\/www.europesays.com\/fi\/wp-content\/uploads\/2026\/09\/1788411078_394_468.jpg\" alt=\"Alfa-PVP:n k\u00e4yt\u00f6n lis\u00e4\u00e4ntyminen on taittunut, mutta k\u00e4ytt\u00f6m\u00e4\u00e4r\u00e4t n\u00e4ytt\u00e4v\u00e4t vakiintuneen varsin suuriksi. Kuvassa alfa-PVP:n polttopiippu.\" class=\"_Img_1rerz_1\" style=\"aspect-ratio:1920\/1080\" loading=\"eager\"\/><\/p>\n<p class=\"font-(family-name:--picture-caption-font-family) text-(length:--picture-caption-font-size) leading-(--picture-caption-leading) font-(--picture-caption-font-weight) text-(color:--picture-caption-color)\">Alfa-PVP:n k\u00e4yt\u00f6n lis\u00e4\u00e4ntyminen on taittunut, mutta k\u00e4ytt\u00f6m\u00e4\u00e4r\u00e4t n\u00e4ytt\u00e4v\u00e4t vakiintuneen varsin suuriksi. Kuvassa alfa-PVP:n polttopiippu. Kuva:\u00a0Jussi Nukari<\/p>\n<p class=\"article-body mb-(--paragraph-margin-b) px-nof-16\">Alfa-PVP:n k\u00e4ytt\u00f6 keskittyy edelleen voimakkaasti Etel\u00e4- ja L\u00e4nsi-Suomeen, etenkin p\u00e4\u00e4kaupunkiseudulle, kertoo Terveyden ja hyvinvoinnin laitos (THL) tiedotteessa.<\/p>\n<p class=\"article-body mb-(--paragraph-margin-b) px-nof-16\">Sen sijaan useissa Pohjois- ja It\u00e4-Suomen kaupungeissa alfa-PVP:t\u00e4 havaittiin vain pieni\u00e4 m\u00e4\u00e4ri\u00e4 satunnaisesti tai ei lainkaan.<\/p>\n<p class=\"article-body mb-(--paragraph-margin-b) px-nof-16\">Tiedot pohjautuvat kattavaan j\u00e4tevesitutkimukseen.<\/p>\n<p class=\"article-body mb-(--paragraph-margin-b) px-nof-16\">Suurimpien Etel\u00e4- ja L\u00e4nsi-Suomen kaupunkien lis\u00e4ksi alfa-PVP:t\u00e4 esiintyi j\u00e4tevesitutkimuksissa s\u00e4\u00e4nn\u00f6llisesti jokaisena viikonp\u00e4iv\u00e4n\u00e4 Salossa, Vihdiss\u00e4, H\u00e4meenlinnassa, Jyv\u00e4skyl\u00e4ss\u00e4, Porvoossa, Nokialla, Lahdessa, Porissa, Huittisissa, Mikkeliss\u00e4 ja Joensuussa.<\/p>\n<p class=\"article-body mb-(--paragraph-margin-b) px-nof-16\">Alfa-PVP:n k\u00e4yt\u00f6n lis\u00e4\u00e4ntyminen on taittunut, mutta k\u00e4ytt\u00f6m\u00e4\u00e4r\u00e4t n\u00e4ytt\u00e4v\u00e4t vakiintuneen varsin suuriksi.<\/p>\n<p class=\"article-body mb-(--paragraph-margin-b) px-nof-16\">Alfa-PVP on yleisin ja pisimp\u00e4\u00e4n laajalti p\u00e4ihdek\u00e4yt\u00f6ss\u00e4 esiintynyt uusi psykoaktiivinen aine Suomessa. Alfa-PVP luokiteltiin huumausaineeksi Suomessa vuoden 2013 lopussa.<\/p>\n<p class=\"article-body mb-(--paragraph-margin-b) px-nof-16\">Kokaiinia k\u00e4ytet\u00e4\u00e4n aiempaa enemm\u00e4n l\u00e4hes koko Suomessa. Eniten kokaiinia k\u00e4ytet\u00e4\u00e4n etel\u00e4isen Suomen suurissa kaupungeissa.<\/p>\n<p class=\"article-body mb-(--paragraph-margin-b) px-nof-16\">Amfetamiini on eniten k\u00e4ytetty stimulanttihuume valtaosassa maata. Keskim\u00e4\u00e4r\u00e4isesti amfetamiinin k\u00e4ytt\u00f6m\u00e4\u00e4r\u00e4t ovat pysyneet varsin tasaisina viime vuosina. MDMA:n eli ekstaasin k\u00e4ytt\u00f6 on v\u00e4hentynyt.<\/p>\n<p class=\"article-body mb-(--paragraph-margin-b) px-nof-16\">\u2013 Kokaiinin k\u00e4ytt\u00f6 on lis\u00e4\u00e4ntynyt Suomessa koko mittaushistorian ajan, eli vuodesta 2012 l\u00e4htien, ja kasvu on jatkunut voimakkaana. P\u00e4\u00e4kaupunkiseudulla k\u00e4ytt\u00f6\u00e4 on edelleen eniten, mutta suurimmat muutokset n\u00e4hd\u00e4\u00e4n nyt muualla Suomessa, kertoo THL:n kehitt\u00e4mis\u00adp\u00e4\u00e4llikk\u00f6 <a class=\"font-bold underline-offset-[0.12em] [text-decoration:var(--person-link-text-decoration)] [text-decoration-color:var(--person-link-text-decoration-color)]!\" href=\"https:\/\/www.is.fi\/haku\/?query=Aino%20Kankaanp%C3%A4%C3%A4\" rel=\"nofollow noopener\" target=\"_blank\">Aino Kankaanp\u00e4\u00e4<\/a> tiedotteessa.<\/p>\n<p class=\"article-body mb-(--paragraph-margin-b) px-nof-16\">Metamfetamiinin k\u00e4ytt\u00f6 on edelleen keskim\u00e4\u00e4rin v\u00e4h\u00e4ist\u00e4.<\/p>\n<p>N\u00e4in tutkimus tehtiin<\/p>\n<p class=\"article-body mb-(--paragraph-margin-b) px-nof-16\">Nyt julkaistut huumeiden laajan valtakunnallisen j\u00e4tevesitutkimuksen tulokset ovat maaliskuun ker\u00e4ysjaksolta vuonna 2026 32 kaupungista l\u00e4hialueineen.<\/p>\n<p class=\"article-body mb-(--paragraph-margin-b) px-nof-16\">Lis\u00e4ksi suurimmista kaupungeista (Helsinki, Turku, Tampere) on julkaistu jatkuvan j\u00e4tevesiseurannan tulokset kuluvan vuoden kes\u00e4kuun loppuun saakka.<\/p>\n<p class=\"article-body mb-(--paragraph-margin-b) px-nof-16\">Jatkuvan j\u00e4tevesitutkimuksen n\u00e4ytteet ker\u00e4t\u00e4\u00e4n Helsingist\u00e4, Tampereelta ja Turusta sunnuntai- ja maanantaiaamun v\u00e4lisen\u00e4 aikana, joten tulokset kuvaavat erityisesti huumeiden viikonloppuk\u00e4ytt\u00f6\u00e4.<\/p>\n<p class=\"article-body mb-(--paragraph-margin-b) px-nof-16\">Valtakunnallisen ker\u00e4yksen tulokset kuvastavat kaikista viikonp\u00e4ivist\u00e4 laskettua keskim\u00e4\u00e4r\u00e4ist\u00e4 k\u00e4ytt\u00f6\u00e4.<\/p>\n<p class=\"article-body mb-(--paragraph-margin-b) px-nof-16\">Laaja tutkimus kattaa noin 65 prosenttia Suomen v\u00e4est\u00f6st\u00e4.<\/p>\n<p class=\"article-body mb-(--paragraph-margin-b) px-nof-16\">Lue lis\u00e4\u00e4: <a class=\"underline underline-offset-[0.12em] [text-decoration-thickness:var(--generic-link-underline-thickness)] [text-decoration-color:var(--generic-link-underline-color)] [text-decoration-skip-ink:var(--generic-link-underline-skip-ink)] break-words\" href=\"https:\/\/www.is.fi\/kotimaa\/art-2000012228111.html\" rel=\"nofollow noopener\" target=\"_blank\">Kirja: Niilo eli tavallisen lapsuuden maaseudulla \u2013 sitten tuli \u201dpeukku\u201d<\/a><\/p>\n<p class=\"article-body mb-(--paragraph-margin-b) px-nof-16\">Lue lis\u00e4\u00e4: <a class=\"underline underline-offset-[0.12em] [text-decoration-thickness:var(--generic-link-underline-thickness)] [text-decoration-color:var(--generic-link-underline-color)] [text-decoration-skip-ink:var(--generic-link-underline-skip-ink)] break-words\" href=\"https:\/\/www.is.fi\/kotimaa\/art-2000012138717.html\" rel=\"nofollow noopener\" target=\"_blank\">\u201dPeukku\u201d vei Ukon, 29, \u201dtuhannen skutsiin\u201d ja sai tekem\u00e4\u00e4n j\u00e4rjett\u00f6mi\u00e4 asioita \u2013 t\u00e4m\u00e4 on Helsingin peukku\u00adtilanne nyt<\/a><\/p>\n<p class=\"article-body mb-(--paragraph-margin-b) px-nof-16\">\u200b<\/p>\n","protected":false},"excerpt":{"rendered":"Alfa-PVP:n k\u00e4ytt\u00f6 on vakiintunut, ja kokaiinin k\u00e4ytt\u00f6 on lis\u00e4\u00e4ntynyt. Alfa-PVP:n k\u00e4yt\u00f6n lis\u00e4\u00e4ntyminen on taittunut, mutta k\u00e4ytt\u00f6m\u00e4\u00e4r\u00e4t n\u00e4ytt\u00e4v\u00e4t vakiintuneen&hellip;\n","protected":false},"author":2,"featured_media":340112,"comment_status":"","ping_status":"","sticky":false,"template":"","format":"standard","meta":{"footnotes":"","_share_on_mastodon":"0"},"categories":[5],"tags":[22,23,26,27,33,31,30,17,34,24,25,28,29,15,18,21,32,19,20,16],"class_list":["post-340111","post","type-post","status-publish","format-standard","has-post-thumbnail","category-otsikot","tag-breaking-news","tag-breakingnews","tag-featured-news","tag-featurednews","tag-fi","tag-finland","tag-finnish","tag-headlines","tag-ilta-sanomat","tag-latest-news","tag-latestnews","tag-main-news","tag-mainnews","tag-news","tag-otsikot","tag-paauutiset","tag-suomi","tag-top-stories","tag-topstories","tag-uutiset"],"share_on_mastodon":{"url":"https:\/\/pubeurope.com\/@fi\/117205315988566248","error":""},"_links":{"self":[{"href":"https:\/\/www.europesays.com\/fi\/wp-json\/wp\/v2\/posts\/340111","targetHints":{"allow":["GET"]}}],"collection":[{"href":"https:\/\/www.europesays.com\/fi\/wp-json\/wp\/v2\/posts"}],"about":[{"href":"https:\/\/www.europesays.com\/fi\/wp-json\/wp\/v2\/types\/post"}],"author":[{"embeddable":true,"href":"https:\/\/www.europesays.com\/fi\/wp-json\/wp\/v2\/users\/2"}],"replies":[{"embeddable":true,"href":"https:\/\/www.europesays.com\/fi\/wp-json\/wp\/v2\/comments?post=340111"}],"version-history":[{"count":0,"href":"https:\/\/www.europesays.com\/fi\/wp-json\/wp\/v2\/posts\/340111\/revisions"}],"wp:featuredmedia":[{"embeddable":true,"href":"https:\/\/www.europesays.com\/fi\/wp-json\/wp\/v2\/media\/340112"}],"wp:attachment":[{"href":"https:\/\/www.europesays.com\/fi\/wp-json\/wp\/v2\/media?parent=340111"}],"wp:term":[{"taxonomy":"category","embeddable":true,"href":"https:\/\/www.europesays.com\/fi\/wp-json\/wp\/v2\/categories?post=340111"},{"taxonomy":"post_tag","embeddable":true,"href":"https:\/\/www.europesays.com\/fi\/wp-json\/wp\/v2\/tags?post=340111"}],"curies":[{"name":"wp","href":"https:\/\/api.w.org\/{rel}","templated":true}]}}