{"id":340121,"date":"2026-09-03T05:11:10","date_gmt":"2026-09-03T05:11:10","guid":{"rendered":"https:\/\/www.europesays.com\/fi\/340121\/"},"modified":"2026-09-03T05:11:10","modified_gmt":"2026-09-03T05:11:10","slug":"trumpilta-tyly-kommentti-sussexin-herttuaparista","status":"publish","type":"post","link":"https:\/\/www.europesays.com\/fi\/340121\/","title":{"rendered":"Trumpilta tyly kommentti Sussexin herttuaparista"},"content":{"rendered":"<p>Sussexin herttuapari muutti Yhdysvaltojen Kaliforniasta takaisin Isoon-Britanniaan viime viikolla. <\/p>\n<p><img decoding=\"async\" class=\"image image-show image-preview\" src=\"https:\/\/www.europesays.com\/fi\/wp-content\/uploads\/2026\/09\/25a2c22b167dde554e7a40543dc938be799022fa111595f2d48a0b6bd33f7676.jpg\" alt=\"\"\/><img decoding=\"async\" class=\"image image-show\" src=\"https:\/\/www.europesays.com\/fi\/wp-content\/uploads\/2026\/09\/1788412270_138_25a2c22b167dde554e7a40543dc938be799022fa111595f2d48a0b6bd33f7676.jpg\" alt=\"\"\/><\/p>\n<p>Trump kommentoi Sussexin herttuaparin muuttoa. Arkistokuva. AOP<\/p>\n<p class=\"paragraph\">Yhdysvaltain presidentti <a href=\"https:\/\/www.iltalehti.fi\/henkilot\/Donald Trump\" class=\"article-link-person-page\" rel=\"nofollow noopener\" target=\"_blank\">Donald Trump<\/a> kertoo olevansa \u201diloinen\u201d siit\u00e4, ett\u00e4 prinssi <strong>Harry<\/strong> ja herttuatar <a href=\"https:\/\/www.iltalehti.fi\/henkilot\/Meghan, Sussexin herttuatar\" class=\"article-link-person-page\" rel=\"nofollow noopener\" target=\"_blank\">Meghan<\/a> muuttivat takaisin Isoon-Britanniaan, uutisoi <a href=\"https:\/\/www.reuters.com\/world\/europe\/trump-says-he-is-happy-harry-meghan-left-us-2026-09-02\/\" target=\"_blank\" rel=\"noopener nofollow\">Reuters<\/a>.<\/p>\n<p class=\"paragraph\">\u2013 En ollut fani, Trump kuvaili suhdettaan Sussexin herttuapariin keskiviikkona.<\/p>\n<p class=\"paragraph\">Trumpin mukaan h\u00e4nell\u00e4 oli hyv\u00e4 suhde kuningatar <strong>Elisabetin<\/strong> kanssa. Presidentti kuvailee suhdettaan kuningas <strong>Charlesiin<\/strong> niin ik\u00e4\u00e4n hyv\u00e4ksi.<\/p>\n<p class=\"paragraph\">Trumpin mielest\u00e4 Harry ja Meghan \u201dkohtelivat kuninkaallista perhett\u00e4 eritt\u00e4in ep\u00e4kunnioittavasti\u201d.<\/p>\n<p class=\"paragraph\">\u2013 En pit\u00e4nyt siit\u00e4. Jos olisin osa kuninkaallista perhett\u00e4, en olisi ottanut heit\u00e4 takaisin, Trump tylytti toimittajille.<\/p>\n<p class=\"paragraph\">Sussexin herttuapari muutti Yhdysvaltojen Kaliforniasta takaisin Isoon-Britanniaan viime viikolla.<\/p>\n<p>Harry ja Meghan j\u00e4ttiv\u00e4t brittihovin taakseen vuonna 2020 ja ovat asuneet viimeiset kuusi vuotta Kalifornian Montecitossa. Arkistokuva. AOP<\/p>\n<p class=\"paragraph\"><a href=\"https:\/\/pagesix.com\/2026\/08\/26\/royal-family\/the-staggering-cost-meghan-markle-and-prince-harry-paid-to-fly-on-luxurious-private-jet-to-uk\/\" target=\"_blank\" rel=\"noopener nofollow\">Page Six -median<\/a> mukaan pariskunta matkusti Los Angelesista Birminghamiin yksityislentokoneella, jonka k\u00e4ytt\u00f6 maksaa 12\u202f000 dollaria tunnilta.<\/p>\n<p class=\"paragraph\">Koska matka-aika kahden kaupungin v\u00e4lill\u00e4 on noin 10 tuntia, olisi lento kustantanut kokonaisuudessaan 120\u202f000 dollaria eli yli 100\u202f000 euroa.<\/p>\n<p class=\"paragraph\">Harryn ja Meghanin lis\u00e4ksi Englantiin matkustivat parin lapset prinssi <a href=\"https:\/\/www.iltalehti.fi\/henkilot\/Archie Harrison\" class=\"article-link-person-page\" rel=\"nofollow noopener\" target=\"_blank\">Archie<\/a>, 7, ja prinsessa <a href=\"https:\/\/www.iltalehti.fi\/henkilot\/Lilibet Diana Mountbatten-Windsor\" class=\"article-link-person-page\" rel=\"nofollow noopener\" target=\"_blank\">Lilibet<\/a>, 5, sek\u00e4 perheen koirat, labradorinnoutaja Pula ja beagle Mia.<\/p>\n<p class=\"paragraph\">Perhe on tiett\u00e4v\u00e4sti l\u00f6yt\u00e4nyt kodin Cotswaldsin alueelta, ja lapset aloittavat brittil\u00e4isess\u00e4 koulussa syyskuussa.<\/p>\n<p class=\"paragraph\">Perheen on sanottu palaavan Britanniaan \u201dpidemm\u00e4ksi aikaa\u201d, mutta tarkkaa tietoa ei ole, mit\u00e4 t\u00e4m\u00e4 k\u00e4yt\u00e4nn\u00f6ss\u00e4 tarkoittaa.<\/p>\n","protected":false},"excerpt":{"rendered":"Sussexin herttuapari muutti Yhdysvaltojen Kaliforniasta takaisin Isoon-Britanniaan viime viikolla. Trump kommentoi Sussexin herttuaparin muuttoa. Arkistokuva. AOP Yhdysvaltain presidentti&hellip;\n","protected":false},"author":2,"featured_media":340122,"comment_status":"","ping_status":"","sticky":false,"template":"","format":"standard","meta":{"footnotes":"","_share_on_mastodon":"0"},"categories":[130],"tags":[35,722,137,33,31,30,653,99,98,32,109,143],"class_list":["post-340121","post","type-post","status-publish","format-standard","has-post-thumbnail","category-viihde","tag-24h","tag-amerikka","tag-entertainment","tag-fi","tag-finland","tag-finnish","tag-julkkisperheet","tag-lapset","tag-perhe","tag-suomi","tag-viihde","tag-yhdysvaltain-politiikka"],"share_on_mastodon":{"url":"","error":""},"_links":{"self":[{"href":"https:\/\/www.europesays.com\/fi\/wp-json\/wp\/v2\/posts\/340121","targetHints":{"allow":["GET"]}}],"collection":[{"href":"https:\/\/www.europesays.com\/fi\/wp-json\/wp\/v2\/posts"}],"about":[{"href":"https:\/\/www.europesays.com\/fi\/wp-json\/wp\/v2\/types\/post"}],"author":[{"embeddable":true,"href":"https:\/\/www.europesays.com\/fi\/wp-json\/wp\/v2\/users\/2"}],"replies":[{"embeddable":true,"href":"https:\/\/www.europesays.com\/fi\/wp-json\/wp\/v2\/comments?post=340121"}],"version-history":[{"count":0,"href":"https:\/\/www.europesays.com\/fi\/wp-json\/wp\/v2\/posts\/340121\/revisions"}],"wp:featuredmedia":[{"embeddable":true,"href":"https:\/\/www.europesays.com\/fi\/wp-json\/wp\/v2\/media\/340122"}],"wp:attachment":[{"href":"https:\/\/www.europesays.com\/fi\/wp-json\/wp\/v2\/media?parent=340121"}],"wp:term":[{"taxonomy":"category","embeddable":true,"href":"https:\/\/www.europesays.com\/fi\/wp-json\/wp\/v2\/categories?post=340121"},{"taxonomy":"post_tag","embeddable":true,"href":"https:\/\/www.europesays.com\/fi\/wp-json\/wp\/v2\/tags?post=340121"}],"curies":[{"name":"wp","href":"https:\/\/api.w.org\/{rel}","templated":true}]}}