{"id":340129,"date":"2026-09-03T05:17:36","date_gmt":"2026-09-03T05:17:36","guid":{"rendered":"https:\/\/www.europesays.com\/fi\/340129\/"},"modified":"2026-09-03T05:17:36","modified_gmt":"2026-09-03T05:17:36","slug":"poliisi-ohjelmasta-tuttua-poliisimiesta-syytetaan-rikoksesta","status":"publish","type":"post","link":"https:\/\/www.europesays.com\/fi\/340129\/","title":{"rendered":"Poliisi-ohjelmasta tuttua poliisimiest\u00e4 syytet\u00e4\u00e4n rikoksesta"},"content":{"rendered":"<p>Poliisimies esiintyi suositussa Poliisit-ohjelmassa.<\/p>\n<p><img decoding=\"async\" src=\"https:\/\/www.europesays.com\/fi\/wp-content\/uploads\/2026\/09\/1788412655_241_468.jpg\" alt=\"Nea kuolemaan johtaneita tapahtumia k\u00e4sitell\u00e4\u00e4n oikeudessa torstaina.\" class=\"_Img_1rerz_1\" style=\"aspect-ratio:1920\/1080\" loading=\"eager\"\/><\/p>\n<p class=\"font-(family-name:--picture-caption-font-family) text-(length:--picture-caption-font-size) leading-(--picture-caption-leading) font-(--picture-caption-font-weight) text-(color:--picture-caption-color)\">Nea kuolemaan johtaneita tapahtumia k\u00e4sitell\u00e4\u00e4n oikeudessa torstaina. Kuva:\u00a0Kotialbumi, Eeva Valtokari \/ IS<\/p>\n<p class=\"article-body mb-(--paragraph-margin-b) px-nof-16\">TV-OHJELMASTA tuttua 61-vuotiasta entist\u00e4 poliisia syytet\u00e4\u00e4n It\u00e4-Uudenmaan k\u00e4r\u00e4j\u00e4oikeudessa kuolemantuottamuksesta ja virkavelvollisuuden rikkomisesta.<\/p>\n<p class=\"article-body mb-(--paragraph-margin-b) px-nof-16\">Syytteet liittyv\u00e4t 22-vuotiaan <a class=\"font-bold underline-offset-[0.12em] [text-decoration:var(--person-link-text-decoration)] [text-decoration-color:var(--person-link-text-decoration-color)]!\" href=\"https:\/\/www.is.fi\/haku\/?query=Nea%20Lind%C3%A9nin\" rel=\"nofollow noopener\" target=\"_blank\">Nea Lind\u00e9nin<\/a> surulliseen kuolemaan.<\/p>\n<p class=\"article-body mb-(--paragraph-margin-b) px-nof-16\">Ep\u00e4vakaasta personallisuush\u00e4iri\u00f6st\u00e4 k\u00e4rsinyt Nea kuoli l\u00e4\u00e4kkeiden yliannostukseen huhtikuussa 2023.<\/p>\n<ul class=\"mb-nof-16 px-nof-16 article-unordered-list unordered-list\">\n<li class=\"unordered-list-item\">\n<p class=\"article-body\">IS seuraa k\u00e4sittely\u00e4 t\u00e4ss\u00e4 jutussa kello 9 alkaen.<\/p>\n<\/li>\n<\/ul>\n<p><img decoding=\"async\" src=\"https:\/\/www.europesays.com\/fi\/wp-content\/uploads\/2026\/09\/1788412655_179_468.jpg\" alt=\"L\u00e4heiset kertoivat Nean kuolemaan johtaneista tapahtumista marraskuussa 2023.\" class=\"_Img_1rerz_1\" style=\"aspect-ratio:1440\/1920\" loading=\"eager\"\/><\/p>\n<p class=\"font-(family-name:--picture-caption-font-family) text-(length:--picture-caption-font-size) leading-(--picture-caption-leading) font-(--picture-caption-font-weight) text-(color:--picture-caption-color) picture-with-caption__caption picture-with-caption__caption--default-full\">L\u00e4heiset kertoivat Nean kuolemaan johtaneista tapahtumista marraskuussa 2023.<\/p>\n<p class=\"article-body mb-(--paragraph-margin-b) px-nof-16\">Ilta-Sanomat kertoi Nean <a class=\"underline underline-offset-[0.12em] [text-decoration-thickness:var(--generic-link-underline-thickness)] [text-decoration-color:var(--generic-link-underline-color)] [text-decoration-skip-ink:var(--generic-link-underline-skip-ink)] break-words\" href=\"https:\/\/www.is.fi\/perhe\/art-2000009980335.html\" rel=\"nofollow noopener\" target=\"_blank\">tapauksesta <\/a>marraskuussa 2023. Kuoliniltana Nean yst\u00e4v\u00e4 oli soittanut h\u00e4t\u00e4keskukseen huolestuneena Nean voinnista. Yst\u00e4v\u00e4 kertoi puhuneensa Nean kanssa puhelimessa, kun t\u00e4m\u00e4n puhe alkoi puuroutua. Yst\u00e4v\u00e4 ymm\u00e4rsi vaaratilanteen ja soitti oitis h\u00e4t\u00e4keskukseen.<\/p>\n<p class=\"article-body mb-(--paragraph-margin-b) px-nof-16\">\u2013 Pyysin heit\u00e4 l\u00e4hett\u00e4m\u00e4\u00e4n apua Nealle ja kerroin, mit\u00e4 kaikkea Nea kertoi minulle ottaneensa. He lupasivat soittaa Nealle.<\/p>\n<p class=\"article-body mb-(--paragraph-margin-b) px-nof-16\">Kun Nean ei saatu yhteytt\u00e4, h\u00e4t\u00e4keskus lupasi h\u00e4lytt\u00e4\u00e4 apua paikalle.<\/p>\n<p class=\"article-body mb-(--paragraph-margin-b) px-nof-16\">Apu ei kuitenkaan koskaan saapunut paikalle. Seuraavana aamuna Nean is\u00e4 l\u00f6ysi tytt\u00e4rens\u00e4 kuolleena.<\/p>\n<p class=\"article-body mb-(--paragraph-margin-b) px-nof-16\">My\u00f6hemmin Nean omaisille selvisi, ett\u00e4 poliisin oikeusyksikk\u00f6 oli alkanut selvitt\u00e4\u00e4 poliisipartion toimintaa. My\u00f6hemmin asiasta aloitettiin esitutkinta. Nyt yht\u00e4 poliisimiest\u00e4 syytet\u00e4\u00e4n rikoksista oikeudessa.<\/p>\n<p><img decoding=\"async\" src=\"https:\/\/www.europesays.com\/fi\/wp-content\/uploads\/2026\/09\/1788412656_43_468.jpg\" alt=\"Nean vanhemmat kertoivat olevansa varmoja siit\u00e4, ettei Nea olisi oikeasti tahtonut kuolla. Nea oli my\u00f6s sanonut niin \u00e4idilleen.\" class=\"_Img_1rerz_1\" style=\"aspect-ratio:1920\/1920\" loading=\"eager\"\/><\/p>\n<p class=\"font-(family-name:--picture-caption-font-family) text-(length:--picture-caption-font-size) leading-(--picture-caption-leading) font-(--picture-caption-font-weight) text-(color:--picture-caption-color) picture-with-caption__caption picture-with-caption__caption--default-full\">Nean vanhemmat kertoivat olevansa varmoja siit\u00e4, ettei Nea olisi oikeasti tahtonut kuolla. Nea oli my\u00f6s sanonut niin \u00e4idilleen.<\/p>\n<p class=\"article-body mb-(--paragraph-margin-b) px-nof-16\">Rikoksista syytetty poliisimies on takavuosina esiintynyt Poliisit-sarjassa, jota esitettiin Jim-kanavalla 12 kautta vuodesta 2009 alkaen.<\/p>\n<p class=\"article-body mb-(--paragraph-margin-b) px-nof-16\">Mies on antanut eri paikallismedioille aiemmin haastatteluja ja kertonut el\u00e4m\u00e4st\u00e4\u00e4n ja poliisity\u00f6st\u00e4\u00e4n. H\u00e4n on kertonut julkisuudessa my\u00f6s j\u00e4\u00e4neens\u00e4 jo poliisin ty\u00f6st\u00e4 el\u00e4kkeelle.<\/p>\n<p class=\"article-body mb-(--paragraph-margin-b) px-nof-16\">Ilta-Sanomien tietojen mukaan poliisi on jo aiemmin, noin vuosi sitten tuomittu parista virkarikoksesta. Tuomiot liittyiv\u00e4t siihen, ett\u00e4 poliisimies oli katsellut poliisin j\u00e4rjestelm\u00e4st\u00e4 luvatta ex-vaimonsa ja t\u00e4m\u00e4n pojan tietoja. Miest\u00e4 syytettiin my\u00f6s ex-vaimonsa vainoamisesta, mutta oikeus katsoi, ettei miehen ep\u00e4asiallinen viestint\u00e4 t\u00e4ytt\u00e4nyt vainoamisen tunnusmerkist\u00f6\u00e4.<\/p>\n","protected":false},"excerpt":{"rendered":"Poliisimies esiintyi suositussa Poliisit-ohjelmassa. Nea kuolemaan johtaneita tapahtumia k\u00e4sitell\u00e4\u00e4n oikeudessa torstaina. Kuva:\u00a0Kotialbumi, Eeva Valtokari \/ IS TV-OHJELMASTA tuttua&hellip;\n","protected":false},"author":2,"featured_media":340130,"comment_status":"","ping_status":"","sticky":false,"template":"","format":"standard","meta":{"footnotes":"","_share_on_mastodon":"0"},"categories":[5],"tags":[22,23,26,27,33,31,30,17,34,24,25,28,29,15,18,21,32,19,20,16],"class_list":["post-340129","post","type-post","status-publish","format-standard","has-post-thumbnail","category-otsikot","tag-breaking-news","tag-breakingnews","tag-featured-news","tag-featurednews","tag-fi","tag-finland","tag-finnish","tag-headlines","tag-ilta-sanomat","tag-latest-news","tag-latestnews","tag-main-news","tag-mainnews","tag-news","tag-otsikot","tag-paauutiset","tag-suomi","tag-top-stories","tag-topstories","tag-uutiset"],"share_on_mastodon":{"url":"https:\/\/pubeurope.com\/@fi\/117205417825695704","error":""},"_links":{"self":[{"href":"https:\/\/www.europesays.com\/fi\/wp-json\/wp\/v2\/posts\/340129","targetHints":{"allow":["GET"]}}],"collection":[{"href":"https:\/\/www.europesays.com\/fi\/wp-json\/wp\/v2\/posts"}],"about":[{"href":"https:\/\/www.europesays.com\/fi\/wp-json\/wp\/v2\/types\/post"}],"author":[{"embeddable":true,"href":"https:\/\/www.europesays.com\/fi\/wp-json\/wp\/v2\/users\/2"}],"replies":[{"embeddable":true,"href":"https:\/\/www.europesays.com\/fi\/wp-json\/wp\/v2\/comments?post=340129"}],"version-history":[{"count":0,"href":"https:\/\/www.europesays.com\/fi\/wp-json\/wp\/v2\/posts\/340129\/revisions"}],"wp:featuredmedia":[{"embeddable":true,"href":"https:\/\/www.europesays.com\/fi\/wp-json\/wp\/v2\/media\/340130"}],"wp:attachment":[{"href":"https:\/\/www.europesays.com\/fi\/wp-json\/wp\/v2\/media?parent=340129"}],"wp:term":[{"taxonomy":"category","embeddable":true,"href":"https:\/\/www.europesays.com\/fi\/wp-json\/wp\/v2\/categories?post=340129"},{"taxonomy":"post_tag","embeddable":true,"href":"https:\/\/www.europesays.com\/fi\/wp-json\/wp\/v2\/tags?post=340129"}],"curies":[{"name":"wp","href":"https:\/\/api.w.org\/{rel}","templated":true}]}}