{"id":340135,"date":"2026-09-03T05:37:10","date_gmt":"2026-09-03T05:37:10","guid":{"rendered":"https:\/\/www.europesays.com\/fi\/340135\/"},"modified":"2026-09-03T05:37:10","modified_gmt":"2026-09-03T05:37:10","slug":"julkkiksen-suoritus-epaonnistuu-loukkaantuu-jo-erikoisjoukkojen-alussa","status":"publish","type":"post","link":"https:\/\/www.europesays.com\/fi\/340135\/","title":{"rendered":"Julkkiksen suoritus ep\u00e4onnistuu \u2013 Loukkaantuu jo Erikoisjoukkojen alussa"},"content":{"rendered":"<p>Erikoisjoukot-kokelaan suoritus menee pieleen ensimm\u00e4isess\u00e4 teht\u00e4v\u00e4ss\u00e4. VARO JUONIPALJASTUKSIA!<\/p>\n<p><img decoding=\"async\" class=\"image image-show image-preview\" src=\"https:\/\/www.europesays.com\/fi\/wp-content\/uploads\/2026\/09\/2dfa0a2763f7e431afe9c4d96f805f653a097b55cec249e4cf21d5b806bc44ff.jpg\" alt=\"\"\/><img decoding=\"async\" class=\"image image-show\" src=\"https:\/\/www.europesays.com\/fi\/wp-content\/uploads\/2026\/09\/1788413830_904_2dfa0a2763f7e431afe9c4d96f805f653a097b55cec249e4cf21d5b806bc44ff.jpg\" alt=\"\"\/><\/p>\n<p>Erikoisjoukkojen p\u00e4\u00e4kouluttaja Janne Lehtonen ohjeistaa Robin Hendryn kanssa kokelaita haastavan teht\u00e4v\u00e4n suorittamisessa. Nelonen<\/p>\n<p class=\"paragraph\">Erikoisjoukot-ohjelman avausjaksossa kokelaiden teht\u00e4v\u00e4n\u00e4 oli kaatua korkealta korokkeelta taaksep\u00e4in veteen ja p\u00e4\u00e4 edell\u00e4. Teht\u00e4v\u00e4ss\u00e4 t\u00e4rkeint\u00e4 on kuunnella ja omaksua kouluttajien antamat ohjeet.<\/p>\n<p class=\"paragraph\">Koomikko <strong>Tomi Haustola<\/strong> kaatuu veteen, mutta laskeutumisen aikana h\u00e4nen kehonsa k\u00e4\u00e4ntyy liian paljon. H\u00e4n osuu veteen toinen kylki ja kasvot edell\u00e4.<\/p>\n<p class=\"paragraph\">\u2013 Meni ihan vituiksi, p\u00e4\u00e4kouluttaja <strong>Janne Lehtonen<\/strong> toteaa jaksossa.<\/p>\n<p class=\"paragraph\">\u2013 L\u00e4hti vet\u00e4m\u00e4\u00e4n volttia, kouluttaja <strong>Robin Hendry<\/strong> lis\u00e4\u00e4.<\/p>\n<p class=\"paragraph\">\u2013 Joo, siis h\u00e4n pelk\u00e4si. Huomasi silmist\u00e4, ett\u00e4 h\u00e4n pelk\u00e4si jo alusta l\u00e4htien, Lehtonen sanoo.<\/p>\n<p>Tomi Haustolan suoritus ep\u00e4onnistuu jo ensimm\u00e4isess\u00e4 teht\u00e4v\u00e4ss\u00e4. Nelonen<\/p>\n<p class=\"paragraph\">Maalla kokelaita vastassa oleva kouluttaja <strong>Jan Knutti<\/strong> huomaa, ett\u00e4 vedest\u00e4 nousseen Haustolan nen\u00e4st\u00e4 vuotaa verta.<\/p>\n<p class=\"paragraph\">\u2013 Koomikkohan l\u00e4s\u00e4hti kuin r\u00e4tti p\u00f6yt\u00e4\u00e4n. Nokkakin aukesi, Knutti sanoo.<\/p>\n<p class=\"paragraph\">\u2013 Sinulta alkaa vissiin v\u00e4h\u00e4n turpoamaan silm\u00e4. Joo, sin\u00e4 l\u00e4hdet l\u00e4\u00e4k\u00e4rille selk\u00e4si taakse, Knutti ohjeisti Haustolaa.<\/p>\n<p class=\"paragraph\">Leirin l\u00e4\u00e4k\u00e4ri Antti Oksanen tutkii Haustolan. Sitten h\u00e4n kehottaa Haustolaa vaihtamaan ylleen kuivat vaatteet, ja samalla he tarkkailevat, tuleeko Haustolalle muita oireita.<\/p>\n<p>Erikoisjoukot, Tomi Haustola, jakso 1. Nelonen<\/p>\n<p class=\"paragraph\">Erikoisjoukot alkaa 3. syyskuuta Nelosella ja Ruudussa kello 21. <a href=\"https:\/\/www.iltalehti.fi\/telkku\" rel=\"nofollow noopener\" target=\"_blank\">Katso kaikki TV-ohjelmat ja l\u00e4hetysajat Telkun TV-oppaasta<\/a>.<\/p>\n","protected":false},"excerpt":{"rendered":"Erikoisjoukot-kokelaan suoritus menee pieleen ensimm\u00e4isess\u00e4 teht\u00e4v\u00e4ss\u00e4. VARO JUONIPALJASTUKSIA! Erikoisjoukkojen p\u00e4\u00e4kouluttaja Janne Lehtonen ohjeistaa Robin Hendryn kanssa kokelaita haastavan&hellip;\n","protected":false},"author":2,"featured_media":340136,"comment_status":"","ping_status":"","sticky":false,"template":"","format":"standard","meta":{"footnotes":"","_share_on_mastodon":"0"},"categories":[130],"tags":[35,153,137,33,31,30,1616,979,32,140,139,109],"class_list":["post-340135","post","type-post","status-publish","format-standard","has-post-thumbnail","category-viihde","tag-24h","tag-audiovisuaalinen-media","tag-entertainment","tag-fi","tag-finland","tag-finnish","tag-media-viestinta","tag-sahkoinen-media","tag-suomi","tag-tv-ja-elokuvat","tag-tv-ohjelmat","tag-viihde"],"share_on_mastodon":{"url":"https:\/\/pubeurope.com\/@fi\/117205496451122303","error":""},"_links":{"self":[{"href":"https:\/\/www.europesays.com\/fi\/wp-json\/wp\/v2\/posts\/340135","targetHints":{"allow":["GET"]}}],"collection":[{"href":"https:\/\/www.europesays.com\/fi\/wp-json\/wp\/v2\/posts"}],"about":[{"href":"https:\/\/www.europesays.com\/fi\/wp-json\/wp\/v2\/types\/post"}],"author":[{"embeddable":true,"href":"https:\/\/www.europesays.com\/fi\/wp-json\/wp\/v2\/users\/2"}],"replies":[{"embeddable":true,"href":"https:\/\/www.europesays.com\/fi\/wp-json\/wp\/v2\/comments?post=340135"}],"version-history":[{"count":0,"href":"https:\/\/www.europesays.com\/fi\/wp-json\/wp\/v2\/posts\/340135\/revisions"}],"wp:featuredmedia":[{"embeddable":true,"href":"https:\/\/www.europesays.com\/fi\/wp-json\/wp\/v2\/media\/340136"}],"wp:attachment":[{"href":"https:\/\/www.europesays.com\/fi\/wp-json\/wp\/v2\/media?parent=340135"}],"wp:term":[{"taxonomy":"category","embeddable":true,"href":"https:\/\/www.europesays.com\/fi\/wp-json\/wp\/v2\/categories?post=340135"},{"taxonomy":"post_tag","embeddable":true,"href":"https:\/\/www.europesays.com\/fi\/wp-json\/wp\/v2\/tags?post=340135"}],"curies":[{"name":"wp","href":"https:\/\/api.w.org\/{rel}","templated":true}]}}