{"id":340139,"date":"2026-09-03T05:41:10","date_gmt":"2026-09-03T05:41:10","guid":{"rendered":"https:\/\/www.europesays.com\/fi\/340139\/"},"modified":"2026-09-03T05:41:10","modified_gmt":"2026-09-03T05:41:10","slug":"venajan-tvssa-fiasko-vaalivaittelyyn-ei-osallistunut-ketaan","status":"publish","type":"post","link":"https:\/\/www.europesays.com\/fi\/340139\/","title":{"rendered":"Ven\u00e4j\u00e4n tv:ss\u00e4 fiasko \u2013 Vaaliv\u00e4ittelyyn ei osallistunut ket\u00e4\u00e4n"},"content":{"rendered":"<p>Ven\u00e4j\u00e4n valtiollisten tv-kanavien vaaliv\u00e4ittelyiss\u00e4 on k\u00e4rsitty ehdokaskadosta.<\/p>\n<p><img decoding=\"async\" class=\"image image-show image-preview\" src=\"https:\/\/www.europesays.com\/fi\/wp-content\/uploads\/2026\/09\/d46e51c0186aa68dc3a953596ee096b55f5cbea20ae4a1c6d0ec3f357c415999.jpg\" alt=\"\"\/><img decoding=\"async\" class=\"image image-show\" src=\"https:\/\/www.europesays.com\/fi\/wp-content\/uploads\/2026\/09\/1788414070_351_d46e51c0186aa68dc3a953596ee096b55f5cbea20ae4a1c6d0ec3f357c415999.jpg\" alt=\"\"\/><\/p>\n<p>Ven\u00e4j\u00e4n duuman vaalit j\u00e4rjestet\u00e4\u00e4n 18.\u201320. syyskuuta. ZumaWire \/ MVPHOTOS<\/p>\n<p class=\"paragraph\">Ven\u00e4j\u00e4ll\u00e4 valmistaudutaan t\u00e4ytt\u00e4 h\u00e4k\u00e4\u00e4 my\u00f6hemmin syyskuussa pidett\u00e4viin duuman vaaleihin. Varma ja perinteinen vaalihuuman merkki ovat tietenkin televisioidut vaaliv\u00e4ittelyt.<\/p>\n<p class=\"paragraph\">Ven\u00e4j\u00e4ll\u00e4 valtiolliset tv-kanavat ovat lailla velvoitettuja tarjoamaan puolueille ja ehdokkaille ilmaista l\u00e4hetysaikaa, mutta t\u00e4t\u00e4 kiinti\u00f6t\u00e4 ei saa t\u00e4ytt\u00e4\u00e4 pelk\u00e4st\u00e4\u00e4n vaalimainoksilla, kertoo riippumaton verkkomedia Meduza.<\/p>\n<p class=\"paragraph\">V\u00e4hint\u00e4\u00e4n puolet ilmaisesta l\u00e4hetysajasta on k\u00e4ytett\u00e4v\u00e4 muihin vaalitilaisuuksiin, kuten paneelikeskusteluihin ja v\u00e4ittelyihin.<\/p>\n<p class=\"paragraph\">Meduzan mukaan julkisen v\u00e4ittelykulttuurin tila nyky-Ven\u00e4j\u00e4ll\u00e4 on kuitenkin ollut jo pitk\u00e4\u00e4n olematon.<\/p>\n<p class=\"paragraph\">Siit\u00e4 paras esimerkki on presidentti <a href=\"https:\/\/www.iltalehti.fi\/henkilot\/Vladimir Putin\" class=\"article-link-person-page\" rel=\"nofollow noopener\" target=\"_blank\">Vladimir Putin<\/a>, joka ei ole koko vallassaoloaikanaan osallistunut vaaliv\u00e4ittelyihin kertaakaan. Samaa linjaa on noudatettu pitk\u00e4\u00e4n my\u00f6s valtapuolue yhten\u00e4isess\u00e4 Ven\u00e4j\u00e4ss\u00e4.<\/p>\n<p class=\"paragraph\">Tilanne n\u00e4kyy karulla tavalla tv-v\u00e4ittelyiss\u00e4.<\/p>\n<p class=\"paragraph\">Esimerkiksi Rjazanissa Rossija 1 -kanava yritti kaksi p\u00e4iv\u00e4\u00e4 per\u00e4kk\u00e4in j\u00e4rjest\u00e4\u00e4 vaaliv\u00e4ittelyn, mutta studioon ei saapunut ensimm\u00e4ist\u00e4k\u00e4\u00e4n ehdokasta. Juontajan ainoaksi teht\u00e4v\u00e4ksi j\u00e4i lopettaa l\u00e4hetys heti alkusanojen j\u00e4lkeen.<\/p>\n<p>Videot levi\u00e4v\u00e4t<\/p>\n<p class=\"paragraph\">Tilanne ei kuitenkaan ole niin synkk\u00e4 kuin voisi luulla. Aina kaikki ehdokkaat eiv\u00e4t suinkaan j\u00e4\u00e4 kotiin.<\/p>\n<p class=\"paragraph\">Burjatiassa kommunistisen puolueen ehdokas <strong>Bair Tsyrenov<\/strong> saapui studioon ja k\u00e4ytti suoran l\u00e4hetysaikansa haastamalla Yhten\u00e4isen Ven\u00e4j\u00e4n vastustajansa avoimeen v\u00e4ittelyyn.<\/p>\n<p class=\"paragraph\">Puhe j\u00e4i kuitenkin kesken, sill\u00e4 l\u00e4hetys katkaistiin ja ruutuun ajettiin kuvaa p\u00e4\u00e4ministeri <a href=\"https:\/\/www.iltalehti.fi\/henkilot\/Mihail Mi\u0161ustin\" class=\"article-link-person-page\" rel=\"nofollow noopener\" target=\"_blank\">Mihail Mi\u0161ustinin<\/a> johtamasta hallituksen istunnosta<\/p>\n<p class=\"paragraph\">Absurdit v\u00e4ittelyklipit ovat levinneet ven\u00e4j\u00e4nkielisess\u00e4 sosiaalisessa mediassa laajalti, mutta virallisista l\u00e4hteist\u00e4 niit\u00e4 on turha etsi\u00e4. Syyn\u00e4 on, ett\u00e4 tv-yhti\u00f6t poistavat kiusalliset tallenteet verkosta j\u00e4rjestelm\u00e4llisesti.<\/p>\n","protected":false},"excerpt":{"rendered":"Ven\u00e4j\u00e4n valtiollisten tv-kanavien vaaliv\u00e4ittelyiss\u00e4 on k\u00e4rsitty ehdokaskadosta. Ven\u00e4j\u00e4n duuman vaalit j\u00e4rjestet\u00e4\u00e4n 18.\u201320. syyskuuta. ZumaWire \/ MVPHOTOS Ven\u00e4j\u00e4ll\u00e4 valmistaudutaan&hellip;\n","protected":false},"author":2,"featured_media":340140,"comment_status":"","ping_status":"","sticky":false,"template":"","format":"standard","meta":{"footnotes":"","_share_on_mastodon":"0"},"categories":[14],"tags":[35,22,23,26,27,33,31,30,17,24,25,28,29,1616,15,18,21,142,637,144,886,32,19,20,56,16,59,60,61],"class_list":["post-340139","post","type-post","status-publish","format-standard","has-post-thumbnail","category-ulkomaat","tag-24h","tag-breaking-news","tag-breakingnews","tag-featured-news","tag-featurednews","tag-fi","tag-finland","tag-finnish","tag-headlines","tag-latest-news","tag-latestnews","tag-main-news","tag-mainnews","tag-media-viestinta","tag-news","tag-otsikot","tag-paauutiset","tag-poliitikot","tag-politiikka","tag-presidentti","tag-puolueet","tag-suomi","tag-top-stories","tag-topstories","tag-ulkomaat","tag-uutiset","tag-world","tag-world-news","tag-worldnews"],"share_on_mastodon":{"url":"https:\/\/pubeurope.com\/@fi\/117205512357915439","error":""},"_links":{"self":[{"href":"https:\/\/www.europesays.com\/fi\/wp-json\/wp\/v2\/posts\/340139","targetHints":{"allow":["GET"]}}],"collection":[{"href":"https:\/\/www.europesays.com\/fi\/wp-json\/wp\/v2\/posts"}],"about":[{"href":"https:\/\/www.europesays.com\/fi\/wp-json\/wp\/v2\/types\/post"}],"author":[{"embeddable":true,"href":"https:\/\/www.europesays.com\/fi\/wp-json\/wp\/v2\/users\/2"}],"replies":[{"embeddable":true,"href":"https:\/\/www.europesays.com\/fi\/wp-json\/wp\/v2\/comments?post=340139"}],"version-history":[{"count":0,"href":"https:\/\/www.europesays.com\/fi\/wp-json\/wp\/v2\/posts\/340139\/revisions"}],"wp:featuredmedia":[{"embeddable":true,"href":"https:\/\/www.europesays.com\/fi\/wp-json\/wp\/v2\/media\/340140"}],"wp:attachment":[{"href":"https:\/\/www.europesays.com\/fi\/wp-json\/wp\/v2\/media?parent=340139"}],"wp:term":[{"taxonomy":"category","embeddable":true,"href":"https:\/\/www.europesays.com\/fi\/wp-json\/wp\/v2\/categories?post=340139"},{"taxonomy":"post_tag","embeddable":true,"href":"https:\/\/www.europesays.com\/fi\/wp-json\/wp\/v2\/tags?post=340139"}],"curies":[{"name":"wp","href":"https:\/\/api.w.org\/{rel}","templated":true}]}}