{"id":340141,"date":"2026-09-03T05:42:12","date_gmt":"2026-09-03T05:42:12","guid":{"rendered":"https:\/\/www.europesays.com\/fi\/340141\/"},"modified":"2026-09-03T05:42:12","modified_gmt":"2026-09-03T05:42:12","slug":"toimittajalta-syksyn-taydelta-markkinoita-ja-tapahtumia-rovaniemi-viikolla-juhlitaan-20-vuotiasta-kaupunkia-ja-uusi-kaupunginjohtaja-esittaytyy-lapin-kansa","status":"publish","type":"post","link":"https:\/\/www.europesays.com\/fi\/340141\/","title":{"rendered":"Toimittajalta: Syksyn t\u00e4ydelt\u00e4 markkinoita ja tapahtumia \u2013 Rovaniemi-viikolla juhlitaan 20-vuotiasta kaupunkia ja uusi kaupunginjohtaja esitt\u00e4ytyy &#8211; Lapin Kansa"},"content":{"rendered":"<ol>\n<li><a href=\"https:\/\/news.google.com\/rss\/articles\/CBMijgFBVV95cUxQYkJGMUtJdkt5RFdSQm9tVElCZ282MTROelFDakpHZnBqZkw5emJTMlE0R1BQVWJFczhaR0duMHhRa0xpd3YwU3M2T2R4Z21fRmI2RjMwTW1CcG1xemlTSFljX1Y3QS1xc05NV1l1YmJhUWc1aFNLa2EtVzhPdk9MbDNkb3E5aUtVeTAxSEx3?oc=5\" target=\"_blank\" rel=\"nofollow noopener\">Toimittajalta: Syksyn t\u00e4ydelt\u00e4 markkinoita ja tapahtumia \u2013 Rovaniemi-viikolla juhlitaan 20-vuotiasta kaupunkia ja uusi kaupunginjohtaja esitt\u00e4ytyy<\/a>&nbsp;&nbsp;Lapin Kansa<\/li>\n<li><a href=\"https:\/\/news.google.com\/rss\/articles\/CBMiwgFBVV95cUxNUGdCcjk5OFM4bEMxajQ3M2lqb2RXcWd4bm52bEplaUZIRFJ0MUZfS0wwYW9vS20zdFhycWxXM2xNSmcxaVlCVzNacHVDN0o3UTFGM3A2XzYwdU03U0pCSjh0QUt3M3IwZXlYc0FvNnQ2VmlmWUYzcFh5alRPQUFZNHh5MnVyVThFWko3MTktZkZNbTRSX3VMc1dyNUkzVV9ldk81OWdGWUREcUNtT3dSRmxRVkxBQ2I0VlZ1ajJSS256dw?oc=5\" target=\"_blank\" rel=\"nofollow noopener\">Liikett\u00e4 ja hyv\u00e4\u00e4 oloa tarjolla Rovaniemi-viikolla<\/a>&nbsp;&nbsp;Rovaniemi.fi<\/li>\n<li><a href=\"https:\/\/news.google.com\/rss\/articles\/CBMirwFBVV95cUxOMHh2SlNLUVNRbVlkckJMZ3RVaHRwd2U5SjJSdEdVMUFHcTFhOXA4MFktQ2lmekN2NmhsVGJIM2dkTl9RU3k5eE1CeGQwVUtNNmxvdGFDOUVPVE5KLVhfVkpNU3A2Zzl6R0FJRndSdUx5aTJuYVpEbXRoRjZ6dkxsMEhlbFd0eVVsUGlpVm95U1M2VHFUS1lMZDJwcnpXZ2RHVFB3UlBTVHFLUTVfd2JN?oc=5\" target=\"_blank\" rel=\"nofollow noopener\">Yhdess\u00e4 koettavaa Rovaniemi-viikolla<\/a>&nbsp;&nbsp;Rovaniemi.fi<\/li>\n<li><a href=\"https:\/\/news.google.com\/rss\/articles\/CBMiwgFBVV95cUxOSTBTR1dPQ196RG82bGJLMXVNdUZvN0JENF9yRElINHI4NDBLSTY4bHplSFdRWEplMnQyQzMyQkNFY09ETUY5cV9OVGU1NmZsQWxSR0JDUGJ5SzR2WkFBU3Z0cHBVY0tLVlFuZHlPbGtmOG9jY0ZLSklUWFI4MGtSR09ySDZCaDRHdmV5c0RKWEpOdVZqZU9NSU9RWUF4TlE4NUlNbUlWN2FucF96SHNXajM4ZG5WRndSdlZYMnZCWDRmZw?oc=5\" target=\"_blank\" rel=\"nofollow noopener\">Kurkistuksia kulttuurikohteisiin Rovaniemi-viikolla<\/a>&nbsp;&nbsp;Rovaniemi.fi<\/li>\n<\/ol>\n","protected":false},"excerpt":{"rendered":"Toimittajalta: Syksyn t\u00e4ydelt\u00e4 markkinoita ja tapahtumia \u2013 Rovaniemi-viikolla juhlitaan 20-vuotiasta kaupunkia ja uusi kaupunginjohtaja esitt\u00e4ytyy&nbsp;&nbsp;Lapin Kansa Liikett\u00e4 ja&hellip;\n","protected":false},"author":2,"featured_media":340142,"comment_status":"","ping_status":"","sticky":false,"template":"","format":"standard","meta":{"footnotes":"","_share_on_mastodon":"0"},"categories":[12],"tags":[22,23,26,27,33,31,30,17,24,25,28,29,15,18,21,32,19,20,16],"class_list":["post-340141","post","type-post","status-publish","format-standard","has-post-thumbnail","category-suomi","tag-breaking-news","tag-breakingnews","tag-featured-news","tag-featurednews","tag-fi","tag-finland","tag-finnish","tag-headlines","tag-latest-news","tag-latestnews","tag-main-news","tag-mainnews","tag-news","tag-otsikot","tag-paauutiset","tag-suomi","tag-top-stories","tag-topstories","tag-uutiset"],"share_on_mastodon":{"url":"https:\/\/pubeurope.com\/@fi\/117205516079873369","error":""},"_links":{"self":[{"href":"https:\/\/www.europesays.com\/fi\/wp-json\/wp\/v2\/posts\/340141","targetHints":{"allow":["GET"]}}],"collection":[{"href":"https:\/\/www.europesays.com\/fi\/wp-json\/wp\/v2\/posts"}],"about":[{"href":"https:\/\/www.europesays.com\/fi\/wp-json\/wp\/v2\/types\/post"}],"author":[{"embeddable":true,"href":"https:\/\/www.europesays.com\/fi\/wp-json\/wp\/v2\/users\/2"}],"replies":[{"embeddable":true,"href":"https:\/\/www.europesays.com\/fi\/wp-json\/wp\/v2\/comments?post=340141"}],"version-history":[{"count":0,"href":"https:\/\/www.europesays.com\/fi\/wp-json\/wp\/v2\/posts\/340141\/revisions"}],"wp:featuredmedia":[{"embeddable":true,"href":"https:\/\/www.europesays.com\/fi\/wp-json\/wp\/v2\/media\/340142"}],"wp:attachment":[{"href":"https:\/\/www.europesays.com\/fi\/wp-json\/wp\/v2\/media?parent=340141"}],"wp:term":[{"taxonomy":"category","embeddable":true,"href":"https:\/\/www.europesays.com\/fi\/wp-json\/wp\/v2\/categories?post=340141"},{"taxonomy":"post_tag","embeddable":true,"href":"https:\/\/www.europesays.com\/fi\/wp-json\/wp\/v2\/tags?post=340141"}],"curies":[{"name":"wp","href":"https:\/\/api.w.org\/{rel}","templated":true}]}}