{"id":340143,"date":"2026-09-03T05:43:19","date_gmt":"2026-09-03T05:43:19","guid":{"rendered":"https:\/\/www.europesays.com\/fi\/340143\/"},"modified":"2026-09-03T05:43:19","modified_gmt":"2026-09-03T05:43:19","slug":"uutuuskirja-jukka-harkonen-pelkasi-viranomaisten-reaktioita-ja-kuljetti-dollaripinon-tullin-ohi-suomeen","status":"publish","type":"post","link":"https:\/\/www.europesays.com\/fi\/340143\/","title":{"rendered":"Uutuuskirja: Jukka H\u00e4rk\u00f6nen pelk\u00e4si viranomaisten reaktioita ja kuljetti dollaripinon tullin ohi Suomeen"},"content":{"rendered":"<p class=\"article-body mb-(--paragraph-margin-b) px-nof-16\">Urheilumanagerina ja valmentajana pitk\u00e4n uran tehneen <a class=\"font-bold underline-offset-[0.12em] [text-decoration:var(--person-link-text-decoration)] [text-decoration-color:var(--person-link-text-decoration-color)]!\" href=\"https:\/\/www.hs.fi\/haku\/?query=Jukka%20H%C3%A4rk%C3%B6sen\" rel=\"nofollow noopener\" target=\"_blank\">Jukka H\u00e4rk\u00f6sen<\/a> el\u00e4m\u00e4kerta Kilsoja, kunniaa ja kyyneleit\u00e4 \u2013 urheilumanagerin muistelmat (Teos) julkistetaan torstaina. Min\u00e4-muotoon laaditun teoksen taustakirjoittaja on urheilutoimittaja <a class=\"font-bold underline-offset-[0.12em] [text-decoration:var(--person-link-text-decoration)] [text-decoration-color:var(--person-link-text-decoration-color)]!\" href=\"https:\/\/www.hs.fi\/haku\/?query=Atte%20Husu\" rel=\"nofollow noopener\" target=\"_blank\">Atte Husu<\/a>.<\/p>\n<p class=\"article-body mb-(--paragraph-margin-b) px-nof-16\">Kirjasta l\u00f6ytyy kymmenitt\u00e4in herkullisia anekdootteja managerin uran varrelta. H\u00e4rk\u00f6nen kertoo, kuinka h\u00e4n palasi Pariisista Helsinki-Vantaalle kes\u00e4ll\u00e4 1991.<\/p>\n<p class=\"article-body mb-(--paragraph-margin-b) px-nof-16\">\u201dStressi\u00e4 aiheutti k\u00e4simatkatavarani\u201d, jossa oli sadan dollarin seteleit\u00e4 yli kymmenentuhannen dollarin edest\u00e4.\u201d<\/p>\n<p class=\"article-body mb-(--paragraph-margin-b) px-nof-16\">Manageri pelk\u00e4si mahdollista tullitarkastusta.<\/p>\n<p class=\"article-body mb-(--paragraph-margin-b) px-nof-16\">\u201dUskoisiko tulli selityst\u00e4ni, ett\u00e4 kuljetan pankkiin rahoja, jotka yksi maailman nopeimmista ihmisist\u00e4 on hankkinut juoksemalla ja joista kymmenen prosenttia kuuluu minulle, koska olen h\u00e4nen managerinsa?\u201d<\/p>\n<p class=\"article-body mb-(--paragraph-margin-b) px-nof-16\">H\u00e4rk\u00f6st\u00e4 ei otettu tullissa sivuun, ja h\u00e4n p\u00e4\u00e4si tallettamaan rahatukon Merita-pankin tiskill\u00e4 Lahdessa.<\/p>\n<p class=\"article-body mb-(--paragraph-margin-b) px-nof-16\">Kirjassa k\u00e4yd\u00e4\u00e4n l\u00e4pi H\u00e4rk\u00f6sen, 73, el\u00e4m\u00e4n koko kaari: lapsuudesta Sotkamon korpiseuduilta yleisurheilun kansainv\u00e4liseksi huippuvaikuttajaksi. H\u00e4rk\u00f6nen oli itse kansallisen tason kolmiloikkaaja (enn\u00e4tys 15,38), joka opiskeli liikunnan ammattilaiseksi Jyv\u00e4skyl\u00e4n liikuntatieteellisess\u00e4 tiedekunnassa.<\/p>\n<p class=\"article-body mb-(--paragraph-margin-b) px-nof-16\">H\u00e4rk\u00f6nen toimi liikunnanopettajana Lahdessa 1970-luvun j\u00e4lkipuoliskolla ja alkoi valmentaa paikallisia yleisurheilijoita.<\/p>\n<p class=\"article-body mb-(--paragraph-margin-b) px-nof-16\">Seuraavalla vuosikymmenell\u00e4 H\u00e4rk\u00f6nen ryhtyi v\u00e4rv\u00e4\u00e4m\u00e4\u00e4n urheilijoita Lahden Ahkeran joka kes\u00e4 j\u00e4rjest\u00e4miin kansainv\u00e4lisiin yleisurheilukilpailuihin. Eliittikisojen urheilijahankinnan yhteydess\u00e4 h\u00e4n tutustui ulkomaisiin yleisurheilijoihin, jotka kaipasivat luottohenkil\u00f6\u00e4 hoitamaan heid\u00e4n asioitaan.<\/p>\n<p class=\"article-body mb-(--paragraph-margin-b) px-nof-16\">Kun Brigham Young -yliopistossa opiskellut <a class=\"font-bold underline-offset-[0.12em] [text-decoration:var(--person-link-text-decoration)] [text-decoration-color:var(--person-link-text-decoration-color)]!\" href=\"https:\/\/www.hs.fi\/haku\/?query=Frank\" rel=\"nofollow noopener\" target=\"_blank\">Frank<\/a> \u201dFrankie\u201d <a class=\"font-bold underline-offset-[0.12em] [text-decoration:var(--person-link-text-decoration)] [text-decoration-color:var(--person-link-text-decoration-color)]!\" href=\"https:\/\/www.hs.fi\/haku\/?query=Fredericks\" rel=\"nofollow noopener\" target=\"_blank\">Fredericks<\/a> pyysi H\u00e4rk\u00f6st\u00e4 managerikseen, lahtelainen p\u00e4\u00e4tti l\u00e4hte\u00e4 uudelle uralle. Namibialaissprintterist\u00e4 kehkeytyi yksi 1900-luvun valovoimaisimmista yleisurheilijoista.<\/p>\n<blockquote class=\"citation p-(--citation-padding) border-y-(length:--citation-border-width) border-y-(color:--citation-border-color)\">\n<p>Uskoisiko tulli selityst\u00e4ni, ett\u00e4 kuljetan pankkiin rahoja, jotka yksi maailman nopeimmista ihmisist\u00e4 on hankkinut juoksemalla.<\/p>\n<\/blockquote>\n<p class=\"article-body mb-(--paragraph-margin-b) px-nof-16\">Vuonna 1989 Fredericks ei pystynyt kilpailemaan Suomessa, koska h\u00e4n edusti Etel\u00e4-Afrikkaa, joka oli rotusortopolitiikan takia sivussa kansainv\u00e4lisest\u00e4 urheilutoiminnasta. Maaliskuussa 1990 Fredericksin kotimaa Namibia itsen\u00e4istyi Etel\u00e4-Afrikan alaisuudesta ja tie kisa-areenoille aukesi.<\/p>\n<p class=\"article-body mb-(--paragraph-margin-b) px-nof-16\">Fredericks kertoo kirjassa kaksikon ensikohtaamisista n\u00e4in:<\/p>\n<p class=\"article-body mb-(--paragraph-margin-b) px-nof-16\">\u201dTarvitsin tuekseni henkil\u00f6n, johon voin luottaa. Kerroin Jukalle, ett\u00e4 minulle oli j\u00e4\u00e4nyt h\u00e4nest\u00e4 hyv\u00e4 tunne Lahdessa. Kerroin h\u00e4nelle, ettei h\u00e4nen tarvitsisi matkustaa kanssani. Riitt\u00e4isi, ett\u00e4 h\u00e4n j\u00e4rjest\u00e4isi minut kisoihin. Min\u00e4 hoitaisin loput. Halusin Jukan, koska h\u00e4n ymm\u00e4rsi, mik\u00e4 minulle oli t\u00e4rke\u00e4\u00e4. Namibia oli juuri itsen\u00e4istynyt, ja minulla oli missio juosta kansani maailmankartalle.\u201d<\/p>\n<p class=\"article-body mb-(--paragraph-margin-b) px-nof-16\">Fredericks onnistui tavoitteissaan, sill\u00e4 h\u00e4n juoksi olympiahopeaa 100 metrill\u00e4 ja 200 metrill\u00e4 sek\u00e4 Barcelonassa 1992 ett\u00e4 Atlantassa 1996. Siin\u00e4 v\u00e4liss\u00e4 h\u00e4n voitti kaarrematkalla MM-tittelin Stuttgartissa 1993.<\/p>\n<p class=\"article-body mb-(--paragraph-margin-b) px-nof-16\">Urheilumanagerin teht\u00e4v\u00e4kuva oli 1990-luvun alussa varsin ep\u00e4m\u00e4\u00e4r\u00e4inen. H\u00e4rk\u00f6nen valottaa kirjassaan, kuinka h\u00e4n joutui opettelemaan kantap\u00e4\u00e4n kautta uuteen hommansa liittyvi\u00e4 kuvioita. Sopimuksia tehtiin kilpailuj\u00e4rjest\u00e4jien ja varustetoimittajien kanssa.<\/p>\n<p><img decoding=\"async\" src=\"https:\/\/www.europesays.com\/fi\/wp-content\/uploads\/2026\/09\/1788414198_402_468.jpg\" alt=\"Frankie Fredericks (1) vauhdissa Helsingin olympiastadionilla 18. kes\u00e4kuuta 1997.\" class=\"_Img_1rerz_1\" style=\"aspect-ratio:1920\/1267\" loading=\"eager\"\/><\/p>\n<p class=\"font-(family-name:--picture-caption-font-family) text-(length:--picture-caption-font-size) leading-(--picture-caption-leading) font-(--picture-caption-font-weight) text-(color:--picture-caption-color) picture-with-caption__caption picture-with-caption__caption--default-full\">Frankie Fredericks (1) vauhdissa Helsingin olympiastadionilla 18. kes\u00e4kuuta 1997. Kuva:\u00a0Christian Westerback<\/p>\n<p class=\"article-body mb-(--paragraph-margin-b) px-nof-16\">Neuvotteluissa oli kyse usein rahasta. Managerin teht\u00e4v\u00e4n\u00e4 oli ulosmitata urheilijan markkina-arvo t\u00e4ysim\u00e4\u00e4r\u00e4isesti. H\u00e4rk\u00f6nen kertoo neuvotteluista, joissa h\u00e4n yritti saada edustamilleen urheilijoille mahdollisimman suotuisan sopimuksen.<\/p>\n<p class=\"article-body mb-(--paragraph-margin-b) px-nof-16\">Kun menestyst\u00e4 tuli, palkintosummat ja bonukset kasvoivat. T\u00e4m\u00e4 tiesi 1990-luvun alussa logistisia ongelmia, koska kisaj\u00e4rjest\u00e4j\u00e4t halusivat yleens\u00e4 maksaa urheilijoiden starttirahat ja palkkiot k\u00e4teisen\u00e4. Silloin saatettiin p\u00e4\u00e4ty\u00e4 tullitarkastuksessa alussa jutun alussa kuvattuun tilanteeseen.<\/p>\n<p class=\"article-body mb-(--paragraph-margin-b) px-nof-16\">H\u00e4rk\u00f6sen talliin kuului vuosittain kymmeni\u00e4 urheilijoita. Heist\u00e4 kaikkein suurimman mediahuomion kohteeksi joutui etel\u00e4afrikkalainen keskimatkuri <a class=\"font-bold underline-offset-[0.12em] [text-decoration:var(--person-link-text-decoration)] [text-decoration-color:var(--person-link-text-decoration-color)]!\" href=\"https:\/\/www.hs.fi\/haku\/?query=Caster%20Semenya\" rel=\"nofollow noopener\" target=\"_blank\">Caster Semenya<\/a>.<\/p>\n<p class=\"article-body mb-(--paragraph-margin-b) px-nof-16\">H\u00e4rk\u00f6nen tutustui 18-vuotiaaseen Semenyaan Etel\u00e4-Afrikassa alkuvuodesta 2009. H\u00e4rk\u00f6nen n\u00e4ki kilpailun, jossa venda-heimoon kuuluva Semenya juoksi 800 metri\u00e4 ajassa 2.00,58. Kokenut manageri tajusi kyseess\u00e4 olevan todellisen lahjakkuuden.<\/p>\n<p class=\"article-body mb-(--paragraph-margin-b) px-nof-16\">Nuoren naisen p\u00e4\u00e4tymist\u00e4 H\u00e4rk\u00f6sen talliin edesauttoi puolimaileri <a class=\"font-bold underline-offset-[0.12em] [text-decoration:var(--person-link-text-decoration)] [text-decoration-color:var(--person-link-text-decoration-color)]!\" href=\"https:\/\/www.hs.fi\/haku\/?query=Mbulaeni%20Mulaudzi\" rel=\"nofollow noopener\" target=\"_blank\">Mbulaeni Mulaudzi<\/a>, jonka asioita suomalainen oli hoitanut pitk\u00e4\u00e4n. My\u00f6s Mulaudzi kuului maan koillisosassa asuvaan venda-yhteis\u00f6\u00f6n.<\/p>\n<p class=\"article-body mb-(--paragraph-margin-b) px-nof-16\">Semenya nousi maailman yleisurheilutaivaalle raketin tavoin, ja voitti 800 metrin maailmanmestaruuden kes\u00e4ll\u00e4 2009 Berliiniss\u00e4.<\/p>\n<p class=\"article-body mb-(--paragraph-margin-b) px-nof-16\">Etel\u00e4afrikkalaisen h\u00e4mm\u00e4stytt\u00e4v\u00e4 ylivoima her\u00e4tti urheiluv\u00e4ess\u00e4 ep\u00e4ilyj\u00e4 h\u00e4nen sukupuolestaan, ja my\u00f6s valtaosa mediasta kyseenalaisti juoksijan naiseuden.<\/p>\n<p class=\"article-body mb-(--paragraph-margin-b) px-nof-16\">Mediapaineessa my\u00f6s Kansainv\u00e4linen yleisurheiluliitto puuttui asiaan \u2013 tavalla, josta manageri sai tiedon vasta paljon my\u00f6hemmin. Semenya joutui p\u00e4iv\u00e4\u00e4 ennen 800 metrin loppukilpailua \u201dtutkimukseen\u201d, jossa kaksi IAAF:n l\u00e4\u00e4k\u00e4ri\u00e4 ronkkivat juoksijan intiimialueita.<\/p>\n<p class=\"article-body mb-(--paragraph-margin-b) px-nof-16\">Semenya oli viety tutkimushuoneeseen yksin, eik\u00e4 h\u00e4nell\u00e4 ollut ket\u00e4\u00e4n tukenaan.<\/p>\n<p class=\"article-body mb-(--paragraph-margin-b) px-nof-16\">Semenya kuvasi n\u00f6yryytt\u00e4v\u00e4\u00e4 episodia vuonna 2023 ilmestyneess\u00e4 el\u00e4m\u00e4kertakirjassaan The Race to Be Myself ja kertoi, mist\u00e4 h\u00e4nen korkea testosteronitaso johtui. H\u00e4rk\u00f6nen lainaa omassa kirjassaan suojattinsa teosta.<\/p>\n<p class=\"article-body mb-(--paragraph-margin-b) px-nof-16\">\u201dH\u00e4nell\u00e4 on vagina ja h\u00e4nen korkea testosteronituotantonsa on per\u00e4isin sis\u00e4isist\u00e4 kiveksist\u00e4. H\u00e4nell\u00e4 ei my\u00f6sk\u00e4\u00e4n ole kohtua eik\u00e4 munanjohtimia.\u201d<\/p>\n<p><img decoding=\"async\" src=\"https:\/\/www.europesays.com\/fi\/wp-content\/uploads\/2026\/09\/1788414199_556_468.jpg\" alt=\"Caster Semenya kilpaili Lappeenrannassa kes\u00e4ll\u00e4 2010.\" class=\"_Img_1rerz_1\" style=\"aspect-ratio:1377\/1920\" loading=\"eager\"\/><\/p>\n<p class=\"font-(family-name:--picture-caption-font-family) text-(length:--picture-caption-font-size) leading-(--picture-caption-leading) font-(--picture-caption-font-weight) text-(color:--picture-caption-color) picture-with-caption__caption picture-with-caption__caption--default-full\">Caster Semenya kilpaili Lappeenrannassa kes\u00e4ll\u00e4 2010. Kuva:\u00a0Juha Metso<\/p>\n<p class=\"article-body mb-(--paragraph-margin-b) px-nof-16\">IAAF:n p\u00e4\u00e4t\u00f6ksen mukaan Semenyan olisi alennettava l\u00e4\u00e4kityksell\u00e4 testosteronitasojaan, jotta h\u00e4n saisi kilpailuluvan. Juoksija suostui t\u00e4h\u00e4n, mutta l\u00e4\u00e4kitys vaikutti voimakkaasti h\u00e4nen mielialaansa ja painoonsa.<\/p>\n<p class=\"article-body mb-(--paragraph-margin-b) px-nof-16\">Semenya palasi kilpakentille hein\u00e4kuussa 2010 Lappeenrannassa valtavan julkisuuden ymp\u00e4r\u00f6im\u00e4n\u00e4. Alku oli tahmea, mutta sisukas Semenya nousi takaisin huipputasolle ja saavutti vuosina 2011\u20132017 lukuisia palkintopallisijoituksia olympia- ja MM-kisoissa.<\/p>\n<p class=\"article-body mb-(--paragraph-margin-b) px-nof-16\">Semenyan ura p\u00e4\u00e4ttyi kev\u00e4\u00e4ll\u00e4 2019, ennen kuin uusi testosteronis\u00e4\u00e4nt\u00f6 tuli voimaan. Etel\u00e4afrikkalainen oli t\u00e4rke\u00e4 roolimalli monille ihmisille, erityisesti Afrikassa, mutta managerin mielest\u00e4 h\u00e4n ei saanut koskaan ansaitsemaansa arvostusta Kansainv\u00e4liselt\u00e4 yleisurheiluliitolta.<\/p>\n<blockquote class=\"citation p-(--citation-padding) border-y-(length:--citation-border-width) border-y-(color:--citation-border-color)\">\n<p>Mill\u00e4 oikeudella Antti Pihlakoski saa tv-l\u00e4hetyksess\u00e4 sanoa, ett\u00e4 Caster on mies?<\/p>\n<\/blockquote>\n<p class=\"article-body mb-(--paragraph-margin-b) px-nof-16\">H\u00e4rk\u00f6nen kirjoittaa, ettei liiton puheenjohtajalla <a class=\"font-bold underline-offset-[0.12em] [text-decoration:var(--person-link-text-decoration)] [text-decoration-color:var(--person-link-text-decoration-color)]!\" href=\"https:\/\/www.hs.fi\/haku\/?query=Sebastian%20Coella\" rel=\"nofollow noopener\" target=\"_blank\">Sebastian Coella<\/a> ollut kertaakaan rohkeutta kohdata Casteria silm\u00e4st\u00e4 silm\u00e4\u00e4n. Viel\u00e4 tylymm\u00e4n tuomion saa IAAF:n (nyky\u00e4\u00e4n WA) hallitukseen kuuluva suomalainen yleisurheilupomo.<\/p>\n<p class=\"article-body mb-(--paragraph-margin-b) px-nof-16\">\u201dMill\u00e4 oikeudella <a class=\"font-bold underline-offset-[0.12em] [text-decoration:var(--person-link-text-decoration)] [text-decoration-color:var(--person-link-text-decoration-color)]!\" href=\"https:\/\/www.hs.fi\/haku\/?query=Antti%20Pihlakoski\" rel=\"nofollow noopener\" target=\"_blank\">Antti Pihlakoski<\/a> saa tv-l\u00e4hetyksess\u00e4 sanoa, ett\u00e4 Caster on mies?\u201d H\u00e4rk\u00f6nen kysyy.<\/p>\n<p class=\"article-body mb-(--paragraph-margin-b) px-nof-16\">Pihlakoski sanoi vuonna 2025 MTV:n Huomenta Suomen <a class=\"underline underline-offset-[0.12em] [text-decoration-thickness:var(--generic-link-underline-thickness)] [text-decoration-color:var(--generic-link-underline-color)] [text-decoration-skip-ink:var(--generic-link-underline-skip-ink)] break-words\" href=\"https:\/\/www.mtv.fi\/lyhyet\/7d2b8ea7e948054555ca\/video-urheilun-sukupuolirajat-tiukentuvat-ketka-saavat-kilpailla-naisina\" rel=\"nofollow noopener\" target=\"_blank\">haastattelussa<\/a>, ett\u00e4 \u201dSemenyan kaltainen DSD-urheilija kyll\u00e4 k\u00e4yt\u00e4nn\u00f6ss\u00e4 kokee olevansa tietyll\u00e4 tavalla mies, k\u00e4ytt\u00e4ytyy kuin mies, n\u00e4ytt\u00e4\u00e4 miehelt\u00e4\u201d.<\/p>\n<p class=\"article-body mb-(--paragraph-margin-b) px-nof-16\">Sen j\u00e4lkeen Pihlakoski viel\u00e4 vahvisti kantaansa viittaamalla Semenyan avioliittoon naisen kanssa ja ex-juoksijan vaatteisiin.<\/p>\n<p class=\"article-body mb-(--paragraph-margin-b) px-nof-16\">\u201dJos katsoo, miten h\u00e4n pukeutuu, niin kyll\u00e4h\u00e4n h\u00e4n koko lailla miehen roolin perheess\u00e4 ottaa\u201d, Pihlakoski sanoi.<\/p>\n<p class=\"article-body mb-(--paragraph-margin-b) px-nof-16\">H\u00e4rk\u00f6sen mielest\u00e4 Pihlakoski olisi voinut puhua asiasta yleisell\u00e4 tasolla eik\u00e4 luonnehtia tylyll\u00e4 tavalla yksitt\u00e4ist\u00e4 urheilijaa. Manageri saa tukea psykologian dosentti <a class=\"font-bold underline-offset-[0.12em] [text-decoration:var(--person-link-text-decoration)] [text-decoration-color:var(--person-link-text-decoration-color)]!\" href=\"https:\/\/www.hs.fi\/haku\/?query=Marja%20Kokkoselta\" rel=\"nofollow noopener\" target=\"_blank\">Marja Kokkoselta<\/a>, joka kertoo kirjassa olleensa j\u00e4rkyttynyt siit\u00e4, kuinka Pihlakoski oli sotkenut toisiinsa sukupuoli-identiteetin ja seksuaalisen suuntautumisen.<\/p>\n<p><img decoding=\"async\" src=\"https:\/\/www.europesays.com\/fi\/wp-content\/uploads\/2026\/09\/1788414199_519_468.jpg\" alt=\"Jukka H\u00e4rk\u00f6nen kritisoi Antti PIhlakosken toimintaa.\" class=\"_Img_1rerz_1\" style=\"aspect-ratio:1920\/1280\" loading=\"eager\"\/><\/p>\n<p class=\"font-(family-name:--picture-caption-font-family) text-(length:--picture-caption-font-size) leading-(--picture-caption-leading) font-(--picture-caption-font-weight) text-(color:--picture-caption-color) picture-with-caption__caption picture-with-caption__caption--default-full\">Jukka H\u00e4rk\u00f6nen kritisoi Antti PIhlakosken toimintaa. Kuva:\u00a0Kari Pullinen<\/p>\n","protected":false},"excerpt":{"rendered":"Urheilumanagerina ja valmentajana pitk\u00e4n uran tehneen Jukka H\u00e4rk\u00f6sen el\u00e4m\u00e4kerta Kilsoja, kunniaa ja kyyneleit\u00e4 \u2013 urheilumanagerin muistelmat (Teos) julkistetaan&hellip;\n","protected":false},"author":2,"featured_media":340144,"comment_status":"","ping_status":"","sticky":false,"template":"","format":"standard","meta":{"footnotes":"","_share_on_mastodon":"0"},"categories":[5],"tags":[22,23,26,27,33,31,30,17,46,24,25,28,29,15,18,21,32,19,20,16],"class_list":["post-340143","post","type-post","status-publish","format-standard","has-post-thumbnail","category-otsikot","tag-breaking-news","tag-breakingnews","tag-featured-news","tag-featurednews","tag-fi","tag-finland","tag-finnish","tag-headlines","tag-helsingin-sanomat","tag-latest-news","tag-latestnews","tag-main-news","tag-mainnews","tag-news","tag-otsikot","tag-paauutiset","tag-suomi","tag-top-stories","tag-topstories","tag-uutiset"],"share_on_mastodon":{"url":"https:\/\/pubeurope.com\/@fi\/117205520591699794","error":""},"_links":{"self":[{"href":"https:\/\/www.europesays.com\/fi\/wp-json\/wp\/v2\/posts\/340143","targetHints":{"allow":["GET"]}}],"collection":[{"href":"https:\/\/www.europesays.com\/fi\/wp-json\/wp\/v2\/posts"}],"about":[{"href":"https:\/\/www.europesays.com\/fi\/wp-json\/wp\/v2\/types\/post"}],"author":[{"embeddable":true,"href":"https:\/\/www.europesays.com\/fi\/wp-json\/wp\/v2\/users\/2"}],"replies":[{"embeddable":true,"href":"https:\/\/www.europesays.com\/fi\/wp-json\/wp\/v2\/comments?post=340143"}],"version-history":[{"count":0,"href":"https:\/\/www.europesays.com\/fi\/wp-json\/wp\/v2\/posts\/340143\/revisions"}],"wp:featuredmedia":[{"embeddable":true,"href":"https:\/\/www.europesays.com\/fi\/wp-json\/wp\/v2\/media\/340144"}],"wp:attachment":[{"href":"https:\/\/www.europesays.com\/fi\/wp-json\/wp\/v2\/media?parent=340143"}],"wp:term":[{"taxonomy":"category","embeddable":true,"href":"https:\/\/www.europesays.com\/fi\/wp-json\/wp\/v2\/categories?post=340143"},{"taxonomy":"post_tag","embeddable":true,"href":"https:\/\/www.europesays.com\/fi\/wp-json\/wp\/v2\/tags?post=340143"}],"curies":[{"name":"wp","href":"https:\/\/api.w.org\/{rel}","templated":true}]}}