{"id":340151,"date":"2026-09-03T06:03:14","date_gmt":"2026-09-03T06:03:14","guid":{"rendered":"https:\/\/www.europesays.com\/fi\/340151\/"},"modified":"2026-09-03T06:03:14","modified_gmt":"2026-09-03T06:03:14","slug":"sota-ja-rauha-on-ajaton-mutta-myos-hyvin-ajankohtainen","status":"publish","type":"post","link":"https:\/\/www.europesays.com\/fi\/340151\/","title":{"rendered":"Sota ja rauha on ajaton, mutta my\u00f6s hyvin ajankohtainen"},"content":{"rendered":"<p>Pasi Lampela ohjaa Porin Teatteriin klassikosta sovittamansa version.<\/p>\n<p class=\"kirjoittaja\">San\u00adna J\u00e4\u00e4s\u00adke\u00adl\u00e4i\u00adnen<\/p>\n<p class=\"teksti\">Sota ja rau\u00adha on ve\u00adn\u00e4\u00adl\u00e4i\u00adsen Leo Tols\u00adtoin 1860-lu\u00advul\u00adla kir\u00adjoit\u00adta\u00adma teos. Se ku\u00advaa ih\u00admis\u00adten koh\u00adta\u00adloi\u00adta yh\u00adteis\u00adkun\u00adnas\u00adsa, joka k\u00e4y so\u00adtaa. Seu\u00adra\u00adpii\u00adrit juh\u00adli\u00advat ja juo\u00adnit\u00adte\u00adle\u00advat sa\u00admaan ai\u00adkaan, kun Na\u00adpo\u00adle\u00adon suun\u00adnit\u00adte\u00adlee hy\u00f6k\u00adk\u00e4ys\u00adt\u00e4 Ve\u00adn\u00e4\u00adj\u00e4l\u00adle. Teos tun\u00adne\u00adtaan tai\u00adta\u00advas\u00adti ku\u00adva\u00adtuis\u00adta hen\u00adki\u00adl\u00f6s\u00adt\u00e4 ja tais\u00adte\u00adlu\u00adkoh\u00adtauk\u00adsis\u00adta, mut\u00adta my\u00f6s po\u00adliit\u00adti\u00adsis\u00adta ja fi\u00adlo\u00adso\u00adfi\u00adsis\u00adta poh\u00addis\u00adke\u00adluis\u00adta. Oh\u00adjaa\u00adja Pasi Lam\u00adpe\u00adla n\u00e4\u00adkee Tols\u00adtoin kuu\u00adlu\u00advan ih\u00admis\u00adkun\u00adnan kult\u00adtuu\u00adri\u00adpe\u00adrin\u00adt\u00f6\u00f6n yh\u00addes\u00ads\u00e4 muun mu\u00adas\u00adsa Beet\u00adho\u00adve\u00adnin, Mo\u00adzar\u00adtin tai Sha\u00adkes\u00adpe\u00ada\u00adren kans\u00adsa.<\/p>\n<p class=\"teksti\">\u2013 Tols\u00adtoi ta\u00advoit\u00adtaa kir\u00adjois\u00adsaan ai\u00adnut\u00adlaa\u00adtui\u00adsen ym\u00adm\u00e4r\u00adryk\u00adsen ih\u00admi\u00adsyy\u00addes\u00adt\u00e4\u2009\u2013 sii\u00adt\u00e4, mi\u00adten me ih\u00admi\u00adset re\u00ada\u00adgoim\u00adme mul\u00adlis\u00adtuk\u00adsiin ku\u00adkin omal\u00adla ta\u00adval\u00adlam\u00adme. H\u00e4\u00adnen vah\u00advuu\u00adten\u00adsa oli kyky ku\u00adva\u00adta ih\u00admi\u00adsi\u00e4 ja hei\u00add\u00e4n mo\u00adtii\u00adve\u00adjaan kai\u00adkis\u00adta yh\u00adteis\u00adkun\u00adta\u00adluo\u00adkis\u00adta, h\u00e4n sa\u00adnoo.<\/p>\n<p class=\"teksti\">Sota ja rau\u00adha on ol\u00adlut klas\u00adsik\u00adko rau\u00adha\u00adnai\u00adka\u00adna, mut\u00adta nyt se on my\u00f6s t\u00e4y\u00adsil\u00adl\u00e4 kiin\u00adni el\u00e4\u00adm\u00e4s\u00ads\u00e4m\u00adme ajas\u00adsa.<\/p>\n<p class=\"teksti\">\u2013 Se on mah\u00adta\u00adva ku\u00addel\u00adma ta\u00adri\u00adnoi\u00adta sii\u00adt\u00e4, kun man\u00adner\u00adlaa\u00adtat liik\u00adku\u00advat. Se ker\u00adtoo rak\u00adkau\u00addes\u00adta, ys\u00adt\u00e4\u00advyy\u00addes\u00adt\u00e4 ja va\u00adlin\u00adnois\u00adta, joi\u00adden hin\u00adtaa ei heti ym\u00adm\u00e4r\u00adr\u00e4, Lam\u00adpe\u00adla ku\u00advai\u00adlee.<\/p>\n<p class=\"teksti\">Lam\u00adpe\u00adlal\u00adla on me\u00adnos\u00adsa Tols\u00adtoi-vuo\u00adsi. Ke\u00adv\u00e4\u00e4l\u00adl\u00e4 h\u00e4n oh\u00adja\u00adsi Kot\u00adkan Kau\u00adpun\u00adgin\u00adte\u00adat\u00adte\u00adril\u00adle An\u00adna Ka\u00adre\u00adni\u00adnan, joka p\u00e4\u00e4\u00adsi Tha\u00adlia-pal\u00adkin\u00adto\u00adeh\u00addok\u00adkaak\u00adsi Vuo\u00adden esi\u00adtys -ka\u00adte\u00adgo\u00adri\u00adas\u00adsa.<\/p>\n<p class=\"teksti\">\u2013\u2009Nyt vuo\u00adros\u00adsa on Sota ja rau\u00adha, joka on t\u00e4r\u00adke\u00e4 teos ja osuu t\u00e4\u00adh\u00e4n ai\u00adkaan, h\u00e4n sa\u00adnoo.<\/p>\n<p class=\"teksti\">Pasi Lam\u00adpe\u00adla on hel\u00adsin\u00adki\u00adl\u00e4i\u00adnen te\u00adat\u00adte\u00adri\u00adoh\u00adjaa\u00adja ja kir\u00adjai\u00adli\u00adja. H\u00e4n on kir\u00adjoit\u00adta\u00adnut noin 30 n\u00e4y\u00adtel\u00adm\u00e4n li\u00ads\u00e4k\u00adsi kol\u00adme no\u00advel\u00adli\u00adko\u00adko\u00adel\u00admaa ja kol\u00adme ro\u00admaa\u00adnia. Omat n\u00e4y\u00adtel\u00adm\u00e4n\u00ads\u00e4 h\u00e4n on my\u00f6s oh\u00adjan\u00adnut. Po\u00adris\u00adsa n\u00e4h\u00adt\u00e4\u00adv\u00e4 Sota ja rau\u00adha on h\u00e4\u00adnen oma dra\u00adma\u00adti\u00adsoin\u00adtin\u00adsa, ver\u00adsio, joka n\u00e4h\u00adtiin en\u00adsim\u00adm\u00e4i\u00adsen ker\u00adran Lah\u00adden kau\u00adpun\u00adgin\u00adte\u00adat\u00adte\u00adris\u00adsa vuon\u00adna 2021. Lam\u00adpe\u00adlan dra\u00adma\u00adti\u00adsoi\u00adma Sota ja rau\u00adha il\u00admes\u00adtyi sa\u00adma\u00adna vuon\u00adna my\u00f6s kir\u00adja\u00adna. <\/p>\n<p class=\"teksti\">H\u00e4n ker\u00adtoo ver\u00adsi\u00ados\u00adsaan kar\u00adsi\u00adneen\u00adsa hen\u00adki\u00adl\u00f6\u00adgal\u00adle\u00adri\u00adaa, sil\u00adl\u00e4 Tols\u00adtoin ro\u00admaa\u00adnis\u00adsa hen\u00adki\u00adl\u00f6i\u00adt\u00e4 on l\u00e4\u00adhes 600. Kir\u00adjan lu\u00adke\u00adnut muis\u00adtaa my\u00f6s pit\u00adk\u00e4t ja yk\u00adsi\u00adtyis\u00adkoh\u00adtai\u00adset ku\u00advauk\u00adset so\u00adta\u00adtan\u00adte\u00adreel\u00adta. Lam\u00adpe\u00adla muis\u00adtut\u00adtaa, et\u00adt\u00e4 te\u00adat\u00adte\u00adrin teh\u00adt\u00e4\u00adv\u00e4 on tii\u00advis\u00adt\u00e4\u00e4 ja kes\u00adkit\u00adty\u00e4 p\u00e4\u00e4\u00adtee\u00admoi\u00adhin.<\/p>\n<p class=\"teksti\">\u2013\u2009N\u00e4y\u00adtel\u00adm\u00e4s\u00ads\u00e4 sota on enem\u00adm\u00e4n taus\u00adtal\u00adla ja vai\u00adkut\u00adtaa ih\u00admis\u00adten el\u00e4\u00adm\u00e4\u00e4n. N\u00e4y\u00adtel\u00adm\u00e4\u00adn\u00e4 t\u00e4m\u00e4 on vauh\u00addi\u00adkas, in\u00adhi\u00admil\u00adli\u00adnen ja viih\u00addyt\u00adt\u00e4\u00adv\u00e4, mu\u00adka\u00adna on my\u00f6s pal\u00adjon huu\u00admo\u00adria. Nos\u00adtan  esiin ta\u00adri\u00adnan voi\u00admak\u00adkai\u00adta ja hie\u00adno\u00adja nais\u00adroo\u00adle\u00adja, kun mie\u00adhet rim\u00adpui\u00adle\u00advat maa\u00adil\u00adman\u00adku\u00advien kans\u00adsa, h\u00e4n sa\u00adnoo.<\/p>\n<p class=\"teksti\">\u2013\u2009Kaik\u00adki\u00adaan Tols\u00adtoin teks\u00adti on an\u00adtoi\u00adsaa dra\u00adma\u00adti\u00adsoi\u00adda, sil\u00adl\u00e4 hen\u00adki\u00adl\u00f6i\u00adden ta\u00adri\u00adnat piir\u00adty\u00adv\u00e4t sel\u00adke\u00ad\u00e4s\u00adti esiin. Syy-seu\u00adraus-suh\u00adteet l\u00e4\u00adp\u00e4i\u00adse\u00adv\u00e4t esi\u00adtyk\u00adsen, kun hen\u00adki\u00adl\u00f6i\u00adden el\u00e4\u00adm\u00e4 m\u00e4\u00e4\u00adri\u00adtel\u00adl\u00e4\u00e4n uu\u00addes\u00adtaan his\u00adto\u00adri\u00adal\u00adli\u00adsen vy\u00f6\u00adryn al\u00adla. Ai\u00adhe ei voi\u00adsi ol\u00adla ajan\u00adkoh\u00adtai\u00adsem\u00adpi.<\/p>\n<p class=\"teksti\">Pori on Pasi Lam\u00adpe\u00adlal\u00adle tut\u00adtu paik\u00adka lo\u00adma\u00adkoh\u00adtee\u00adna.<\/p>\n<p class=\"teksti\">\u2013\u2009Yy\u00adte\u00adri, M\u00e4n\u00adty\u00adluo\u00adto, Re\u00adpo\u00adsaa\u00adri, h\u00e4n lu\u00adet\u00adte\u00adlee lem\u00adpi\u00adpaik\u00adko\u00adjaan.<\/p>\n<p class=\"teksti\">T\u00f6is\u00ads\u00e4 h\u00e4n on t\u00e4\u00e4l\u00adl\u00e4 en\u00adsim\u00adm\u00e4is\u00adt\u00e4 ker\u00adtaa. N\u00e4y\u00adtel\u00adm\u00e4n suun\u00adnit\u00adte\u00adlu on 2\u20133 vuo\u00adden pro\u00adses\u00adsi, joka hui\u00adpen\u00adtuu in\u00adten\u00adsii\u00advi\u00adseen har\u00adjoit\u00adte\u00adlu\u00adjak\u00adsoon pa\u00adria kuu\u00adkaut\u00adta en\u00adnen en\u00adsi-il\u00adtaa.<\/p>\n<p class=\"teksti\">\u2013\u2009Nyt n\u00e4yt\u00adte\u00adli\u00adj\u00e4t ovat ot\u00adta\u00adneet n\u00e4y\u00adtel\u00adm\u00e4n omak\u00adseen ja ta\u00adri\u00adna he\u00adr\u00e4\u00e4 eloon. Nyt vie\u00adl\u00e4 vii\u00adla\u00adtaan ja vi\u00adri\u00adte\u00adt\u00e4\u00e4n. T\u00e4m\u00e4 on toi\u00adsaal\u00adta hel\u00adpot\u00adta\u00adva, toi\u00adsaal\u00adta j\u00e4n\u00adnit\u00adt\u00e4\u00adv\u00e4 vai\u00adhe t\u00e4s\u00ads\u00e4 pro\u00adses\u00adsis\u00adsa, Lam\u00adpe\u00adla sa\u00adnoo.<\/p>\n<p class=\"teksti\">H\u00e4n ke\u00adhuu Po\u00adrin Te\u00adat\u00adte\u00adrin hen\u00adki\u00adl\u00f6s\u00adt\u00e4n osaa\u00admis\u00adta, niin suun\u00adnit\u00adte\u00adlua kuin n\u00e4yt\u00adte\u00adli\u00adj\u00f6i\u00adden ky\u00adky\u00e4 pan\u00adna it\u00adsen\u00ads\u00e4 li\u00adkoon.<\/p>\n<p class=\"teksti\">\u2013 Olen teh\u00adnyt pal\u00adjon t\u00f6i\u00adt\u00e4 iso\u00adjen kau\u00adpun\u00adkien te\u00adat\u00adte\u00adreis\u00adsa. Olin al\u00adkuun h\u00e4m\u00adm\u00e4s\u00adty\u00adnyt, et\u00adt\u00e4 t\u00e4\u00e4l\u00adl\u00e4 on ihan vas\u00adtaa\u00adva taso. Kai\u00adkes\u00adsa te\u00adke\u00admi\u00adses\u00ads\u00e4 on p\u00e4\u00e4s\u00adty vai\u00advat\u00adto\u00admas\u00adti laa\u00adtuun, Lam\u00adpe\u00adla ker\u00adtoo.<\/p>\n<p class=\"teksti\">\u2013 Po\u00adris\u00adsa on teh\u00adty pal\u00adjon vah\u00advo\u00adja mu\u00adsi\u00adkaa\u00adle\u00adja ja ko\u00adme\u00addi\u00adoi\u00adta. Toi\u00advon, et\u00adt\u00e4 my\u00f6s t\u00e4l\u00adlai\u00adnen klas\u00adsi\u00adnen draa\u00adma kiin\u00adnos\u00adtaa ylei\u00ads\u00f6\u00e4.<\/p>\n<p class=\"teksti\">Sota ja rau\u00adha saa en\u00adsi-il\u00adtan\u00adsa Po\u00adrin Te\u00adat\u00adte\u00adrin p\u00e4\u00e4\u00adn\u00e4yt\u00adt\u00e4\u00adm\u00f6l\u00adl\u00e4 lau\u00adan\u00adtai\u00adna 12. syys\u00adkuu\u00adta. <\/p>\n","protected":false},"excerpt":{"rendered":"Pasi Lampela ohjaa Porin Teatteriin klassikosta sovittamansa version. San\u00adna J\u00e4\u00e4s\u00adke\u00adl\u00e4i\u00adnen Sota ja rau\u00adha on ve\u00adn\u00e4\u00adl\u00e4i\u00adsen Leo Tols\u00adtoin 1860-lu\u00advul\u00adla&hellip;\n","protected":false},"author":2,"featured_media":340152,"comment_status":"","ping_status":"","sticky":false,"template":"","format":"standard","meta":{"footnotes":"","_share_on_mastodon":"0"},"categories":[130],"tags":[137,33,31,30,32,109],"class_list":["post-340151","post","type-post","status-publish","format-standard","has-post-thumbnail","category-viihde","tag-entertainment","tag-fi","tag-finland","tag-finnish","tag-suomi","tag-viihde"],"share_on_mastodon":{"url":"https:\/\/pubeurope.com\/@fi\/117205598376610465","error":""},"_links":{"self":[{"href":"https:\/\/www.europesays.com\/fi\/wp-json\/wp\/v2\/posts\/340151","targetHints":{"allow":["GET"]}}],"collection":[{"href":"https:\/\/www.europesays.com\/fi\/wp-json\/wp\/v2\/posts"}],"about":[{"href":"https:\/\/www.europesays.com\/fi\/wp-json\/wp\/v2\/types\/post"}],"author":[{"embeddable":true,"href":"https:\/\/www.europesays.com\/fi\/wp-json\/wp\/v2\/users\/2"}],"replies":[{"embeddable":true,"href":"https:\/\/www.europesays.com\/fi\/wp-json\/wp\/v2\/comments?post=340151"}],"version-history":[{"count":0,"href":"https:\/\/www.europesays.com\/fi\/wp-json\/wp\/v2\/posts\/340151\/revisions"}],"wp:featuredmedia":[{"embeddable":true,"href":"https:\/\/www.europesays.com\/fi\/wp-json\/wp\/v2\/media\/340152"}],"wp:attachment":[{"href":"https:\/\/www.europesays.com\/fi\/wp-json\/wp\/v2\/media?parent=340151"}],"wp:term":[{"taxonomy":"category","embeddable":true,"href":"https:\/\/www.europesays.com\/fi\/wp-json\/wp\/v2\/categories?post=340151"},{"taxonomy":"post_tag","embeddable":true,"href":"https:\/\/www.europesays.com\/fi\/wp-json\/wp\/v2\/tags?post=340151"}],"curies":[{"name":"wp","href":"https:\/\/api.w.org\/{rel}","templated":true}]}}