{"id":340155,"date":"2026-09-03T06:07:17","date_gmt":"2026-09-03T06:07:17","guid":{"rendered":"https:\/\/www.europesays.com\/fi\/340155\/"},"modified":"2026-09-03T06:07:17","modified_gmt":"2026-09-03T06:07:17","slug":"venaja-suunnittelee-tanskan-puolustusalan-sabotaasia-varoittaa-maan-tiedustelupalvelu-uutissuomalainen","status":"publish","type":"post","link":"https:\/\/www.europesays.com\/fi\/340155\/","title":{"rendered":"Ven\u00e4j\u00e4 suunnittelee Tanskan puolustusalan sabotaasia, varoittaa maan tiedustelupalvelu | Uutissuomalainen"},"content":{"rendered":"<p>Ven\u00e4j\u00e4n turvallisuuspalvelut valmistelevat Tanskan puolustusteollisuuteen kohdistuvia sabotaasioperaatioita, varoittaa maan turvallisuus- ja tiedustelupalvelu PET.<\/p>\n<p>Tanskalaisviranomaisen vastavakoilujohtaja Emil Gr\u00e4sholm antoi varoituksen julkisuuteen <a href=\"https:\/\/www.berlingske.dk\/internationalt\/rusland-forsoeger-at-hyre-danske-stedfortraedere-paa-nettet-pet-afsloerer-konkrete-planer-for-sabotage-i-danmark\" rel=\"nofollow noopener\" target=\"_blank\">Berlingske<\/a>-lehden haastattelussa. H\u00e4n kommentoi asiaa kirjallisesti my\u00f6s tanskalaiselle televisiokanavalle <a href=\"https:\/\/nyheder.tv2.dk\/live\/2024-09-08-seneste-nyt-om-krigen-i-ukraine-70b1d6cc-0720-404e-9878-45546e1999e7\/almindelige-danskere-rekrutteres?entry=7e6d7127-f1a6-4f18-a39d-d2f5d848eff9\" rel=\"nofollow noopener\" target=\"_blank\">TV2<\/a>:lle.<\/p>\n<p>\u2013\u2009T\u00e4m\u00e4 valmistautuminen on niin konkreettista, ett\u00e4 n\u00e4imme tarpeellisena l\u00e4hett\u00e4\u00e4 viestin siit\u00e4, ett\u00e4 t\u00e4m\u00e4 on uhka, joka on otettava vakavasti, Gr\u00e4sholm sanoi.<\/p>\n<p>Gr\u00e4sholmin mukaan Ven\u00e4j\u00e4 valmistautuu junailemaan erityisesti tuhopolttoja. PET:n mukaan Ven\u00e4j\u00e4 on yritt\u00e4nyt v\u00e4rv\u00e4t\u00e4 &#8221;tuiki tavallisia tanskalaisia&#8221; v\u00e4lik\u00e4siksi suorittamaan sen antamia teht\u00e4vi\u00e4.<\/p>\n<p>T\u00e4llaisia teht\u00e4vi\u00e4 voivat olla esimerkiksi kohteiksi valittujen tehtaiden turvatoimien katsastus ennen varsinaista iskua.<\/p>\n<p>\u2013\u2009Olemme paljastaneet konkreettisia esimerkkej\u00e4 siit\u00e4, ett\u00e4 Ven\u00e4j\u00e4 yritt\u00e4\u00e4 rekrytoida tavallisia tanskalaisia sosiaalisessa mediassa ja muilla verkkoalustoilla. Teht\u00e4v\u00e4n\u00e4 voi olla esimerkiksi ottaa tehtaista tai laitoksista valokuvia, joita k\u00e4ytet\u00e4\u00e4n sabotaasin suunnitteluun, Gr\u00e4sholm sanoi TV2:lle annetussa lausunnossa.<\/p>\n<p>Suunniteltujen iskujen kohteina olisivat erityisesti ne puolustusteollisuuden osat, jotka kytkeytyv\u00e4t Ukrainalle annettuun aseapuun.<\/p>\n","protected":false},"excerpt":{"rendered":"Ven\u00e4j\u00e4n turvallisuuspalvelut valmistelevat Tanskan puolustusteollisuuteen kohdistuvia sabotaasioperaatioita, varoittaa maan turvallisuus- ja tiedustelupalvelu PET. Tanskalaisviranomaisen vastavakoilujohtaja Emil Gr\u00e4sholm antoi&hellip;\n","protected":false},"author":2,"featured_media":340156,"comment_status":"","ping_status":"","sticky":false,"template":"","format":"standard","meta":{"footnotes":"","_share_on_mastodon":"0"},"categories":[14],"tags":[22,23,26,27,33,31,30,17,55,53,24,25,121,28,29,15,18,21,54,52,32,1247,19,20,546,56,16,59,60,61],"class_list":["post-340155","post","type-post","status-publish","format-standard","has-post-thumbnail","category-ulkomaat","tag-breaking-news","tag-breakingnews","tag-featured-news","tag-featurednews","tag-fi","tag-finland","tag-finnish","tag-headlines","tag-lainvalvonta","tag-laki-oikeus-ja-rikos","tag-latest-news","tag-latestnews","tag-liikenne-ja-kuljetus","tag-main-news","tag-mainnews","tag-news","tag-otsikot","tag-paauutiset","tag-pelastuspalvelut","tag-poliisi","tag-suomi","tag-televisio","tag-top-stories","tag-topstories","tag-turvallisuus","tag-ulkomaat","tag-uutiset","tag-world","tag-world-news","tag-worldnews"],"share_on_mastodon":{"url":"https:\/\/pubeurope.com\/@fi\/117205614176355555","error":""},"_links":{"self":[{"href":"https:\/\/www.europesays.com\/fi\/wp-json\/wp\/v2\/posts\/340155","targetHints":{"allow":["GET"]}}],"collection":[{"href":"https:\/\/www.europesays.com\/fi\/wp-json\/wp\/v2\/posts"}],"about":[{"href":"https:\/\/www.europesays.com\/fi\/wp-json\/wp\/v2\/types\/post"}],"author":[{"embeddable":true,"href":"https:\/\/www.europesays.com\/fi\/wp-json\/wp\/v2\/users\/2"}],"replies":[{"embeddable":true,"href":"https:\/\/www.europesays.com\/fi\/wp-json\/wp\/v2\/comments?post=340155"}],"version-history":[{"count":0,"href":"https:\/\/www.europesays.com\/fi\/wp-json\/wp\/v2\/posts\/340155\/revisions"}],"wp:featuredmedia":[{"embeddable":true,"href":"https:\/\/www.europesays.com\/fi\/wp-json\/wp\/v2\/media\/340156"}],"wp:attachment":[{"href":"https:\/\/www.europesays.com\/fi\/wp-json\/wp\/v2\/media?parent=340155"}],"wp:term":[{"taxonomy":"category","embeddable":true,"href":"https:\/\/www.europesays.com\/fi\/wp-json\/wp\/v2\/categories?post=340155"},{"taxonomy":"post_tag","embeddable":true,"href":"https:\/\/www.europesays.com\/fi\/wp-json\/wp\/v2\/tags?post=340155"}],"curies":[{"name":"wp","href":"https:\/\/api.w.org\/{rel}","templated":true}]}}