{"id":340157,"date":"2026-09-03T06:08:13","date_gmt":"2026-09-03T06:08:13","guid":{"rendered":"https:\/\/www.europesays.com\/fi\/340157\/"},"modified":"2026-09-03T06:08:13","modified_gmt":"2026-09-03T06:08:13","slug":"alfa-pvpn-kaytto-on-kasvanut-seinajoella-rajahdysmaisesti-huumejaamia-on-enemman-vain-helsingissa-etela-pohjanmaa","status":"publish","type":"post","link":"https:\/\/www.europesays.com\/fi\/340157\/","title":{"rendered":"Alfa-PVP:n k\u00e4ytt\u00f6 on kasvanut Sein\u00e4joella r\u00e4j\u00e4hdysm\u00e4isesti \u2013 huumej\u00e4\u00e4mi\u00e4 on enemm\u00e4n vain Helsingiss\u00e4 | Etel\u00e4-Pohjanmaa"},"content":{"rendered":"<p class=\"aw__sc-1qwuw0s-0 aw__sc-1vg2sqm-0 epAWpq ecELkD yle__article__paragraph\">Alfa-PVP on muuntohuume, jonka k\u00e4ytt\u00f6 on muutamassa vuodessa lis\u00e4\u00e4ntynyt Suomessa rajusti. Nyt kasvu on THL:n mukaan taittunut.<\/p>\n<p><img decoding=\"async\" alt=\"Betonisella ikkunalaudalla on muovipussi, desinfiointiliuskoja ja injektioneuloja paketeissa.\" src=\"https:\/\/www.europesays.com\/fi\/wp-content\/uploads\/2026\/09\/1726483051.jpeg\" class=\"aw__sc-dklauk-0 LPzKX\"\/><\/p>\n<p>Avaa kuvien katselu<\/p>\n<p>Alfa-PVP:n eli peukun k\u00e4ytt\u00f6 on yleistynyt nopeasti Sein\u00e4joella. Kuva: Jani Saikko \/ Yle<\/p>\n<p class=\"aw__sc-1qwuw0s-0 aw__sc-ngllmo-0 epAWpq fzYpjk yle__article__paragraph\">Alfa-PVP:n k\u00e4ytt\u00f6 on kasvanut Sein\u00e4joella r\u00e4j\u00e4hdysm\u00e4isesti. THL:n j\u00e4tevesitutkimuksen mukaan sit\u00e4 havaittiin t\u00e4n\u00e4 kev\u00e4\u00e4n\u00e4 12-kertainen m\u00e4\u00e4r\u00e4 kahden vuoden takaiseen verrattuna.<\/p>\n<p class=\"aw__sc-1qwuw0s-0 aw__sc-ngllmo-0 epAWpq fzYpjk yle__article__paragraph\">T\u00e4m\u00e4n vuoden maaliskuussa otetuissa n\u00e4ytteiss\u00e4 alfa-PVP:t\u00e4 oli 19,8 milligrammaa tuhatta henkil\u00f6\u00e4 kohden p\u00e4iv\u00e4ss\u00e4. Vuonna 2024 vastaava lukema oli 1,6 mg.<\/p>\n<p class=\"aw__sc-1qwuw0s-0 aw__sc-ngllmo-0 epAWpq fzYpjk yle__article__paragraph\">Alfa-PVP on synteettinen muuntohuume, jota kutsutaan my\u00f6s peukuksi.<\/p>\n<p class=\"aw__sc-1qwuw0s-0 aw__sc-ngllmo-0 epAWpq fzYpjk yle__article__paragraph\">Sein\u00e4joen j\u00e4tevesiss\u00e4 on alfa-PVP -huumej\u00e4\u00e4mi\u00e4 toiseksi eniten koko maassa. Eniten j\u00e4\u00e4mi\u00e4 havaittiin Helsingiss\u00e4. Siell\u00e4 m\u00e4\u00e4r\u00e4 oli 30,2 mg\/1000 asukasta\/p\u00e4iv\u00e4. Seuraavina THL:n j\u00e4tevesimittauksissa tulevat Espoo, Salo, Vihti, Tampere ja Turku.<\/p>\n<p>Alfa-PVP on vakiintunut<\/p>\n<p class=\"aw__sc-1qwuw0s-0 aw__sc-ngllmo-0 epAWpq fzYpjk yle__article__paragraph\">Terveyden ja hyvinvoinnin laitoksen mukaan Alfa-PVP:n k\u00e4yt\u00f6n lis\u00e4\u00e4ntyminen on taittunut, mutta k\u00e4ytt\u00f6m\u00e4\u00e4r\u00e4t n\u00e4ytt\u00e4v\u00e4t vakiintuneen varsin suuriksi.<\/p>\n<p class=\"aw__sc-1qwuw0s-0 aw__sc-ngllmo-0 epAWpq fzYpjk yle__article__paragraph\">\u2013 Alfa-PVP:n k\u00e4yt\u00f6n viime vuosien kasvu on monin paikoin taittunut, mutta k\u00e4ytt\u00f6m\u00e4\u00e4r\u00e4t ovat edelleen korkealla tasolla etenkin p\u00e4\u00e4kaupunkiseudulla ja sen ymp\u00e4rist\u00f6ss\u00e4. K\u00e4ytt\u00f6 keskittyy voimakkaasti Etel\u00e4- ja L\u00e4nsi-Suomeen. Sen sijaan useissa Pohjois- ja It\u00e4-Suomen kaupungeissa alfa-PVP:t\u00e4 havaittiin vain pieni\u00e4 m\u00e4\u00e4ri\u00e4 satunnaisesti tai ei lainkaan, toteaa THL:n oikeustoksikologian tiimip\u00e4\u00e4llikk\u00f6 <strong class=\"aw__sc-ngllmo-2 gdRrun yle__article__strong\">Teemu Gunnar<\/strong> tiedotteessa.<\/p>\n<p class=\"aw__sc-1qwuw0s-0 aw__sc-ngllmo-0 epAWpq fzYpjk yle__article__paragraph\">Muuntohuumeiden k\u00e4yt\u00f6ss\u00e4 on j\u00e4tevesiseurannan perusteella tyypillist\u00e4, ett\u00e4 ajalliset ja alueelliset k\u00e4yt\u00f6n vaihtelut ovat suurempia kuin perinteisemmill\u00e4 huumausaineilla.<\/p>\n<p class=\"aw__sc-1qwuw0s-0 aw__sc-ngllmo-0 epAWpq fzYpjk yle__article__paragraph\">Nyt julkaistut huumeiden valtakunnallisen j\u00e4tevesitutkimuksen tulokset ovat maaliskuun ker\u00e4ysjaksolta 32 kaupungista l\u00e4hialueineen.<\/p>\n<p class=\"aw__sc-1qwuw0s-0 aw__sc-ngllmo-0 epAWpq fzYpjk yle__article__paragraph\">Jatkuvan j\u00e4tevesitutkimuksen n\u00e4ytteet ker\u00e4t\u00e4\u00e4n Helsingist\u00e4, Tampereelta ja Turusta sunnuntai- ja maanantaiaamun v\u00e4lisen\u00e4 aikana, joten tulokset kuvaavat erityisesti huumeiden viikonloppuk\u00e4ytt\u00f6\u00e4. Valtakunnallisen ker\u00e4yksen tulokset kuvastavat kaikista viikonp\u00e4ivist\u00e4 laskettua keskim\u00e4\u00e4r\u00e4ist\u00e4 k\u00e4ytt\u00f6\u00e4.<\/p>\n<p class=\"aw__sc-1qwuw0s-0 aw__sc-ngllmo-0 epAWpq fzYpjk yle__article__paragraph\">Laaja tutkimus kattaa noin 65 prosenttia Suomen v\u00e4est\u00f6st\u00e4.<\/p>\n","protected":false},"excerpt":{"rendered":"Alfa-PVP on muuntohuume, jonka k\u00e4ytt\u00f6 on muutamassa vuodessa lis\u00e4\u00e4ntynyt Suomessa rajusti. Nyt kasvu on THL:n mukaan taittunut. Avaa&hellip;\n","protected":false},"author":2,"featured_media":340158,"comment_status":"","ping_status":"","sticky":false,"template":"","format":"standard","meta":{"footnotes":"","_share_on_mastodon":"0"},"categories":[12],"tags":[4456,22,23,1377,26,27,33,31,30,17,664,1646,24,25,28,29,15,18,21,694,680,32,4286,19,20,16],"class_list":["post-340157","post","type-post","status-publish","format-standard","has-post-thumbnail","category-suomi","tag-alfa-pvp","tag-breaking-news","tag-breakingnews","tag-etela-pohjanmaa","tag-featured-news","tag-featurednews","tag-fi","tag-finland","tag-finnish","tag-headlines","tag-huumeet","tag-jatevesi","tag-latest-news","tag-latestnews","tag-main-news","tag-mainnews","tag-news","tag-otsikot","tag-paauutiset","tag-paihteet","tag-seinajoki","tag-suomi","tag-terveyden-ja-hyvinvoinnin-laitos","tag-top-stories","tag-topstories","tag-uutiset"],"share_on_mastodon":{"url":"https:\/\/pubeurope.com\/@fi\/117205618792358791","error":""},"_links":{"self":[{"href":"https:\/\/www.europesays.com\/fi\/wp-json\/wp\/v2\/posts\/340157","targetHints":{"allow":["GET"]}}],"collection":[{"href":"https:\/\/www.europesays.com\/fi\/wp-json\/wp\/v2\/posts"}],"about":[{"href":"https:\/\/www.europesays.com\/fi\/wp-json\/wp\/v2\/types\/post"}],"author":[{"embeddable":true,"href":"https:\/\/www.europesays.com\/fi\/wp-json\/wp\/v2\/users\/2"}],"replies":[{"embeddable":true,"href":"https:\/\/www.europesays.com\/fi\/wp-json\/wp\/v2\/comments?post=340157"}],"version-history":[{"count":0,"href":"https:\/\/www.europesays.com\/fi\/wp-json\/wp\/v2\/posts\/340157\/revisions"}],"wp:featuredmedia":[{"embeddable":true,"href":"https:\/\/www.europesays.com\/fi\/wp-json\/wp\/v2\/media\/340158"}],"wp:attachment":[{"href":"https:\/\/www.europesays.com\/fi\/wp-json\/wp\/v2\/media?parent=340157"}],"wp:term":[{"taxonomy":"category","embeddable":true,"href":"https:\/\/www.europesays.com\/fi\/wp-json\/wp\/v2\/categories?post=340157"},{"taxonomy":"post_tag","embeddable":true,"href":"https:\/\/www.europesays.com\/fi\/wp-json\/wp\/v2\/tags?post=340157"}],"curies":[{"name":"wp","href":"https:\/\/api.w.org\/{rel}","templated":true}]}}