{"id":340159,"date":"2026-09-03T06:09:16","date_gmt":"2026-09-03T06:09:16","guid":{"rendered":"https:\/\/www.europesays.com\/fi\/340159\/"},"modified":"2026-09-03T06:09:16","modified_gmt":"2026-09-03T06:09:16","slug":"sieniryhmissa-ryopsahti-riita-ilmiantoja-tulee-paivittain","status":"publish","type":"post","link":"https:\/\/www.europesays.com\/fi\/340159\/","title":{"rendered":"Sieniryhmiss\u00e4 ry\u00f6ps\u00e4hti riita: \u201dIlmiantoja tulee p\u00e4ivitt\u00e4in\u201d"},"content":{"rendered":"<p>Facebookin sieniryhmi\u00e4 riivaavat \u201dpannulle\u201d-kommentit ja pieleen menneet lajitunnistukset.<\/p>\n<p><img decoding=\"async\" src=\"https:\/\/www.europesays.com\/fi\/wp-content\/uploads\/2026\/09\/1788415754_73_468.jpg\" alt=\"Aikuiset v\u00e4ittelev\u00e4t Facebookissa naaman ja nimen kera siit\u00e4, kuka sienest\u00e4\u00e4 \u201doikein\u201d.\" class=\"_Img_1rerz_1\" style=\"aspect-ratio:1920\/1080\" loading=\"eager\"\/><\/p>\n<p class=\"font-(family-name:--picture-caption-font-family) text-(length:--picture-caption-font-size) leading-(--picture-caption-leading) font-(--picture-caption-font-weight) text-(color:--picture-caption-color)\">Aikuiset v\u00e4ittelev\u00e4t Facebookissa naaman ja nimen kera siit\u00e4, kuka sienest\u00e4\u00e4 \u201doikein\u201d. Kuva:\u00a0Pete Aarre-Ahtio \/ IS<\/p>\n<p class=\"article-body mb-(--paragraph-margin-b) px-nof-16\">Keskustelu k\u00e4y nyt kuumana. Sienestykseen ja marjastukseen liittyviss\u00e4 Facebook-ryhmiss\u00e4 tunteet nousevat pintaan satokauden aikaan.<\/p>\n<p class=\"article-body mb-(--paragraph-margin-b) px-nof-16\">\u2013 Jos en ehdi tarpeeksi nopeasti reagoida ilkeilyyn, kyll\u00e4 se keskustelu sitten \u00e4ityy. Menn\u00e4\u00e4n jopa ihan henkil\u00f6kohtaisuuksiin, vaikka ihmiset eiv\u00e4t edes tuntisi toisiaan, toteaa Sieni- ja marjahullut -Facebook-ryhm\u00e4n yll\u00e4pit\u00e4j\u00e4 <a class=\"font-bold underline-offset-[0.12em] [text-decoration:var(--person-link-text-decoration)] [text-decoration-color:var(--person-link-text-decoration-color)]!\" href=\"https:\/\/www.is.fi\/haku\/?query=Soili%20Majamaa\" rel=\"nofollow noopener\" target=\"_blank\">Soili Majamaa<\/a>.<\/p>\n<p class=\"article-body mb-(--paragraph-margin-b) px-nof-16\">Majamaan itse perustamassa ja moderoimassa ryhm\u00e4ss\u00e4 on vajaat 44\u202f000 j\u00e4sent\u00e4. Sieni- ja marjasesongin aikana ryhm\u00e4\u00e4n jaetaan julkaisuja parisenkymment\u00e4 p\u00e4iv\u00e4ss\u00e4.<\/p>\n<p class=\"article-body mb-(--paragraph-margin-b) px-nof-16\">Marjat ovat raakoja. Sienet ovat liian pieni\u00e4 tai roskaisia. Lajien tunnistus on p\u00e4in m\u00e4nty\u00e4. Kannattaako harrastelijan edes menn\u00e4 mets\u00e4\u00e4n, jos h\u00e4n ei osaa ker\u00e4t\u00e4 sieni\u00e4 ja marjoja \u201doikein\u201d? Sellaisista asioista ihmiset suuttuvat.<\/p>\n<p class=\"article-body mb-(--paragraph-margin-b) px-nof-16\">\u2013 Satokausiaikaan ilmiantoja tulee p\u00e4ivitt\u00e4in. Ihan muutama joka p\u00e4iv\u00e4, sanoo Majamaa.<\/p>\n<p><img decoding=\"async\" src=\"https:\/\/www.europesays.com\/fi\/wp-content\/uploads\/2026\/09\/1788415755_188_468.jpg\" alt=\"Facebookissa toimii lukuisia aktiivisia sieniharrastajien ryhmi\u00e4.\" class=\"_Img_1rerz_1\" style=\"aspect-ratio:1920\/1280\" loading=\"eager\"\/><\/p>\n<p class=\"font-(family-name:--picture-caption-font-family) text-(length:--picture-caption-font-size) leading-(--picture-caption-leading) font-(--picture-caption-font-weight) text-(color:--picture-caption-color) picture-with-caption__caption picture-with-caption__caption--default-full\">Facebookissa toimii lukuisia aktiivisia sieniharrastajien ryhmi\u00e4. Kuva:\u00a0Kalle Koponen \/ HS<\/p>\n<p class=\"article-body mb-(--paragraph-margin-b) px-nof-16\">Suomen Sieniseuran Facebook-ryhm\u00e4n moderointiin tunteja p\u00e4iv\u00e4ss\u00e4 k\u00e4ytt\u00e4\u00e4 yll\u00e4pit\u00e4jien joukkoon kuuluva <a class=\"font-bold underline-offset-[0.12em] [text-decoration:var(--person-link-text-decoration)] [text-decoration-color:var(--person-link-text-decoration-color)]!\" href=\"https:\/\/www.is.fi\/haku\/?query=Soile%20Sommarberg\" rel=\"nofollow noopener\" target=\"_blank\">Soile Sommarberg<\/a>.<\/p>\n<p class=\"article-body mb-(--paragraph-margin-b) px-nof-16\">Julkaisuilla on tiukka seula.<\/p>\n<p class=\"article-body mb-(--paragraph-margin-b) px-nof-16\">\u2013 Ryhm\u00e4\u00e4n ei voi julkaista mit\u00e4\u00e4n ennen kuin me olemme hyv\u00e4ksyneet julkaisun. Pelk\u00e4st\u00e4\u00e4n se vie todella paljon aikaa. Samoin n\u00e4m\u00e4 ryhm\u00e4\u00e4n pyrkij\u00e4t, joiden pit\u00e4\u00e4 vastata nelj\u00e4\u00e4n kysymykseen, Sommarberg kertoo.<\/p>\n<p class=\"article-body mb-(--paragraph-margin-b) px-nof-16\">Sieniseura on tiukentanut s\u00e4\u00e4nt\u00f6j\u00e4 Facebookissa t\u00f6rkykommenttien ehk\u00e4isemiseksi. <a class=\"underline underline-offset-[0.12em] [text-decoration-thickness:var(--generic-link-underline-thickness)] [text-decoration-color:var(--generic-link-underline-color)] [text-decoration-skip-ink:var(--generic-link-underline-skip-ink)] break-words italic\" href=\"https:\/\/www.hs.fi\/alueet\/art-2000012221015.html\" rel=\"nofollow noopener\" target=\"_blank\">Helsingin Sanomat<\/a> kertoi viikonloppuna entisen yll\u00e4pit\u00e4j\u00e4n <a class=\"font-bold underline-offset-[0.12em] [text-decoration:var(--person-link-text-decoration)] [text-decoration-color:var(--person-link-text-decoration-color)]!\" href=\"https:\/\/www.is.fi\/haku\/?query=Sanna%20K%C3%A4rs%C3%A4m%C3%A4nojan\" rel=\"nofollow noopener\" target=\"_blank\">Sanna K\u00e4rs\u00e4m\u00e4nojan<\/a> 10 vuoden piinasta, joka loppui vasta, kun sienituntija \u201dkarkasi\u201d ryhm\u00e4st\u00e4.<\/p>\n<p class=\"article-body mb-(--paragraph-margin-b) px-nof-16\">Nykyisin 75\u202f000 j\u00e4senen Suomen Sieniseura -ryhm\u00e4ss\u00e4 keskustelu pyrit\u00e4\u00e4n Sommarbergin mukaan pit\u00e4m\u00e4\u00e4n t\u00e4sm\u00e4llisen\u00e4. Sieniseuran tavoitteena on levitt\u00e4\u00e4 sienitietoutta.<\/p>\n<p class=\"article-body mb-(--paragraph-margin-b) px-nof-16\">Neuvominen ja esimerkiksi v\u00e4\u00e4r\u00e4n kirjoitusasun korjaaminen sallitaan tieteen nimiss\u00e4. Sommarberg kuitenkin toivoo, ett\u00e4 neuvominen tapahtuisi \u201dn\u00e4tisti\u201d.<\/p>\n<p class=\"article-body mb-(--paragraph-margin-b) px-nof-16\">Kommentteja yll\u00e4pit\u00e4j\u00e4t eiv\u00e4t voi y\u00f6t\u00e4 p\u00e4iv\u00e4\u00e4 valvoa.<\/p>\n<p class=\"article-body mb-(--paragraph-margin-b) px-nof-16\">Iso osa Facebookin sienikeskustelusta py\u00f6rii lajitunnistuksen ymp\u00e4rill\u00e4.<\/p>\n<p class=\"article-body mb-(--paragraph-margin-b) px-nof-16\">\u2013 Mik\u00e4 sieni? Ovatko ne sy\u00f6t\u00e4vi\u00e4? harrastajat kysyv\u00e4t kuvan kera.<\/p>\n<p class=\"article-body mb-(--paragraph-margin-b) px-nof-16\">Vastuuttomista kommenteista voi synty\u00e4 vaaratilanteita. Monissa ryhmiss\u00e4 jopa myrkkysienet on k\u00e4sketty heitt\u00e4m\u00e4\u00e4n &#8221;pannulle vain&#8221;.<\/p>\n<p class=\"article-body mb-(--paragraph-margin-b) px-nof-16\">\u2013 J\u00e4senten asiantuntemuksen skaala on eritt\u00e4in laaja, sanoo Mik\u00e4 sieni -ryhm\u00e4n yll\u00e4pit\u00e4j\u00e4 <a class=\"font-bold underline-offset-[0.12em] [text-decoration:var(--person-link-text-decoration)] [text-decoration-color:var(--person-link-text-decoration-color)]!\" href=\"https:\/\/www.is.fi\/haku\/?query=Pekka%20Rajaniemi\" rel=\"nofollow noopener\" target=\"_blank\">Pekka Rajaniemi<\/a>.<\/p>\n<p class=\"article-body mb-(--paragraph-margin-b) px-nof-16\">Joillain itseluottamusta on liikaa. Rajaniemen mukaan reaktiot v\u00e4\u00e4riin tunnistuksiin ovat vahvoja juuri myrkytysvaaran takia.<\/p>\n<p class=\"article-body mb-(--paragraph-margin-b) px-nof-16\">\u2013 Joskus kuulee v\u00e4itteen: \u201dTunnistan kaikki sienet.&#8221; Sellainen v\u00e4\u00e4r\u00e4ll\u00e4 itseluottamuksella esiintyv\u00e4 aloittelija saa usein ongelmia aikaan.<\/p>\n<p><img decoding=\"async\" src=\"https:\/\/www.europesays.com\/fi\/wp-content\/uploads\/2026\/09\/1788415756_75_468.jpg\" alt=\"Harvinaisempia sienilajeja voi harvoin tunnistaa yhden kuvan perusteella.\" class=\"_Img_1rerz_1\" style=\"aspect-ratio:1920\/1280\" loading=\"eager\"\/><\/p>\n<p class=\"font-(family-name:--picture-caption-font-family) text-(length:--picture-caption-font-size) leading-(--picture-caption-leading) font-(--picture-caption-font-weight) text-(color:--picture-caption-color) picture-with-caption__caption picture-with-caption__caption--default-full\">Harvinaisempia sienilajeja voi harvoin tunnistaa yhden kuvan perusteella. Kuva:\u00a0Aino L\u00e4hdekorpi<\/p>\n<p class=\"article-body mb-(--paragraph-margin-b) px-nof-16\">Luonnontieteellisen keskusmuseon (Luomus) tietojen mukaan Suomessa on yli 5\u202f500 sienilajia. Rajaniemen mukaan meritoitunut asiantuntija voi tunnistaa niist\u00e4 ehk\u00e4 1\u202f400.<\/p>\n<p class=\"article-body mb-(--paragraph-margin-b) px-nof-16\">Sieniseuran Facebookissa julkaisujonon k\u00e4rkeen kiilaavat myrkytysep\u00e4ilyt. Niihin saavat kommentoida vain seuran hyv\u00e4ksym\u00e4t asiantuntijat.<\/p>\n<p class=\"article-body mb-(--paragraph-margin-b) px-nof-16\">Sommarbergin mukaan pannulle-heitot ovat jopa pelottavia, jos sienest\u00e4j\u00e4 tulkitseekin kehotuksen varmistuksena sienen vaarattomuudesta.<\/p>\n<p class=\"article-body mb-(--paragraph-margin-b) px-nof-16\">\u2013 Joskin minun mielest\u00e4ni viime k\u00e4dess\u00e4 vastuu on jokaisella itsell\u00e4\u00e4n pist\u00e4\u00e4 sinne pannulle vain sellaista, mink\u00e4 itse varmasti tunnistaa.<\/p>\n<p class=\"article-body mb-(--paragraph-margin-b) px-nof-16\">Sienestyksen ei \u00e4kkiselt\u00e4\u00e4n ajattelisi olevan keskustelunaiheista tunneherkin, mutta Rajaniemen mukaan harrastukseen voi liitty\u00e4 paljon henkil\u00f6kohtaista.<\/p>\n<p class=\"article-body mb-(--paragraph-margin-b) px-nof-16\">Er\u00e4\u00e4ss\u00e4 ryhm\u00e4ss\u00e4 riidell\u00e4\u00e4n siit\u00e4, ry\u00f6p\u00e4t\u00e4\u00e4nk\u00f6 vai keitet\u00e4\u00e4nk\u00f6 sienet. Lajitunnistusvinkkej\u00e4 esittelev\u00e4n julkaisun kommenteissa iti\u00f6laskeuman ottamista haukutaan hifistelyksi.<\/p>\n<p class=\"article-body mb-(--paragraph-margin-b) px-nof-16\">\u2013 Mummo on opettanut lapsuudessa jo, ja aina olen tehnyt n\u00e4in. Kun joku siihen t\u00f6kk\u00e4isee, reaktio on tunneper\u00e4inen, Rajaniemi toteaa.<\/p>\n<p class=\"article-body mb-(--paragraph-margin-b) px-nof-16\">My\u00f6s Sommarberg ajattelee, ett\u00e4 ihmisten reaktioissa v\u00e4littyy itselle t\u00e4rke\u00e4n perinteen puolustaminen.<\/p>\n<p class=\"article-body mb-(--paragraph-margin-b) px-nof-16\">\u2013 Jos joku haastaa sit\u00e4, niin se voi v\u00e4h\u00e4n satuttaa.<\/p>\n<p class=\"article-body mb-(--paragraph-margin-b) px-nof-16\">Linja on kuitenkin pidett\u00e4v\u00e4 tiukkana. Kaikki kolme yll\u00e4pit\u00e4j\u00e4\u00e4 tekev\u00e4t t\u00f6it\u00e4 sen eteen, ett\u00e4 oman ryhm\u00e4n ilmapiiri pysyisi viihtyis\u00e4n\u00e4.<\/p>\n<p class=\"article-body mb-(--paragraph-margin-b) px-nof-16\">Majamaa, Sommarberg ja Rajaniemi noudattavat samaa kaavaa: Huonok\u00e4yt\u00f6ksisimm\u00e4t kommentoijat lent\u00e4v\u00e4t varoittamatta ulos ryhm\u00e4st\u00e4.<\/p>\n","protected":false},"excerpt":{"rendered":"Facebookin sieniryhmi\u00e4 riivaavat \u201dpannulle\u201d-kommentit ja pieleen menneet lajitunnistukset. Aikuiset v\u00e4ittelev\u00e4t Facebookissa naaman ja nimen kera siit\u00e4, kuka sienest\u00e4\u00e4&hellip;\n","protected":false},"author":2,"featured_media":340160,"comment_status":"","ping_status":"","sticky":false,"template":"","format":"standard","meta":{"footnotes":"","_share_on_mastodon":"0"},"categories":[5],"tags":[22,23,26,27,33,31,30,17,34,24,25,28,29,15,18,21,32,19,20,16],"class_list":["post-340159","post","type-post","status-publish","format-standard","has-post-thumbnail","category-otsikot","tag-breaking-news","tag-breakingnews","tag-featured-news","tag-featurednews","tag-fi","tag-finland","tag-finnish","tag-headlines","tag-ilta-sanomat","tag-latest-news","tag-latestnews","tag-main-news","tag-mainnews","tag-news","tag-otsikot","tag-paauutiset","tag-suomi","tag-top-stories","tag-topstories","tag-uutiset"],"share_on_mastodon":{"url":"https:\/\/pubeurope.com\/@fi\/117205622724015869","error":""},"_links":{"self":[{"href":"https:\/\/www.europesays.com\/fi\/wp-json\/wp\/v2\/posts\/340159","targetHints":{"allow":["GET"]}}],"collection":[{"href":"https:\/\/www.europesays.com\/fi\/wp-json\/wp\/v2\/posts"}],"about":[{"href":"https:\/\/www.europesays.com\/fi\/wp-json\/wp\/v2\/types\/post"}],"author":[{"embeddable":true,"href":"https:\/\/www.europesays.com\/fi\/wp-json\/wp\/v2\/users\/2"}],"replies":[{"embeddable":true,"href":"https:\/\/www.europesays.com\/fi\/wp-json\/wp\/v2\/comments?post=340159"}],"version-history":[{"count":0,"href":"https:\/\/www.europesays.com\/fi\/wp-json\/wp\/v2\/posts\/340159\/revisions"}],"wp:featuredmedia":[{"embeddable":true,"href":"https:\/\/www.europesays.com\/fi\/wp-json\/wp\/v2\/media\/340160"}],"wp:attachment":[{"href":"https:\/\/www.europesays.com\/fi\/wp-json\/wp\/v2\/media?parent=340159"}],"wp:term":[{"taxonomy":"category","embeddable":true,"href":"https:\/\/www.europesays.com\/fi\/wp-json\/wp\/v2\/categories?post=340159"},{"taxonomy":"post_tag","embeddable":true,"href":"https:\/\/www.europesays.com\/fi\/wp-json\/wp\/v2\/tags?post=340159"}],"curies":[{"name":"wp","href":"https:\/\/api.w.org\/{rel}","templated":true}]}}