{"id":340165,"date":"2026-09-03T06:30:12","date_gmt":"2026-09-03T06:30:12","guid":{"rendered":"https:\/\/www.europesays.com\/fi\/340165\/"},"modified":"2026-09-03T06:30:12","modified_gmt":"2026-09-03T06:30:12","slug":"olli-hermanin-ja-tytin-perheonni-uusi-vauva-syntyi","status":"publish","type":"post","link":"https:\/\/www.europesays.com\/fi\/340165\/","title":{"rendered":"Olli Hermanin ja Tytin perheonni: Uusi vauva syntyi!"},"content":{"rendered":"<p>\n            20191028, Helsinki. Luokka Juhlat tv-ohgjelman pressi Maikkarilla. Kuvassa Olli Herman.<br \/>\n            Timo Korhonen\n        <\/p>\n<p class=\"subtitle \">Rockt\u00e4hti Olli Hermanin perhe kasvoi uudella j\u00e4senell\u00e4.<\/p>\n<p class=\"article-content article-content-width !bg-background\">Rokkari\u00a0 on saanut kumppaninsa kanssa vauvan.<\/p>\n<p class=\"font-weight-bold m-font-weight-bold article-content article-content-width !bg-background\">Video: Olli Herman paljastaa hiustensa salaisuudet.<\/p>\n<p>        <a itemprop=\"url\" href=\"https:\/\/www.seiska.fi\/kotimaa\/olli-herman-ja-tytti-rakas-paljastus-tulevasta-lapsesta\/2137873\" rel=\"nofollow noopener\" target=\"_blank\"><\/p>\n<p>\nOlli Herman ja Tytti-rakas\n<\/p>\n<p class=\"section-date\">\n        <strong class=\"article-section\" data-section=\"kotimaa\"><br \/>\n            kotimaa<br \/>\n        <\/strong><br \/>\n        27.4. 14:27\n    <\/p>\n<p>Olli Herman ja Tytti-rakas: Paljastus tulevasta lapsesta\n    <\/p>\n<p itemprop=\"description\" class=\"subtitle \">\n    Olli ja Tytti-rakas ovat j\u00e4nn\u00e4n \u00e4\u00e4rell\u00e4.\n<\/p>\n<p>        <\/a><\/p>\n<p class=\"article-content article-content-width !bg-background\">Iloinen perheuutinen selvi\u00e4\u00e4 Ollin puolison Tytin Instagramista. Tytti jakoi keskiviikko-iltana kuvan perheen uudesta tulokkaasta.<\/p>\n<p class=\"article-content article-content-width !bg-background\">\u2013 Kaunein prinsessamme, tervetuloa. H\u00e4n saapui 1.9.2026 klo 17.51, kuvatekstiss\u00e4 kerrotaan.<\/p>\n<p class=\"article-content article-content-width !bg-background\">Olli ja Tytti kertoivat huhtikuussa, ett\u00e4 heille oli tulossa pieni tytt\u00f6.<\/p>\n<p class=\"article-content article-content-width !bg-background\">Voit katsoa kuvan alta tai<a href=\"https:\/\/www.instagram.com\/p\/Dcy0ENKDsBn\/?img_index=1\" target=\"_blank\" rel=\"nofollow noopener\"> t\u00e4st\u00e4 linkist\u00e4<\/a>.<\/p>\n<p>        <a itemprop=\"url\" href=\"https:\/\/www.seiska.fi\/kotimaa\/olli-herman-ja-tytti-rakas-kolmas-lapsi-tulossa\/2131951\" rel=\"nofollow noopener\" target=\"_blank\"><\/p>\n<p>\nOlli Herman ja Tytti-rakas\n<\/p>\n<p class=\"section-date\">\n        <strong class=\"article-section\" data-section=\"kotimaa\"><br \/>\n            kotimaa<br \/>\n        <\/strong><br \/>\n        20.4. 11:58\n    <\/p>\n<p>Olli Herman ja Tytti-rakas: Kolmas lapsi tulossa!\n    <\/p>\n<p itemprop=\"description\" class=\"subtitle \">\n    Seiska tavoitti hyv\u00e4ntuulisen Ollin, joka kertoi tunnelmiaan ilouutisen julkaisun j\u00e4lkeen.\n<\/p>\n<p>        <\/a><\/p>\n<p>Suuri perhe<\/p>\n<p class=\"article-content article-content-width !bg-background\">Tytin jakamassa kuvassa tuore perheenj\u00e4sen makoilee sel\u00e4ll\u00e4\u00e4n pupupehmolelun vieress\u00e4, ja vauvan ja pehmon kokoero on h\u00e4mm\u00e4stytt\u00e4v\u00e4n pieni.<\/p>\n<p class=\"article-content article-content-width !bg-background\">Pariskunnalla on jo ennest\u00e4\u00e4n kaksi lasta, vuonna 2022 ja vuonna 2024 syntyneet pojat. Nyt perheess\u00e4 siis riitt\u00e4\u00e4 vipin\u00e4\u00e4.<\/p>\n<p>        <a itemprop=\"url\" href=\"https:\/\/www.seiska.fi\/vain-seiskassa\/pelle-miljoona-loksautti-leuat-loviisassa-kuva\/2248923\" rel=\"nofollow noopener\" target=\"_blank\"><\/p>\n<p>\nSalakuva!\n<\/p>\n<p class=\"section-date\">\n        <strong class=\"article-section\" data-section=\"vain seiskassa\"><br \/>\n            vain seiskassa<br \/>\n        <\/strong><br \/>\n        07:00\n    <\/p>\n<p>Pelle Miljoona loksautti leuat Loviisassa \u2013 kuva!\n    <\/p>\n<p itemprop=\"description\" class=\"subtitle \">\n    Suosikkiartisti bongattiin varsin arkisissa merkeiss\u00e4 Loviisassa.\n<\/p>\n<p>        <\/a><\/p>\n<p class=\"article-content article-content-width !bg-background\">Tytti on kertonut sosiaalisessa mediassa avoimesti siit\u00e4, milt\u00e4 kolmas raskaus on tuntunut verrattuna aikaisempiin.<\/p>\n<p class=\"article-content article-content-width !bg-background\">\u2013 Oma raskauteni meno on sit\u00e4 ett\u00e4 nostellaan kiljuvaa taaperoa ja k\u00e4yd\u00e4\u00e4n l\u00e4pi uhmaik\u00e4isen meltdowneja. Ravataan p\u00e4iv\u00e4t puistoissa ja her\u00e4ill\u00e4\u00e4n y\u00f6t, Tytti kuvaili hein\u00e4kuussa tekem\u00e4ss\u00e4\u00e4n<a href=\"https:\/\/www.instagram.com\/p\/DasZR6wDAgx\/?img_index=1\" target=\"_blank\" rel=\"nofollow noopener\"> julkaisussa<\/a>.<\/p>\n<p class=\"article-content article-content-width !bg-background\">Suloisen vauvakuvan lis\u00e4ksi Tytti jakoi tarinassaan omakuvan synnytyksen j\u00e4lkeen.<\/p>\n<p class=\"article-content article-content-width !bg-background\">\u2013 T\u00e4lt\u00e4 n\u00e4ytt\u00e4\u00e4 just synnytt\u00e4nyt ihminen. Herramunvereni kun p\u00e4\u00e4sen kertomaan teille siit\u00e4 tarinan, Tytti kirjoittaa <a href=\"https:\/\/www.instagram.com\/stories\/tyttituulikki\/3977533265846121632\/\" target=\"_blank\" rel=\"nofollow noopener\">tarinassaan<\/a>.<\/p>\n<p class=\"article-content article-content-width !bg-background\">Lis\u00e4ksi tarinoissa oli kuva vastasyntyneest\u00e4 vaaleanpunainen, vadelmanmuotoinen pipo p\u00e4\u00e4ss\u00e4\u00e4n.<\/p>\n<p class=\"article-content article-content-width !bg-background\">\u2013 Syyskuu ei ole koskaan alkanut n\u00e4in hyvin, Tytti tunnelmoi.<\/p>\n<p>        <a itemprop=\"url\" href=\"https:\/\/www.seiska.fi\/kotimaa\/olli-herman-perhepaljastus\/2126572\" rel=\"nofollow noopener\" target=\"_blank\"><\/p>\n<p>\nOlli Herman\n<\/p>\n<p class=\"section-date\">\n        <strong class=\"article-section\" data-section=\"kotimaa\"><br \/>\n            kotimaa<br \/>\n        <\/strong><br \/>\n        17.4. 10:00\n    <\/p>\n<p>Olli Herman: Perhepaljastus\n    <\/p>\n<p itemprop=\"description\" class=\"subtitle \">\n    Ollilla ja h\u00e4nen kihlatullaan Tytill\u00e4 on kaksi pient\u00e4 poikaa.\n<\/p>\n<p>        <\/a><\/p>\n<p><script async src=\"\/\/www.instagram.com\/embed.js\"><\/script><\/p>\n","protected":false},"excerpt":{"rendered":"20191028, Helsinki. Luokka Juhlat tv-ohgjelman pressi Maikkarilla. Kuvassa Olli Herman. Timo Korhonen Rockt\u00e4hti Olli Hermanin perhe kasvoi uudella&hellip;\n","protected":false},"author":2,"featured_media":340166,"comment_status":"","ping_status":"","sticky":false,"template":"","format":"standard","meta":{"footnotes":"","_share_on_mastodon":"0"},"categories":[130],"tags":[137,33,31,30,3718,98,14658,32,41952,1461,109],"class_list":["post-340165","post","type-post","status-publish","format-standard","has-post-thumbnail","category-viihde","tag-entertainment","tag-fi","tag-finland","tag-finnish","tag-olli-herman","tag-perhe","tag-perheuutinen","tag-suomi","tag-tytti","tag-vauva","tag-viihde"],"share_on_mastodon":{"url":"https:\/\/pubeurope.com\/@fi\/117205704763765060","error":""},"_links":{"self":[{"href":"https:\/\/www.europesays.com\/fi\/wp-json\/wp\/v2\/posts\/340165","targetHints":{"allow":["GET"]}}],"collection":[{"href":"https:\/\/www.europesays.com\/fi\/wp-json\/wp\/v2\/posts"}],"about":[{"href":"https:\/\/www.europesays.com\/fi\/wp-json\/wp\/v2\/types\/post"}],"author":[{"embeddable":true,"href":"https:\/\/www.europesays.com\/fi\/wp-json\/wp\/v2\/users\/2"}],"replies":[{"embeddable":true,"href":"https:\/\/www.europesays.com\/fi\/wp-json\/wp\/v2\/comments?post=340165"}],"version-history":[{"count":0,"href":"https:\/\/www.europesays.com\/fi\/wp-json\/wp\/v2\/posts\/340165\/revisions"}],"wp:featuredmedia":[{"embeddable":true,"href":"https:\/\/www.europesays.com\/fi\/wp-json\/wp\/v2\/media\/340166"}],"wp:attachment":[{"href":"https:\/\/www.europesays.com\/fi\/wp-json\/wp\/v2\/media?parent=340165"}],"wp:term":[{"taxonomy":"category","embeddable":true,"href":"https:\/\/www.europesays.com\/fi\/wp-json\/wp\/v2\/categories?post=340165"},{"taxonomy":"post_tag","embeddable":true,"href":"https:\/\/www.europesays.com\/fi\/wp-json\/wp\/v2\/tags?post=340165"}],"curies":[{"name":"wp","href":"https:\/\/api.w.org\/{rel}","templated":true}]}}