{"id":340177,"date":"2026-09-03T06:58:12","date_gmt":"2026-09-03T06:58:12","guid":{"rendered":"https:\/\/www.europesays.com\/fi\/340177\/"},"modified":"2026-09-03T06:58:12","modified_gmt":"2026-09-03T06:58:12","slug":"disneyn-zombies-tahti-carla-jeffery-on-kuollut-33-vuotiaana","status":"publish","type":"post","link":"https:\/\/www.europesays.com\/fi\/340177\/","title":{"rendered":"Disneyn Zombies-t\u00e4hti Carla Jeffery on kuollut 33-vuotiaana"},"content":{"rendered":"<p class=\"wp-block-paragraph\">Muun muassa Disneyn Zombies-elokuvasarjasta sek\u00e4 J\u00e4it\u00e4 hattuun (Curb Your Enthusiasm)- ja Southland-sarjoista tuttu <strong>Carla Jeffery<\/strong> on kuollut 33-vuotiaana.<\/p>\n<p class=\"wp-block-paragraph\">Alexanders Talent Management ilmoitti n\u00e4yttelij\u00e4n kuolemasta Instagramissa julkaisemassaan lausunnossa:<\/p>\n<p>Lue my\u00f6s: <a href=\"https:\/\/www.episodi.fi\/uutiset\/valkokangaslegenda-tim-curryn-kuolinsyy-selvisi\/\" title=\"Valkokangaslegenda Tim Curryn kuolinsyy selvisi\" class=\"underline-custom !font-heading !font-bold !underline-offset-4 !decoration-4 !decoration-accent !text-md\" rel=\"nofollow noopener\" target=\"_blank\">Valkokangaslegenda Tim Curryn kuolinsyy selvisi<\/a><\/p>\n<p>Lue my\u00f6s: <a href=\"https:\/\/www.episodi.fi\/uutiset\/stanley-kubrickin-tytar-ottaa-kantaa-hurjaan-eyes-wide-shut-teoriaan-poistettiinko-siita-salaa-20-minuuttia\/\" title=\"Stanley Kubrickin tyt\u00e4r ottaa kantaa hurjaan Eyes Wide Shut -teoriaan \u2013 poistettiinko siit\u00e4 salaa 20 minuuttia?\" class=\"underline-custom !font-heading !font-bold !underline-offset-4 !decoration-4 !decoration-accent !text-md\" rel=\"nofollow noopener\" target=\"_blank\">Stanley Kubrickin tyt\u00e4r ottaa kantaa hurjaan Eyes Wide Shut -teoriaan \u2013 poistettiinko siit\u00e4 salaa 20 minuuttia?<\/a><\/p>\n<p class=\"wp-block-paragraph\">\u2013 Olemme syv\u00e4sti surullisia joutuessamme kertomaan rakkaan<strong> Carla Jefferymme <\/strong>kuolemasta. H\u00e4n menehtyi 1. syyskuuta 2026 vain 33-vuotiaana.<\/p>\n<p class=\"wp-block-paragraph\">\u2013 Muistamme h\u00e4nen tarttuvan hymyns\u00e4, naurunsa, lahjakkuutensa ja sen ihanan valon, jota h\u00e4n toi mukanaan kaikkialle. L\u00e4het\u00e4mme rakkautemme ja syvimm\u00e4n osanottomme Carlan perheelle ja l\u00e4heisille. Pyyd\u00e4mme kunnioittamaan heid\u00e4n yksityisyytt\u00e4\u00e4n t\u00e4n\u00e4 \u00e4\u00e4rimm\u00e4isen vaikeana aikana.<\/p>\n<p class=\"wp-block-paragraph\">Lep\u00e4\u00e4 rauhassa, Carla.<\/p>\n","protected":false},"excerpt":{"rendered":"Muun muassa Disneyn Zombies-elokuvasarjasta sek\u00e4 J\u00e4it\u00e4 hattuun (Curb Your Enthusiasm)- ja Southland-sarjoista tuttu Carla Jeffery on kuollut 33-vuotiaana.&hellip;\n","protected":false},"author":2,"featured_media":340178,"comment_status":"","ping_status":"","sticky":false,"template":"","format":"standard","meta":{"footnotes":"","_share_on_mastodon":"0"},"categories":[130],"tags":[41953,137,33,31,30,4244,32,109],"class_list":["post-340177","post","type-post","status-publish","format-standard","has-post-thumbnail","category-viihde","tag-carla-jeffery","tag-entertainment","tag-fi","tag-finland","tag-finnish","tag-in-memoriam","tag-suomi","tag-viihde"],"share_on_mastodon":{"url":"https:\/\/pubeurope.com\/@fi\/117205814654890580","error":""},"_links":{"self":[{"href":"https:\/\/www.europesays.com\/fi\/wp-json\/wp\/v2\/posts\/340177","targetHints":{"allow":["GET"]}}],"collection":[{"href":"https:\/\/www.europesays.com\/fi\/wp-json\/wp\/v2\/posts"}],"about":[{"href":"https:\/\/www.europesays.com\/fi\/wp-json\/wp\/v2\/types\/post"}],"author":[{"embeddable":true,"href":"https:\/\/www.europesays.com\/fi\/wp-json\/wp\/v2\/users\/2"}],"replies":[{"embeddable":true,"href":"https:\/\/www.europesays.com\/fi\/wp-json\/wp\/v2\/comments?post=340177"}],"version-history":[{"count":0,"href":"https:\/\/www.europesays.com\/fi\/wp-json\/wp\/v2\/posts\/340177\/revisions"}],"wp:featuredmedia":[{"embeddable":true,"href":"https:\/\/www.europesays.com\/fi\/wp-json\/wp\/v2\/media\/340178"}],"wp:attachment":[{"href":"https:\/\/www.europesays.com\/fi\/wp-json\/wp\/v2\/media?parent=340177"}],"wp:term":[{"taxonomy":"category","embeddable":true,"href":"https:\/\/www.europesays.com\/fi\/wp-json\/wp\/v2\/categories?post=340177"},{"taxonomy":"post_tag","embeddable":true,"href":"https:\/\/www.europesays.com\/fi\/wp-json\/wp\/v2\/tags?post=340177"}],"curies":[{"name":"wp","href":"https:\/\/api.w.org\/{rel}","templated":true}]}}