{"id":340181,"date":"2026-09-03T07:02:11","date_gmt":"2026-09-03T07:02:11","guid":{"rendered":"https:\/\/www.europesays.com\/fi\/340181\/"},"modified":"2026-09-03T07:02:11","modified_gmt":"2026-09-03T07:02:11","slug":"kuningas-haraldin-kuolemasta-leviaa-outo-huhu-nyt-puhuu-sairaala","status":"publish","type":"post","link":"https:\/\/www.europesays.com\/fi\/340181\/","title":{"rendered":"Kuningas Haraldin kuolemasta levi\u00e4\u00e4 outo huhu \u2013 Nyt puhuu sairaala"},"content":{"rendered":"<p>Kuninkaan kuolemasta levi\u00e4\u00e4 huhu.<\/p>\n<p><img decoding=\"async\" class=\"image image-show image-preview\" src=\"https:\/\/www.europesays.com\/fi\/wp-content\/uploads\/2026\/09\/af624b04bc1f353866d9d8c86845d11c6d644ca5e45ec68b92989e883d68f813.jpg\" alt=\"\"\/><img decoding=\"async\" class=\"image image-show\" src=\"https:\/\/www.europesays.com\/fi\/wp-content\/uploads\/2026\/09\/1788418931_567_af624b04bc1f353866d9d8c86845d11c6d644ca5e45ec68b92989e883d68f813.jpg\" alt=\"\"\/><\/p>\n<p>Haraldin kuolemasta levi\u00e4\u00e4 huhu Norjassa. AOP<\/p>\n<p class=\"paragraph\">Norjan kuningas <strong>Haraldin<\/strong> kuolemasta levi\u00e4\u00e4 kummallinen huhu, kertoo <a href=\"https:\/\/www.dagbladet.no\/nyheter\/svarer-etter-ryktestorm\/85098194\" rel=\"noopener nofollow\" target=\"_blank\">Dagbladet<\/a>-lehti.<\/p>\n<p class=\"paragraph\">Harald kuoli 28. elokuuta varhain aamulla Oslon Rikshospitaletissa. Lehden lukijat kuitenkin v\u00e4itt\u00e4v\u00e4t Dagbladetille, ett\u00e4 sairaalassa tiedettiin kuolemasta p\u00e4iv\u00e4\u00e4 ennen kuin se tapahtui. Toimitukseen yhteytt\u00e4 ottaneet lukijat kertoivat saaneensa tiedon \u201dluotettavilta l\u00e4hteilt\u00e4\u00e4n\u201d sairaalasta. Dagbladet-lehti kertoo, ett\u00e4 l\u00e4hteet ovat toisen k\u00e4den l\u00e4hteit\u00e4, joita ei voida pit\u00e4\u00e4 luotettavina. Lehden tiedossa ei ole tapauksia, joissa sairaalan ty\u00f6ntekij\u00e4 olisi avautunut Haraldin tilanteesta julkisuuteen.<\/p>\n<p class=\"paragraph\">Hovi kertoi torstaina 27. elokuuta kuninkaan terveydentilan pysyneen sairaalassa ennallaan. Dagbladet ep\u00e4ilee, ett\u00e4 hovi on halunnut lehdist\u00f6tiedotteellaan kiist\u00e4\u00e4 levinneet virheelliset huhut.<\/p>\n<p class=\"paragraph\">Oslon Rikshospitalet kommentoi huhuja lehdelle.<\/p>\n<p class=\"paragraph\">\u2013 Emme halua kommentoida sosiaalisessa mediassa levi\u00e4vi\u00e4 huhuja. Yleisella tasolla haluamme sanoa, ett\u00e4 suhtaudumme potilaiden yksityisyyteen vakavasti ja huolet potilastiedoista k\u00e4sitell\u00e4\u00e4n protokollan mukaisesti, sairaalasta kommentoidaan Dagbladetille.<\/p>\n<p class=\"paragraph\">Sairaalan lausunnossa my\u00f6s kerrottiin, ett\u00e4 potilaiden yksityisyys on terveydenhuollon ammattilaiselle ensiarvoisen t\u00e4rke\u00e4\u00e4, ja se on t\u00e4rke\u00e4 osa ammattietiikkaa.<\/p>\n<p class=\"paragraph\">\u2013 Potilaiden t\u00e4ytyy voida luottaa siihen, ett\u00e4 heid\u00e4n tietonsa k\u00e4sitell\u00e4\u00e4n luottamuksellisesti ja ett\u00e4 niit\u00e4 ei jaeta eteenp\u00e4in.<\/p>\n","protected":false},"excerpt":{"rendered":"Kuninkaan kuolemasta levi\u00e4\u00e4 huhu. Haraldin kuolemasta levi\u00e4\u00e4 huhu Norjassa. AOP Norjan kuningas Haraldin kuolemasta levi\u00e4\u00e4 kummallinen huhu, kertoo&hellip;\n","protected":false},"author":2,"featured_media":340182,"comment_status":"","ping_status":"","sticky":false,"template":"","format":"standard","meta":{"footnotes":"","_share_on_mastodon":"0"},"categories":[14],"tags":[35,22,23,26,27,33,31,30,17,501,24,25,28,29,1616,15,18,21,32,502,503,167,19,20,56,16,59,60,61],"class_list":["post-340181","post","type-post","status-publish","format-standard","has-post-thumbnail","category-ulkomaat","tag-24h","tag-breaking-news","tag-breakingnews","tag-featured-news","tag-featurednews","tag-fi","tag-finland","tag-finnish","tag-headlines","tag-laakaripalvelut","tag-latest-news","tag-latestnews","tag-main-news","tag-mainnews","tag-media-viestinta","tag-news","tag-otsikot","tag-paauutiset","tag-suomi","tag-terveydenhoito","tag-terveydenhuolto-sektori","tag-terveys","tag-top-stories","tag-topstories","tag-ulkomaat","tag-uutiset","tag-world","tag-world-news","tag-worldnews"],"share_on_mastodon":{"url":"https:\/\/pubeurope.com\/@fi\/117205831119326360","error":""},"_links":{"self":[{"href":"https:\/\/www.europesays.com\/fi\/wp-json\/wp\/v2\/posts\/340181","targetHints":{"allow":["GET"]}}],"collection":[{"href":"https:\/\/www.europesays.com\/fi\/wp-json\/wp\/v2\/posts"}],"about":[{"href":"https:\/\/www.europesays.com\/fi\/wp-json\/wp\/v2\/types\/post"}],"author":[{"embeddable":true,"href":"https:\/\/www.europesays.com\/fi\/wp-json\/wp\/v2\/users\/2"}],"replies":[{"embeddable":true,"href":"https:\/\/www.europesays.com\/fi\/wp-json\/wp\/v2\/comments?post=340181"}],"version-history":[{"count":0,"href":"https:\/\/www.europesays.com\/fi\/wp-json\/wp\/v2\/posts\/340181\/revisions"}],"wp:featuredmedia":[{"embeddable":true,"href":"https:\/\/www.europesays.com\/fi\/wp-json\/wp\/v2\/media\/340182"}],"wp:attachment":[{"href":"https:\/\/www.europesays.com\/fi\/wp-json\/wp\/v2\/media?parent=340181"}],"wp:term":[{"taxonomy":"category","embeddable":true,"href":"https:\/\/www.europesays.com\/fi\/wp-json\/wp\/v2\/categories?post=340181"},{"taxonomy":"post_tag","embeddable":true,"href":"https:\/\/www.europesays.com\/fi\/wp-json\/wp\/v2\/tags?post=340181"}],"curies":[{"name":"wp","href":"https:\/\/api.w.org\/{rel}","templated":true}]}}