{"id":340183,"date":"2026-09-03T07:03:16","date_gmt":"2026-09-03T07:03:16","guid":{"rendered":"https:\/\/www.europesays.com\/fi\/340183\/"},"modified":"2026-09-03T07:03:16","modified_gmt":"2026-09-03T07:03:16","slug":"mielipide-en-paase-seurakuntavaaliehdokkaaksi-sinne-missa-toimin-aktiivisesti","status":"publish","type":"post","link":"https:\/\/www.europesays.com\/fi\/340183\/","title":{"rendered":"Mielipide: En p\u00e4\u00e4se seurakuntavaaliehdokkaaksi sinne, miss\u00e4 toimin aktiivisesti"},"content":{"rendered":"<p>            \t        <img decoding=\"async\" src=\"https:\/\/www.europesays.com\/fi\/wp-content\/uploads\/2026\/09\/676ec59c-3d11-662f-1918-9610fd627605.jpeg\" alt=\"\"\/><\/p>\n<p>\n                Puheenvuorot\n        <\/p>\n<ul class=\"list-inline article-meta voice-no-read\">\n<li class=\"list-inline-item\">03.09.2026 09:25<\/li>\n<li class=\"list-inline-item\">\n<p>                        Nina Nores-Syv\u00e4nen<\/p>\n<\/li>\n<\/ul>\n<p>Olen asuinpaikkani perusteella j\u00e4senen\u00e4 Matteus f\u00f6rsamlingissa. Suomenkielinen vaihtoehto olisi Vuosaaren seurakunta. En ole kummankaan seurakunnan toiminnassa mukana. Sen sijaan olen ollut aktiivisesti mukana Helsingin tuomiokirkkoseurakunnassa.<\/p>\n<p>Nyt on vaalit tulossa, ja voisin asettua ehdolle seurakuntaneuvostoon. Se ei kuitenkaan ole mahdollista siin\u00e4 seurakunnassa, jonka toiminnassa olen mukana. En taas halua pyrki\u00e4 luottamustoimeen seurakunnassa, jonka toimintaan en osallistu lainkaan.<\/p>\n<p>Olisiko nyt aika tehd\u00e4 muutos kirkkolakiin ja purkaa turhia normeja? Miksi ei voi itse valita, mihin seurakuntaan haluaa kuulua?<\/p>\n<p><b>Nina Nores-Syv\u00e4nen<\/b><\/p>\n<p>Ty\u00f6nohjaaja, muusikko, yritt\u00e4j\u00e4, Helsinki<\/p>\n<p>            <a href=\"https:\/\/www.kirkkojakaupunki.fi\/uutiskirje?tilaa=Helsinki\" rel=\"nofollow noopener\" target=\"_blank\"><br \/>\n                <img decoding=\"async\" alt=\"Tilaa Helsinki-kirje\" src=\"https:\/\/www.europesays.com\/fi\/wp-content\/uploads\/2026\/09\/a3f37d3b-fb3f-2728-0d48-bcc897a9186e.jpeg\"\/><br \/>\n            <\/a><\/p>\n<p>\t`); }<\/p>\n<p>`); }<\/p>\n","protected":false},"excerpt":{"rendered":"Puheenvuorot 03.09.2026 09:25 Nina Nores-Syv\u00e4nen Olen asuinpaikkani perusteella j\u00e4senen\u00e4 Matteus f\u00f6rsamlingissa. Suomenkielinen vaihtoehto olisi Vuosaaren seurakunta. En ole&hellip;\n","protected":false},"author":2,"featured_media":340184,"comment_status":"","ping_status":"","sticky":false,"template":"","format":"standard","meta":{"footnotes":"","_share_on_mastodon":"0"},"categories":[12],"tags":[22,23,26,27,33,31,30,17,104,24,25,28,29,6560,15,18,21,9132,41956,32,19,20,41954,16,41955],"class_list":["post-340183","post","type-post","status-publish","format-standard","has-post-thumbnail","category-suomi","tag-breaking-news","tag-breakingnews","tag-featured-news","tag-featurednews","tag-fi","tag-finland","tag-finnish","tag-headlines","tag-helsinki","tag-latest-news","tag-latestnews","tag-main-news","tag-mainnews","tag-mielipide","tag-news","tag-otsikot","tag-paauutiset","tag-puheenvuorot","tag-seurakuntavaalit","tag-suomi","tag-top-stories","tag-topstories","tag-tuomiokirkkoseurakunta","tag-uutiset","tag-vuosaaren-seurakunta"],"share_on_mastodon":{"url":"https:\/\/pubeurope.com\/@fi\/117205834740983668","error":""},"_links":{"self":[{"href":"https:\/\/www.europesays.com\/fi\/wp-json\/wp\/v2\/posts\/340183","targetHints":{"allow":["GET"]}}],"collection":[{"href":"https:\/\/www.europesays.com\/fi\/wp-json\/wp\/v2\/posts"}],"about":[{"href":"https:\/\/www.europesays.com\/fi\/wp-json\/wp\/v2\/types\/post"}],"author":[{"embeddable":true,"href":"https:\/\/www.europesays.com\/fi\/wp-json\/wp\/v2\/users\/2"}],"replies":[{"embeddable":true,"href":"https:\/\/www.europesays.com\/fi\/wp-json\/wp\/v2\/comments?post=340183"}],"version-history":[{"count":0,"href":"https:\/\/www.europesays.com\/fi\/wp-json\/wp\/v2\/posts\/340183\/revisions"}],"wp:featuredmedia":[{"embeddable":true,"href":"https:\/\/www.europesays.com\/fi\/wp-json\/wp\/v2\/media\/340184"}],"wp:attachment":[{"href":"https:\/\/www.europesays.com\/fi\/wp-json\/wp\/v2\/media?parent=340183"}],"wp:term":[{"taxonomy":"category","embeddable":true,"href":"https:\/\/www.europesays.com\/fi\/wp-json\/wp\/v2\/categories?post=340183"},{"taxonomy":"post_tag","embeddable":true,"href":"https:\/\/www.europesays.com\/fi\/wp-json\/wp\/v2\/tags?post=340183"}],"curies":[{"name":"wp","href":"https:\/\/api.w.org\/{rel}","templated":true}]}}