{"id":340185,"date":"2026-09-03T07:04:09","date_gmt":"2026-09-03T07:04:09","guid":{"rendered":"https:\/\/www.europesays.com\/fi\/340185\/"},"modified":"2026-09-03T07:04:09","modified_gmt":"2026-09-03T07:04:09","slug":"trumpin-hallinto-pelkaa-murskatappiota-otti-kayttoon-vaiennusstrategian","status":"publish","type":"post","link":"https:\/\/www.europesays.com\/fi\/340185\/","title":{"rendered":"Trumpin hallinto pelk\u00e4\u00e4 murskatappiota \u2013 otti k\u00e4ytt\u00f6\u00f6n vaiennusstrategian"},"content":{"rendered":"<p>V\u00e4livaalit l\u00e4hestyv\u00e4t, eik\u00e4 Trumpin hallinto halua sodasta \u00e4\u00e4nest\u00e4ji\u00e4 karkottavaa vaaliteemaa.<\/p>\n<p class=\"font-(family-name:--picture-caption-font-family) text-(length:--picture-caption-font-size) leading-(--picture-caption-leading) font-(--picture-caption-font-weight) text-(color:--picture-caption-color)\">Trumpin kannatus on ollut viime aikoina pohjalukemissa.<\/p>\n<p class=\"article-body mb-(--paragraph-margin-b) px-nof-16\">Yhdysvaltain presidentin <a class=\"font-bold underline-offset-[0.12em] [text-decoration:var(--person-link-text-decoration)] [text-decoration-color:var(--person-link-text-decoration-color)]!\" href=\"https:\/\/www.is.fi\/haku\/?query=Donald%20Trumpin\" rel=\"nofollow noopener\" target=\"_blank\">Donald Trumpin<\/a> hallinto pelk\u00e4\u00e4, ett\u00e4 ep\u00e4suosittu Iranin sota saattaa johtaa republikaanien murskatappioon marraskuun v\u00e4livaaleissa, kertoo hallintoa l\u00e4hell\u00e4 olevia l\u00e4hteit\u00e4 haastatellut uutistoimisto Reuters.<\/p>\n<p class=\"article-body mb-(--paragraph-margin-b) px-nof-16\">Reutersin mukaan Trumpin korkea-arvoiset neuvonantajat pyrkiv\u00e4t t\u00e4ll\u00e4 hetkell\u00e4 est\u00e4m\u00e4\u00e4n Iranin sodan eskaloitumisen ja \u201dvaientamaan\u201d sen vaaleja edelt\u00e4v\u00e4ksi ajaksi, jotta mahdollinen vaalitappio v\u00e4ltett\u00e4isiin.<\/p>\n<p class=\"article-body mb-(--paragraph-margin-b) px-nof-16\">Yhdysvalloissa \u00e4\u00e4nestet\u00e4\u00e4n v\u00e4livaaleissa 3. marraskuuta. Vaaleissa valitaan kongressin edustajainhuoneen j\u00e4senet sek\u00e4 noin kolmannes senaattoreista.<\/p>\n<p class=\"article-body mb-(--paragraph-margin-b) px-nof-16\">Republikaaneilla on t\u00e4ll\u00e4 hetkell\u00e4 enemmist\u00f6 sek\u00e4 edustajainhuoneessa ett\u00e4 senaatissa, mutta demokraattien ennustetaan menestyv\u00e4n vaaleissa.<\/p>\n<p class=\"article-body mb-(--paragraph-margin-b) px-nof-16\">Reutersin haastattelemien l\u00e4hteiden mukaan Iranin sotaa tulisi hillit\u00e4, jotta aihe ei valtaisi mediatilaa ennen vaaleja. Sodan kannatusluvut ovat alhaiset. Er\u00e4s l\u00e4hteist\u00e4 kertoi, ett\u00e4 Yhdysvallat painostaa yh\u00e4 Irania, mutta \u201dmarraskuu on etusijalla\u201d.<\/p>\n<p class=\"article-body mb-(--paragraph-margin-b) px-nof-16\">\u201dTaktinen tauko\u201d taisteluissa antaisi l\u00e4hteiden mukaan Yhdysvalloille my\u00f6s aikaa t\u00e4ydent\u00e4\u00e4 ammusvarastojaan, jotka ovat olleet sodan aikana koetuksella.<\/p>\n<p class=\"article-body mb-(--paragraph-margin-b) px-nof-16\">Kun v\u00e4livaaleissa on \u00e4\u00e4nestetty, sotilaallisten toimien lis\u00e4\u00e4mist\u00e4 voitaisiin taas harkita, Reutersin l\u00e4hteet kertovat. Se ei kuitenkaan tarkoita sit\u00e4, ett\u00e4 t\u00e4ysimittaisen konfliktin jatkuminen olisi varmaa.<\/p>\n<p class=\"article-body mb-(--paragraph-margin-b) px-nof-16\">Ei ole selv\u00e4\u00e4, onko Trump itse samaa mielt\u00e4 tarpeesta hillit\u00e4 sotaa kuin h\u00e4nen neuvonantajansa. Trump on sanonut, ettei l\u00e4hestyvill\u00e4 vaaleilla ole vaikutusta h\u00e4nen Iran-strategiaansa.<\/p>\n<p class=\"article-body mb-(--paragraph-margin-b) px-nof-16\">Reutersin l\u00e4hteiden mukaan Trump ei ole t\u00e4ll\u00e4 hetkell\u00e4 kiinnostunut tilanteen k\u00e4rjist\u00e4misest\u00e4, mutta silti tilanne on k\u00e4rjistynyt viime p\u00e4ivin\u00e4.<\/p>\n<p class=\"article-body mb-(--paragraph-margin-b) px-nof-16\">Yhdysvallat vaikutti jo siirtyneen strategiaan, jossa se kohdistaa Iraniin voimakasta taloudellista painostusta, mutta ei iske maahan sotilaallisesti. Sunnuntaina Yhdysvallat kuitenkin iski Iraniin pitk\u00e4n tauon j\u00e4lkeen. Sit\u00e4 seurasi Iranin kostoiskuja ja niit\u00e4 puolestaan uusia Yhdysvaltain iskuja.<\/p>\n<p class=\"article-body mb-(--paragraph-margin-b) px-nof-16\">Siit\u00e4, miten tilanne tulevaisuudessa kehittyy, ei liene Trumpin hallinnollakaan t\u00e4ytt\u00e4 tietoa.<\/p>\n","protected":false},"excerpt":{"rendered":"V\u00e4livaalit l\u00e4hestyv\u00e4t, eik\u00e4 Trumpin hallinto halua sodasta \u00e4\u00e4nest\u00e4ji\u00e4 karkottavaa vaaliteemaa. Trumpin kannatus on ollut viime aikoina pohjalukemissa. Yhdysvaltain&hellip;\n","protected":false},"author":2,"featured_media":340186,"comment_status":"","ping_status":"","sticky":false,"template":"","format":"standard","meta":{"footnotes":"","_share_on_mastodon":"0"},"categories":[5],"tags":[22,23,26,27,33,31,30,17,34,24,25,28,29,15,18,21,32,19,20,16],"class_list":["post-340185","post","type-post","status-publish","format-standard","has-post-thumbnail","category-otsikot","tag-breaking-news","tag-breakingnews","tag-featured-news","tag-featurednews","tag-fi","tag-finland","tag-finnish","tag-headlines","tag-ilta-sanomat","tag-latest-news","tag-latestnews","tag-main-news","tag-mainnews","tag-news","tag-otsikot","tag-paauutiset","tag-suomi","tag-top-stories","tag-topstories","tag-uutiset"],"share_on_mastodon":{"url":"https:\/\/pubeurope.com\/@fi\/117205838292992535","error":""},"_links":{"self":[{"href":"https:\/\/www.europesays.com\/fi\/wp-json\/wp\/v2\/posts\/340185","targetHints":{"allow":["GET"]}}],"collection":[{"href":"https:\/\/www.europesays.com\/fi\/wp-json\/wp\/v2\/posts"}],"about":[{"href":"https:\/\/www.europesays.com\/fi\/wp-json\/wp\/v2\/types\/post"}],"author":[{"embeddable":true,"href":"https:\/\/www.europesays.com\/fi\/wp-json\/wp\/v2\/users\/2"}],"replies":[{"embeddable":true,"href":"https:\/\/www.europesays.com\/fi\/wp-json\/wp\/v2\/comments?post=340185"}],"version-history":[{"count":0,"href":"https:\/\/www.europesays.com\/fi\/wp-json\/wp\/v2\/posts\/340185\/revisions"}],"wp:featuredmedia":[{"embeddable":true,"href":"https:\/\/www.europesays.com\/fi\/wp-json\/wp\/v2\/media\/340186"}],"wp:attachment":[{"href":"https:\/\/www.europesays.com\/fi\/wp-json\/wp\/v2\/media?parent=340185"}],"wp:term":[{"taxonomy":"category","embeddable":true,"href":"https:\/\/www.europesays.com\/fi\/wp-json\/wp\/v2\/categories?post=340185"},{"taxonomy":"post_tag","embeddable":true,"href":"https:\/\/www.europesays.com\/fi\/wp-json\/wp\/v2\/tags?post=340185"}],"curies":[{"name":"wp","href":"https:\/\/api.w.org\/{rel}","templated":true}]}}