{"id":340193,"date":"2026-09-03T07:28:15","date_gmt":"2026-09-03T07:28:15","guid":{"rendered":"https:\/\/www.europesays.com\/fi\/340193\/"},"modified":"2026-09-03T07:28:15","modified_gmt":"2026-09-03T07:28:15","slug":"kuningas-haraldin-kuoleman-ymparilla-sitkea-huhu-sairaala-kommentoi","status":"publish","type":"post","link":"https:\/\/www.europesays.com\/fi\/340193\/","title":{"rendered":"Kuningas Haraldin kuoleman ymp\u00e4rill\u00e4 sitke\u00e4 huhu \u2013 sairaala kommentoi"},"content":{"rendered":"<p>Oslon yliopistollisen sairaalan mukaan huhuissa ei ole per\u00e4\u00e4.<\/p>\n<p><img decoding=\"async\" src=\"https:\/\/www.europesays.com\/fi\/wp-content\/uploads\/2026\/09\/1788420495_132_468.jpg\" alt=\"Kuningas Haraldin kuoleman ymp\u00e4rill\u00e4 py\u00f6rii kiivas huhumylly. \" class=\"_Img_1rerz_1\" style=\"aspect-ratio:1920\/1080\" loading=\"eager\"\/><\/p>\n<p class=\"font-(family-name:--picture-caption-font-family) text-(length:--picture-caption-font-size) leading-(--picture-caption-leading) font-(--picture-caption-font-weight) text-(color:--picture-caption-color)\">Kuningas Haraldin kuoleman ymp\u00e4rill\u00e4 py\u00f6rii kiivas huhumylly. <\/p>\n<p class=\"article-body mb-(--paragraph-margin-b) px-nof-16\">Kuningas <a class=\"font-bold underline-offset-[0.12em] [text-decoration:var(--person-link-text-decoration)] [text-decoration-color:var(--person-link-text-decoration-color)]!\" href=\"https:\/\/www.is.fi\/haku\/?query=Haraldin\" rel=\"nofollow noopener\" target=\"_blank\">Haraldin <\/a>kuolemasta levi\u00e4\u00e4 erikoinen huhu, kertoo <a class=\"underline underline-offset-[0.12em] [text-decoration-thickness:var(--generic-link-underline-thickness)] [text-decoration-color:var(--generic-link-underline-color)] [text-decoration-skip-ink:var(--generic-link-underline-skip-ink)] break-words\" href=\"https:\/\/www.dagbladet.no\/nyheter\/svarer-etter-ryktestorm\/85098194\" rel=\"nofollow noopener\" target=\"_blank\">Dagbladet<\/a>.<\/p>\n<p class=\"article-body mb-(--paragraph-margin-b) px-nof-16\">Harald kuoli 28. elokuuta varhain aamulla Oslon yliopistollisessa sairaalassa, mutta lehden mukaan lukijat ovat l\u00e4hestyneet heit\u00e4 kertoen, ett\u00e4 sairaalassa tiedettiin kuolemasta jo p\u00e4iv\u00e4\u00e4 etuk\u00e4teen. Toimitusta l\u00e4hestyneet lukijat kertoivat, ett\u00e4 heill\u00e4 on sairaalassa \u201dluotettavia l\u00e4hteit\u00e4\u201d, jotka kertoivat uutisesta ennakkoon.<\/p>\n<p class=\"article-body mb-(--paragraph-margin-b) px-nof-16\">V\u00e4itteit\u00e4 ei voida pit\u00e4\u00e4 luotettavina tai varmoina, ja Dagbladetin mukaan yksik\u00e4\u00e4n l\u00e4hestyjist\u00e4 ei ollut itse \u201dsairaalan sis\u00e4inen l\u00e4hde\u201d. Lehden mukaan tiedossa ei ole tapauksia, joissa joku sairaalan ty\u00f6ntekij\u00e4 olisi kertonut Haraldin tilanteesta tai asioista julkisuuteen. My\u00f6s hovi tiedotti p\u00e4iv\u00e4\u00e4 ennen Haraldin kuolemaa, ett\u00e4 kuninkaan tilanne on pysynyt ennallaan.<\/p>\n<p class=\"article-body mb-(--paragraph-margin-b) px-nof-16\">T\u00e4st\u00e4 huolimatta Oslon yliopistollinen sairaala on kommentoinut sitkeit\u00e4 v\u00e4itteit\u00e4 julkisesti.<\/p>\n<p class=\"article-body mb-(--paragraph-margin-b) px-nof-16\">\u2013 Emme halua kommentoida sosiaalisessa mediassa levi\u00e4vi\u00e4 juoruja. Yleisell\u00e4 tasolla haluamme sanoa, ett\u00e4 suhtaudumme potilaiden yksityisyyteen vakavasti, ja ett\u00e4 kaikki huolet potilaiden henkil\u00f6kohtaisista tiedoista k\u00e4sitell\u00e4\u00e4n aina protokollan mukaisesti, kommentoitiin sairaalasta.<\/p>\n<p class=\"article-body mb-(--paragraph-margin-b) px-nof-16\">Lis\u00e4ksi sairaalan lausunnossa painotettiin, ett\u00e4 potilaiden yksityisyys on terveydenhuollon ammattilaisille ensisijaisen t\u00e4rke\u00e4\u00e4.<\/p>\n<p class=\"article-body mb-(--paragraph-margin-b) px-nof-16\">\u2013 Kunnioitus potilaita ja heid\u00e4n yksityisyytt\u00e4\u00e4n kohtaan on olennainen osa terveydenhuollon ammattietiikkaa. Potilaiden t\u00e4ytyy voida luottaa siihen, ett\u00e4 heid\u00e4n tietonsa k\u00e4sitell\u00e4\u00e4n luottamuksellisesti ja ett\u00e4 niit\u00e4 ei jaeta eteenp\u00e4in.<\/p>\n","protected":false},"excerpt":{"rendered":"Oslon yliopistollisen sairaalan mukaan huhuissa ei ole per\u00e4\u00e4. Kuningas Haraldin kuoleman ymp\u00e4rill\u00e4 py\u00f6rii kiivas huhumylly. Kuningas Haraldin kuolemasta&hellip;\n","protected":false},"author":2,"featured_media":340194,"comment_status":"","ping_status":"","sticky":false,"template":"","format":"standard","meta":{"footnotes":"","_share_on_mastodon":"0"},"categories":[14],"tags":[22,23,26,27,33,31,30,17,34,24,25,28,29,15,18,21,32,19,20,56,16,59,60,61],"class_list":["post-340193","post","type-post","status-publish","format-standard","has-post-thumbnail","category-ulkomaat","tag-breaking-news","tag-breakingnews","tag-featured-news","tag-featurednews","tag-fi","tag-finland","tag-finnish","tag-headlines","tag-ilta-sanomat","tag-latest-news","tag-latestnews","tag-main-news","tag-mainnews","tag-news","tag-otsikot","tag-paauutiset","tag-suomi","tag-top-stories","tag-topstories","tag-ulkomaat","tag-uutiset","tag-world","tag-world-news","tag-worldnews"],"share_on_mastodon":{"url":"https:\/\/pubeurope.com\/@fi\/117205933351764829","error":""},"_links":{"self":[{"href":"https:\/\/www.europesays.com\/fi\/wp-json\/wp\/v2\/posts\/340193","targetHints":{"allow":["GET"]}}],"collection":[{"href":"https:\/\/www.europesays.com\/fi\/wp-json\/wp\/v2\/posts"}],"about":[{"href":"https:\/\/www.europesays.com\/fi\/wp-json\/wp\/v2\/types\/post"}],"author":[{"embeddable":true,"href":"https:\/\/www.europesays.com\/fi\/wp-json\/wp\/v2\/users\/2"}],"replies":[{"embeddable":true,"href":"https:\/\/www.europesays.com\/fi\/wp-json\/wp\/v2\/comments?post=340193"}],"version-history":[{"count":0,"href":"https:\/\/www.europesays.com\/fi\/wp-json\/wp\/v2\/posts\/340193\/revisions"}],"wp:featuredmedia":[{"embeddable":true,"href":"https:\/\/www.europesays.com\/fi\/wp-json\/wp\/v2\/media\/340194"}],"wp:attachment":[{"href":"https:\/\/www.europesays.com\/fi\/wp-json\/wp\/v2\/media?parent=340193"}],"wp:term":[{"taxonomy":"category","embeddable":true,"href":"https:\/\/www.europesays.com\/fi\/wp-json\/wp\/v2\/categories?post=340193"},{"taxonomy":"post_tag","embeddable":true,"href":"https:\/\/www.europesays.com\/fi\/wp-json\/wp\/v2\/tags?post=340193"}],"curies":[{"name":"wp","href":"https:\/\/api.w.org\/{rel}","templated":true}]}}