{"id":340195,"date":"2026-09-03T07:29:12","date_gmt":"2026-09-03T07:29:12","guid":{"rendered":"https:\/\/www.europesays.com\/fi\/340195\/"},"modified":"2026-09-03T07:29:12","modified_gmt":"2026-09-03T07:29:12","slug":"oriveden-kaivoksesta-nostettiin-300-tonnia-jatetta-vuosien-tutkinnan-tuloksena-poliisi-epailee-14aa-torkeasta-rikoksesta-uutissuomalainen","status":"publish","type":"post","link":"https:\/\/www.europesays.com\/fi\/340195\/","title":{"rendered":"Oriveden kaivoksesta nostettiin 300 tonnia j\u00e4tett\u00e4 \u2013 vuosien tutkinnan tuloksena poliisi ep\u00e4ilee 14:\u00e4\u00e4 t\u00f6rke\u00e4st\u00e4 rikoksesta | Uutissuomalainen"},"content":{"rendered":"<p>Sis\u00e4-Suomen poliisi on saanut valmiiksi Oriveden kaivosta koskevan ymp\u00e4rist\u00f6rikoksen tutkinnan. Mittava esitutkinta alkoi vuonna 2018 ja on nyt siirtynyt syytt\u00e4j\u00e4lle, poliisi kertoo <a href=\"https:\/\/poliisi.fi\/-\/oriveden-kaivokseen-liittyva-esitutkinta-on-valmistunut\" rel=\"nofollow noopener\" target=\"_blank\">tiedotteessaan<\/a>.<\/p>\n<p>Poliisi ep\u00e4ilee kaivosyhti\u00f6iden s\u00e4il\u00f6neen huomattavia m\u00e4\u00e4ri\u00e4 j\u00e4tett\u00e4 vuosien 1996 ja 2017 v\u00e4lisen\u00e4 aikana, eli yli kahden kymmenen vuoden ajan. Kaivoksesta nostettiin poliisin mukaan yli 300 tonnia j\u00e4tett\u00e4.<\/p>\n<p>Poliisi on tutkinut asiaa t\u00f6rke\u00e4n\u00e4 ymp\u00e4rist\u00f6n turmelemisena. Rikoksesta ep\u00e4ill\u00e4\u00e4n yhteens\u00e4 14 henkil\u00f6\u00e4.<\/p>\n","protected":false},"excerpt":{"rendered":"Sis\u00e4-Suomen poliisi on saanut valmiiksi Oriveden kaivosta koskevan ymp\u00e4rist\u00f6rikoksen tutkinnan. Mittava esitutkinta alkoi vuonna 2018 ja on nyt&hellip;\n","protected":false},"author":2,"featured_media":340196,"comment_status":"","ping_status":"","sticky":false,"template":"","format":"standard","meta":{"footnotes":"","_share_on_mastodon":"0"},"categories":[12],"tags":[22,23,26,27,33,31,30,17,53,24,25,28,29,15,7588,18,21,122,54,52,32,712,19,20,546,16],"class_list":["post-340195","post","type-post","status-publish","format-standard","has-post-thumbnail","category-suomi","tag-breaking-news","tag-breakingnews","tag-featured-news","tag-featurednews","tag-fi","tag-finland","tag-finnish","tag-headlines","tag-laki-oikeus-ja-rikos","tag-latest-news","tag-latestnews","tag-main-news","tag-mainnews","tag-news","tag-orivesi","tag-otsikot","tag-paauutiset","tag-pelastaminen","tag-pelastuspalvelut","tag-poliisi","tag-suomi","tag-tampereen-seutukunta","tag-top-stories","tag-topstories","tag-turvallisuus","tag-uutiset"],"share_on_mastodon":{"url":"https:\/\/pubeurope.com\/@fi\/117205936842142571","error":""},"_links":{"self":[{"href":"https:\/\/www.europesays.com\/fi\/wp-json\/wp\/v2\/posts\/340195","targetHints":{"allow":["GET"]}}],"collection":[{"href":"https:\/\/www.europesays.com\/fi\/wp-json\/wp\/v2\/posts"}],"about":[{"href":"https:\/\/www.europesays.com\/fi\/wp-json\/wp\/v2\/types\/post"}],"author":[{"embeddable":true,"href":"https:\/\/www.europesays.com\/fi\/wp-json\/wp\/v2\/users\/2"}],"replies":[{"embeddable":true,"href":"https:\/\/www.europesays.com\/fi\/wp-json\/wp\/v2\/comments?post=340195"}],"version-history":[{"count":0,"href":"https:\/\/www.europesays.com\/fi\/wp-json\/wp\/v2\/posts\/340195\/revisions"}],"wp:featuredmedia":[{"embeddable":true,"href":"https:\/\/www.europesays.com\/fi\/wp-json\/wp\/v2\/media\/340196"}],"wp:attachment":[{"href":"https:\/\/www.europesays.com\/fi\/wp-json\/wp\/v2\/media?parent=340195"}],"wp:term":[{"taxonomy":"category","embeddable":true,"href":"https:\/\/www.europesays.com\/fi\/wp-json\/wp\/v2\/categories?post=340195"},{"taxonomy":"post_tag","embeddable":true,"href":"https:\/\/www.europesays.com\/fi\/wp-json\/wp\/v2\/tags?post=340195"}],"curies":[{"name":"wp","href":"https:\/\/api.w.org\/{rel}","templated":true}]}}