{"id":340197,"date":"2026-09-03T07:30:13","date_gmt":"2026-09-03T07:30:13","guid":{"rendered":"https:\/\/www.europesays.com\/fi\/340197\/"},"modified":"2026-09-03T07:30:13","modified_gmt":"2026-09-03T07:30:13","slug":"tanskalaisesta-puutarhasta-loydettiin-viikinkiaikainen-aarre","status":"publish","type":"post","link":"https:\/\/www.europesays.com\/fi\/340197\/","title":{"rendered":"Tanskalaisesta puutarhasta l\u00f6ydettiin viikinkiaikainen aarre"},"content":{"rendered":"<p class=\"article-body mb-(--paragraph-margin-b) px-nof-16\">Tanskan Rebildin kunnassa on tehty uskomaton l\u00f6yt\u00f6, kun paikallinen asukas t\u00f6rm\u00e4si puutarhat\u00f6iden yhteydess\u00e4 viikinkiaikaiseen aarteeseen.<\/p>\n<p class=\"article-body mb-(--paragraph-margin-b) px-nof-16\">Asiasta kertoo Nordjyske Museer eli Pohjois-Jyllannin museot <a class=\"underline underline-offset-[0.12em] [text-decoration-thickness:var(--generic-link-underline-thickness)] [text-decoration-color:var(--generic-link-underline-color)] [text-decoration-skip-ink:var(--generic-link-underline-skip-ink)] break-words\" href=\"https:\/\/nordjyskemuseer.dk\/havearbejde-afsloerer-danmarks-stoerste-vikingesoelvskat\/\" rel=\"nofollow noopener\" target=\"_blank\">verkkosivullaan<\/a>.<\/p>\n<p class=\"article-body mb-(--paragraph-margin-b) px-nof-16\">Nimett\u00f6m\u00e4n\u00e4 pysyttelev\u00e4 l\u00f6yt\u00e4j\u00e4 oli l\u00f6yt\u00f6aikaan rakentamassa uutta terassia kotinsa puutarhaan.<\/p>\n<p class=\"article-body mb-(--paragraph-margin-b) px-nof-16\">\u201dTarkoituksena oli vain tehd\u00e4 pari tuntia raskaita puutarhat\u00f6it\u00e4 ja poistaa sitke\u00e4\u00e4 ruohoa, kivi\u00e4 ja soraa uuden laatoitetun terassin tielt\u00e4, mutta siit\u00e4 tulikin el\u00e4m\u00e4ni suurin yll\u00e4tys\u201d, l\u00f6yt\u00e4j\u00e4 kertoo tiedotteessa.<\/p>\n<p class=\"article-body mb-(--paragraph-margin-b) px-nof-16\">H\u00e4n kertoo kaivaneensa maata noin puoli tuntia, kunnes talikko osui johonkin, josta kuului omituinen \u00e4\u00e4ni.<\/p>\n<p class=\"article-body mb-(--paragraph-margin-b) px-nof-16\">Kun h\u00e4n alkoi kaivaa k\u00e4sill\u00e4\u00e4n, alkoi maasta l\u00f6yty\u00e4 esineit\u00e4 toistensa j\u00e4lkeen. Sielt\u00e4 paljastui muun muassa koruja, kolikoita ja hopeaharkkoja.<\/p>\n<p><img decoding=\"async\" src=\"https:\/\/www.europesays.com\/fi\/wp-content\/uploads\/2026\/09\/1788420612_9_468.jpg\" alt=\"\" class=\"_Img_1rerz_1\" style=\"aspect-ratio:1920\/1280\" loading=\"eager\"\/><\/p>\n<p class=\"font-(family-name:--picture-caption-font-family) text-(length:--picture-caption-font-size) leading-(--picture-caption-leading) font-(--picture-caption-font-weight) text-(color:--picture-caption-color) picture-with-caption__caption picture-with-caption__caption--default-full\">Kuva:\u00a0Nordjyske Museer<\/p>\n<p><img decoding=\"async\" src=\"https:\/\/www.europesays.com\/fi\/wp-content\/uploads\/2026\/09\/1788420613_586_468.jpg\" alt=\"L\u00f6yt\u00f6 koostuu noin 700 esineest\u00e4.\" class=\"_Img_1rerz_1\" style=\"aspect-ratio:1920\/1280\" loading=\"eager\"\/><\/p>\n<p class=\"font-(family-name:--picture-caption-font-family) text-(length:--picture-caption-font-size) leading-(--picture-caption-leading) font-(--picture-caption-font-weight) text-(color:--picture-caption-color) picture-with-caption__caption picture-with-caption__caption--default-full\">L\u00f6yt\u00f6 koostuu noin 700 esineest\u00e4. Kuva:\u00a0Nordjyske Museer<\/p>\n<p class=\"article-body mb-(--paragraph-margin-b) px-nof-16\">Tiedotteen mukaan kyseess\u00e4 on 18,5 kiloa hopeaa sis\u00e4lt\u00e4v\u00e4 viikinkiaikainen aarre, joka on suurin Tanskassa tunnettu viikinkiaikainen hopea-aarre.<\/p>\n<p class=\"article-body mb-(--paragraph-margin-b) px-nof-16\">On arvioitu, ett\u00e4 aarre k\u00e4tkettiin saviastiaan 900-luvulla. Se koostuu noin 700 esineest\u00e4.<\/p>\n<p class=\"article-body mb-(--paragraph-margin-b) px-nof-16\">Lukuisten hopeaharkkojen lis\u00e4ksi aarteeseen kuuluu rannerenkaita, 47 kokonaista tai osittain s\u00e4ilynytt\u00e4 kolikkoa, pieni Thorin vasara sek\u00e4 erilaisia palasiksi leikattuja hopeaesineit\u00e4, tiedotteessa kerrotaan.<\/p>\n<p class=\"article-body mb-(--paragraph-margin-b) px-nof-16\">Noin 320 esinett\u00e4 oli edelleen alkuper\u00e4isess\u00e4 saviastiassa. Loput esineet l\u00f6ydettiin maasta l\u00f6yt\u00f6paikan ymp\u00e4rilt\u00e4.<\/p>\n<p class=\"article-body mb-(--paragraph-margin-b) px-nof-16\">Pohjois-Jyllannin museoiden kulttuuriperint\u00f6p\u00e4\u00e4llikk\u00f6 ja arkeologi <a class=\"font-bold underline-offset-[0.12em] [text-decoration:var(--person-link-text-decoration)] [text-decoration-color:var(--person-link-text-decoration-color)]!\" href=\"https:\/\/www.hs.fi\/haku\/?query=Torben%20Sarauw\" rel=\"nofollow noopener\" target=\"_blank\">Torben Sarauw <\/a>kertoo tiedotteessa, ett\u00e4 ainutlaatuinen l\u00f6yt\u00f6 osoittaa, miten hopeaa k\u00e4ytettiin viikinkiajalla varallisuutena ja maksuv\u00e4lineen\u00e4.<\/p>\n<p class=\"article-body mb-(--paragraph-margin-b) px-nof-16\">\u201dT\u00e4m\u00e4 on kuin olisi l\u00f6yt\u00e4nyt viikinkiaikaisen kassakaapin\u201d, Sarauw kuvailee.<\/p>\n<p class=\"article-body mb-(--paragraph-margin-b) px-nof-16\">Aarre toimitetaan Tanskan kansallismuseon arvioitavaksi.<\/p>\n<p class=\"article-body mb-(--paragraph-margin-b) px-nof-16\">L\u00f6yt\u00f6 ei ole kuitenkaan alueella t\u00e4ysin ainutlaatuinen.<\/p>\n<p class=\"article-body mb-(--paragraph-margin-b) px-nof-16\">L\u00e4hialueelta l\u00f6ydettiin vuonna 1971 toinen suuri hopea-aarre, niin kutsuttu Rebildin aarre, joka on niin ik\u00e4\u00e4n per\u00e4isin 900-luvulta. Se koostuu hopeaharkoista, paloitelluista koruista ja pienemmist\u00e4 hopeanpaloista.<\/p>\n<p><img decoding=\"async\" src=\"https:\/\/www.europesays.com\/fi\/wp-content\/uploads\/2026\/09\/1788420613_601_468.jpg\" alt=\"Vajaa puolet esineist\u00e4 l\u00f6ytyi saviastiasta, loput maasta sen ymp\u00e4rilt\u00e4.\" class=\"_Img_1rerz_1\" style=\"aspect-ratio:1920\/1080\" loading=\"eager\"\/><\/p>\n<p class=\"font-(family-name:--picture-caption-font-family) text-(length:--picture-caption-font-size) leading-(--picture-caption-leading) font-(--picture-caption-font-weight) text-(color:--picture-caption-color) picture-with-caption__caption picture-with-caption__caption--default-full\">Vajaa puolet esineist\u00e4 l\u00f6ytyi saviastiasta, loput maasta sen ymp\u00e4rilt\u00e4. Kuva:\u00a0Nordjyske Museer<\/p>\n","protected":false},"excerpt":{"rendered":"Tanskan Rebildin kunnassa on tehty uskomaton l\u00f6yt\u00f6, kun paikallinen asukas t\u00f6rm\u00e4si puutarhat\u00f6iden yhteydess\u00e4 viikinkiaikaiseen aarteeseen. Asiasta kertoo Nordjyske&hellip;\n","protected":false},"author":2,"featured_media":340198,"comment_status":"","ping_status":"","sticky":false,"template":"","format":"standard","meta":{"footnotes":"","_share_on_mastodon":"0"},"categories":[5],"tags":[22,23,26,27,33,31,30,17,46,24,25,28,29,15,18,21,32,19,20,16],"class_list":["post-340197","post","type-post","status-publish","format-standard","has-post-thumbnail","category-otsikot","tag-breaking-news","tag-breakingnews","tag-featured-news","tag-featurednews","tag-fi","tag-finland","tag-finnish","tag-headlines","tag-helsingin-sanomat","tag-latest-news","tag-latestnews","tag-main-news","tag-mainnews","tag-news","tag-otsikot","tag-paauutiset","tag-suomi","tag-top-stories","tag-topstories","tag-uutiset"],"share_on_mastodon":{"url":"https:\/\/pubeurope.com\/@fi\/117205941339503108","error":""},"_links":{"self":[{"href":"https:\/\/www.europesays.com\/fi\/wp-json\/wp\/v2\/posts\/340197","targetHints":{"allow":["GET"]}}],"collection":[{"href":"https:\/\/www.europesays.com\/fi\/wp-json\/wp\/v2\/posts"}],"about":[{"href":"https:\/\/www.europesays.com\/fi\/wp-json\/wp\/v2\/types\/post"}],"author":[{"embeddable":true,"href":"https:\/\/www.europesays.com\/fi\/wp-json\/wp\/v2\/users\/2"}],"replies":[{"embeddable":true,"href":"https:\/\/www.europesays.com\/fi\/wp-json\/wp\/v2\/comments?post=340197"}],"version-history":[{"count":0,"href":"https:\/\/www.europesays.com\/fi\/wp-json\/wp\/v2\/posts\/340197\/revisions"}],"wp:featuredmedia":[{"embeddable":true,"href":"https:\/\/www.europesays.com\/fi\/wp-json\/wp\/v2\/media\/340198"}],"wp:attachment":[{"href":"https:\/\/www.europesays.com\/fi\/wp-json\/wp\/v2\/media?parent=340197"}],"wp:term":[{"taxonomy":"category","embeddable":true,"href":"https:\/\/www.europesays.com\/fi\/wp-json\/wp\/v2\/categories?post=340197"},{"taxonomy":"post_tag","embeddable":true,"href":"https:\/\/www.europesays.com\/fi\/wp-json\/wp\/v2\/tags?post=340197"}],"curies":[{"name":"wp","href":"https:\/\/api.w.org\/{rel}","templated":true}]}}