{"id":340199,"date":"2026-09-03T07:48:12","date_gmt":"2026-09-03T07:48:12","guid":{"rendered":"https:\/\/www.europesays.com\/fi\/340199\/"},"modified":"2026-09-03T07:48:12","modified_gmt":"2026-09-03T07:48:12","slug":"pohjois-karjalan-keskussairaalan-lastenkeskuksen-tilat-uudistuvat","status":"publish","type":"post","link":"https:\/\/www.europesays.com\/fi\/340199\/","title":{"rendered":"Pohjois-Karjalan keskussairaalan lastenkeskuksen tilat uudistuvat"},"content":{"rendered":"<p>Pohjois-Karjalan keskussairaalassa lapsille ja nuorille suunnatut erikoissairaanhoidon palvelut toimivat syksyst\u00e4 alkaen uudistetuissa lastenkeskuksen tiloissa. Jatkossa lastentautienpoliklinikka- ja osastotoiminta sijoittuu yhten\u00e4isiin tiloihin J2-siiven kolmanteen kerrokseen. Lastenneurologian yksikk\u00f6 toimii saman siiven toisessa kerroksessa. Lastenkeskuksen remontti valmistuu syyskuun lopussa.<\/p>\n<p>&#8211; Eri yksik\u00f6iden sijainti l\u00e4hell\u00e4 toisiaan tekee yhteisty\u00f6n tiivist\u00e4misen palvelujen v\u00e4lill\u00e4 entist\u00e4 helpommaksi. T\u00e4m\u00e4 mahdollistaa aikaisempaa paremman lapsen ja perheen kokonaisvaltaisen hoidon. Samalla saamme esimerkiksi lasten fysioterapialle toimivammat tilat poliklinikoiden yhteyteen, kertoo ylil\u00e4\u00e4k\u00e4ri Virpi Sidoroff.<\/p>\n<p>Lastenkeskuksen kolmannen kerroksen tiloissa toimivat vastasyntyneiden teho- ja valvontaosasto sek\u00e4 pienten lasten yksikk\u00f6 Ilmatar, lasten ja nuorten osasto Lemmink\u00e4inen, lasten ja nuorten tautien sek\u00e4 lastenkirurgian poliklinikka Vellamo. Syyskuun lopusta alkaen lastenneurologian yksikk\u00f6 sijaitsee lastenkeskuksen toisessa kerroksessa. Samalla yksik\u00f6n nimi vaihtuu Ahdiksi.<\/p>\n<p>Remontin valmistuttua lastenkeskukseen kuljetaan sairaalan A-siivest\u00e4 p\u00e4\u00e4oven kautta opasteita seuraten kohti E-siipe\u00e4. Hissill\u00e4 kuljetaan kolmanteen kerrokseen. Kulku toiseen kerrokseen on opastettu my\u00f6s kolmannen kerroksen kautta. Potilaalle l\u00e4hetetty kutsukirje sis\u00e4lt\u00e4\u00e4 ohjeet poliklinikalle tai vastaanotolle saapumisesta sek\u00e4 ilmoittautumisesta. Potilaiden perheineen toivotaan kuitenkin varaavan aikaa ja olevan tarkkoina, koska reittiopasteita t\u00e4ydennet\u00e4\u00e4n viel\u00e4.<\/p>\n<p>Lastenkeskuksessa tehd\u00e4\u00e4n moniammatillista yhteisty\u00f6t\u00e4 lasten ja nuorten hoidon onnistumiseksi. Lastenkeskuksessa ty\u00f6skentelee l\u00e4\u00e4k\u00e4reit\u00e4, sairaanhoitajia, lastenhoitajia, l\u00e4hihoitajia, perheterapeutteja, kuntoutusohjaajia, psykologeja, toimintaterapeutti, puheterapeutti, sosiaaliohjaaja, fysioterapeutteja, sihteereit\u00e4 ja laitoshuoltajia. Lastenkeskuksen vuodeosastoilla on 16 potilaspaikkaa. Potilaat ovat 0\u201318-vuotiaista.<\/p>\n<p>Ilmattaressa hoidetaan perus-, valvonta- ja tehohoitoa tarvitsevia sairaita vastasyntyneit\u00e4 sek\u00e4 ennenaikaisesti syntyneit\u00e4 vauvoja. T\u00e4m\u00e4n lis\u00e4ksi osastolla hoidetaan alle kouluik\u00e4isi\u00e4 hoitoa tarvitsevia lapsia. Osastolla k\u00e4y hoidettavana my\u00f6s sy\u00f6p\u00e4\u00e4 sairastavia lapsia ja nuoria. Lemmink\u00e4inen on isompien lasten osasto, ja siell\u00e4 hoidetaan tarttuvia infektiotauteja sairastavat kaiken ik\u00e4iset potilaat. Lastenosastot ovat p\u00e4ivystyksellist\u00e4 ja suunniteltua hoitoa antavia osastoja. Osastoille on ominaista potilaiden nopea vaihtuvuus. Potilaita on kaikilta erikoisaloilta, lastentautien lis\u00e4ksi mm. leikkaus- ja korvapotilaita.<\/p>\n<p>Lasten- ja nuortentautien sek\u00e4 lastenkirurgian poliklinikka Vellamossa hoidetaan lapsia ja nuoria l\u00e4hes kaikilta l\u00e4\u00e4ketieteen erikoisaloilta. Potilaat tulevat arkisin ajanvarauksella. Polikliinisess\u00e4 hoitoty\u00f6ss\u00e4 korostuu perhekeskeisyys, kasvun ja kehityksen tukeminen sek\u00e4 hoidon jatkuvuus. Poliklinikalla on muun muassa allergia-, astma-, endokrinologia-, diabetes-, gastroenterologia-, kirurgia-, syd\u00e4n- ja reumavastaanotot. <\/p>\n<p>Lastenneurologian yksikk\u00f6 Ahdissa j\u00e4rjestet\u00e4\u00e4n tutkimuksia, hoitoa ja seurantaa lapsille ja nuorille. Lastenneurologian yksik\u00f6ss\u00e4 lapsille tehd\u00e4\u00e4n esimerkiksi kehitystaso- ja kouluarvioita. Lis\u00e4ksi yksik\u00f6ss\u00e4 annetaan tietoa, ohjausta ja tukea perheille lastenneurologiaan liittyviss\u00e4 asioissa.<\/p>\n<p>\t\t\t\t\tTietoa julkaisijasta<\/p>\n<p><strong>Pohjois-Karjalan hyvinvointialue \u2013 Siun sote<\/strong> huolehtii julkisista sosiaali- ja terveydenhuollon, pelastustoimen ja ymp\u00e4rist\u00f6terveydenhuollon palveluista noin 161 500 pohjoiskarjalaiselle. Pohjois-Karjalan hyvinvointialue toimii Joensuun, Kiteen, Lieksan, Nurmeksen, Outokummun, Kontiolahden, Ilomantsin, Juuan, Liperin, Polvij\u00e4rven, R\u00e4\u00e4kkyl\u00e4n, Tohmaj\u00e4rven ja Hein\u00e4veden alueella. Toimintamme tarkoitus on tukea, turvata ja tuottaa hyvinvointia, jotta Pohjois-Karjalassa olisi hyv\u00e4 el\u00e4\u00e4.<\/p>\n<p>www.siunsote.fi<\/p>\n<p>Facebook: facebook.com\/siunsote<br \/>Instagram: @siunsote <br \/>LinkedIn: Pohjois-Karjalan hyvinvointialue \u2013 Siun sote<\/p>\n<p>#Siunsote #PohjoisKarjalanHyvinvointialue <br \/>#TukeaTurvaaHyvinvointia #Yhdess\u00e4Tehden<\/p>\n","protected":false},"excerpt":{"rendered":"Pohjois-Karjalan keskussairaalassa lapsille ja nuorille suunnatut erikoissairaanhoidon palvelut toimivat syksyst\u00e4 alkaen uudistetuissa lastenkeskuksen tiloissa. Jatkossa lastentautienpoliklinikka- ja osastotoiminta&hellip;\n","protected":false},"author":2,"featured_media":340200,"comment_status":"","ping_status":"","sticky":false,"template":"","format":"standard","meta":{"footnotes":"","_share_on_mastodon":"0"},"categories":[165],"tags":[33,31,30,166,32,167],"class_list":["post-340199","post","type-post","status-publish","format-standard","has-post-thumbnail","category-terveys","tag-fi","tag-finland","tag-finnish","tag-health","tag-suomi","tag-terveys"],"share_on_mastodon":{"url":"https:\/\/pubeurope.com\/@fi\/117206011557359415","error":""},"_links":{"self":[{"href":"https:\/\/www.europesays.com\/fi\/wp-json\/wp\/v2\/posts\/340199","targetHints":{"allow":["GET"]}}],"collection":[{"href":"https:\/\/www.europesays.com\/fi\/wp-json\/wp\/v2\/posts"}],"about":[{"href":"https:\/\/www.europesays.com\/fi\/wp-json\/wp\/v2\/types\/post"}],"author":[{"embeddable":true,"href":"https:\/\/www.europesays.com\/fi\/wp-json\/wp\/v2\/users\/2"}],"replies":[{"embeddable":true,"href":"https:\/\/www.europesays.com\/fi\/wp-json\/wp\/v2\/comments?post=340199"}],"version-history":[{"count":0,"href":"https:\/\/www.europesays.com\/fi\/wp-json\/wp\/v2\/posts\/340199\/revisions"}],"wp:featuredmedia":[{"embeddable":true,"href":"https:\/\/www.europesays.com\/fi\/wp-json\/wp\/v2\/media\/340200"}],"wp:attachment":[{"href":"https:\/\/www.europesays.com\/fi\/wp-json\/wp\/v2\/media?parent=340199"}],"wp:term":[{"taxonomy":"category","embeddable":true,"href":"https:\/\/www.europesays.com\/fi\/wp-json\/wp\/v2\/categories?post=340199"},{"taxonomy":"post_tag","embeddable":true,"href":"https:\/\/www.europesays.com\/fi\/wp-json\/wp\/v2\/tags?post=340199"}],"curies":[{"name":"wp","href":"https:\/\/api.w.org\/{rel}","templated":true}]}}