{"id":340201,"date":"2026-09-03T07:49:07","date_gmt":"2026-09-03T07:49:07","guid":{"rendered":"https:\/\/www.europesays.com\/fi\/340201\/"},"modified":"2026-09-03T07:49:07","modified_gmt":"2026-09-03T07:49:07","slug":"englannin-superliiga-houkuttelee-tahtia-arsenalin-lia-watli-myonsi-kaivanneensa-arvostusta-yle","status":"publish","type":"post","link":"https:\/\/www.europesays.com\/fi\/340201\/","title":{"rendered":"Englannin Superliiga houkuttelee t\u00e4hti\u00e4 \u2013 Arsenalin Lia W\u00e4tli my\u00f6nsi kaivanneensa arvostusta &#8211; Yle"},"content":{"rendered":"<ol>\n<li><a href=\"https:\/\/news.google.com\/rss\/articles\/CBMiVkFVX3lxTE9vVkVLZ3llNGlPTU5FbXN1NFB1UkVsSFNSOWotVDhYVXZVLWVtX01lLXJ1VGhSNk96dU9oa3hGcXNDTGNnY09DWVMxZk9HdllBNnc4bWtB?oc=5\" target=\"_blank\" rel=\"nofollow noopener\">Englannin Superliiga houkuttelee t\u00e4hti\u00e4 \u2013 Arsenalin Lia W\u00e4tli my\u00f6nsi kaivanneensa arvostusta<\/a>&nbsp;&nbsp;Yle<\/li>\n<li><a href=\"https:\/\/news.google.com\/rss\/articles\/CBMiVkFVX3lxTE5VclZxX3pZYWdVRnF5aGRGcF91SDllb0lsM09lakZ3Sk0ydm5ELS1neFJCZzZHQWtlVXdYMTNJTHEyZjhJcEFrNVBkVmlVdmhfRUFWSGp3?oc=5\" target=\"_blank\" rel=\"nofollow noopener\">Sabalenka ja Alcaraz jatkoon Yhdysvaltain avoimissa<\/a>&nbsp;&nbsp;Yle<\/li>\n<li><a href=\"https:\/\/news.google.com\/rss\/articles\/CBMiZEFVX3lxTFBLQl9kOElJWHNTdnh0WDhlVDVYVmpUZnByV0dGU2E0OFh6WXFJNU03NkF4SEJwMmNFbXpFQ3RBWERQV0pBeVlFS1NrSVY0VVJkNTNQbkRSdG9oZmRja0UtaktxOUc?oc=5\" target=\"_blank\" rel=\"nofollow noopener\">Veikkausliigassa todella kuohuttava tuomio \u2013 Suomen huipputuomarilta tyly arvio: &#8221;Ei mit\u00e4\u00e4n mahdollisuutta&#8221;<\/a>&nbsp;&nbsp;Ilta-Sanomat<\/li>\n<li><a href=\"https:\/\/news.google.com\/rss\/articles\/CBMiakFVX3lxTE1KY0NMeURGMENsYTdtdUFEMDdOaXpvb2R3VS0yZjFpRmFlZ1U5MmdHWEVhdk1OTWZYSGthRXJIQzlDRmo3WW1MMmNxNU5JdUI0c3FRTkZOdDhnb1RveFNNVzRneXVTeTB6NlE?oc=5\" target=\"_blank\" rel=\"nofollow noopener\">Sanottua | Tuomarin my\u00f6nt\u00e4m\u00e4 virhe kirvelee Kuopiossa \u2013 &#8221;On hyvin mahdollista, ett\u00e4 n\u00e4\u00e4 pisteet ratkaisivat mestaruuden Interille&#8221;<\/a>&nbsp;&nbsp;Savon Sanomat<\/li>\n<li><a href=\"https:\/\/news.google.com\/rss\/articles\/CBMigAFBVV95cUxNVGlMclg5NnpRR1F5TW1DWGZSRDA5aHhUSG8ydTRvd3dmbGxVNUNyUGc4cjlpUGp2THRLakY2Y3RZSW0wdGVyS29lMF85M0o2bko1TDNveU5nakVLZGVQVUh2RDQwa3dxc29KaWVjQUdOaGhUY1RVODdfZ09pcXlWcw?oc=5\" target=\"_blank\" rel=\"nofollow noopener\">Nyt tai ei koskaan \u2013 KuPSilla t\u00e4n\u00e4\u00e4n tyrm\u00e4yksen paikka<\/a>&nbsp;&nbsp;Iltalehti<\/li>\n<\/ol>\n","protected":false},"excerpt":{"rendered":"Englannin Superliiga houkuttelee t\u00e4hti\u00e4 \u2013 Arsenalin Lia W\u00e4tli my\u00f6nsi kaivanneensa arvostusta&nbsp;&nbsp;Yle Sabalenka ja Alcaraz jatkoon Yhdysvaltain avoimissa&nbsp;&nbsp;Yle Veikkausliigassa&hellip;\n","protected":false},"author":2,"featured_media":340202,"comment_status":"","ping_status":"","sticky":false,"template":"","format":"standard","meta":{"footnotes":"","_share_on_mastodon":"0"},"categories":[158],"tags":[1924,33,31,30,43,8551,159,32,160],"class_list":["post-340201","post","type-post","status-publish","format-standard","has-post-thumbnail","category-urheilu","tag-brittien-jalkapallo","tag-fi","tag-finland","tag-finnish","tag-jalkapallo","tag-naisten-jalkapallo","tag-sports","tag-suomi","tag-urheilu"],"share_on_mastodon":{"url":"https:\/\/pubeurope.com\/@fi\/117206015505397288","error":""},"_links":{"self":[{"href":"https:\/\/www.europesays.com\/fi\/wp-json\/wp\/v2\/posts\/340201","targetHints":{"allow":["GET"]}}],"collection":[{"href":"https:\/\/www.europesays.com\/fi\/wp-json\/wp\/v2\/posts"}],"about":[{"href":"https:\/\/www.europesays.com\/fi\/wp-json\/wp\/v2\/types\/post"}],"author":[{"embeddable":true,"href":"https:\/\/www.europesays.com\/fi\/wp-json\/wp\/v2\/users\/2"}],"replies":[{"embeddable":true,"href":"https:\/\/www.europesays.com\/fi\/wp-json\/wp\/v2\/comments?post=340201"}],"version-history":[{"count":0,"href":"https:\/\/www.europesays.com\/fi\/wp-json\/wp\/v2\/posts\/340201\/revisions"}],"wp:featuredmedia":[{"embeddable":true,"href":"https:\/\/www.europesays.com\/fi\/wp-json\/wp\/v2\/media\/340202"}],"wp:attachment":[{"href":"https:\/\/www.europesays.com\/fi\/wp-json\/wp\/v2\/media?parent=340201"}],"wp:term":[{"taxonomy":"category","embeddable":true,"href":"https:\/\/www.europesays.com\/fi\/wp-json\/wp\/v2\/categories?post=340201"},{"taxonomy":"post_tag","embeddable":true,"href":"https:\/\/www.europesays.com\/fi\/wp-json\/wp\/v2\/tags?post=340201"}],"curies":[{"name":"wp","href":"https:\/\/api.w.org\/{rel}","templated":true}]}}