{"id":340209,"date":"2026-09-03T07:55:17","date_gmt":"2026-09-03T07:55:17","guid":{"rendered":"https:\/\/www.europesays.com\/fi\/340209\/"},"modified":"2026-09-03T07:55:17","modified_gmt":"2026-09-03T07:55:17","slug":"oletko-nahnyt-poliisi-etsii-kadonnutta-kajaanissa","status":"publish","type":"post","link":"https:\/\/www.europesays.com\/fi\/340209\/","title":{"rendered":"Oletko n\u00e4hnyt? Poliisi etsii kadonnutta Kajaanissa"},"content":{"rendered":"<p>                                  Paikallisuutiset<\/p>\n<p>      MAINOS &#8211; juttu jatkuu mainoksen j\u00e4lkeen<\/p>\n<p>      MAINOS &#8211; mainos p\u00e4\u00e4ttyy<\/p>\n<p class=\"voice-intuitive ew-body\">27-vuotias nainen on ilmoitettu kadonneeksi Kajaanissa keskiviikkona 2. syyskuuta. Viimeisimm\u00e4t havainnot naisesta on Kajaanin keskustan l\u00e4hettyvilt\u00e4 tiistaina 1. syyskuuta.<\/p>\n<p class=\"voice-intuitive ew-body\">Oulun poliisilaitoksen johtokeskuksen mukaan naista on etsitty Kajaanista torstaiy\u00f6n aikana, mutta tuloksetta. Etsinn\u00e4t jatkuvat edelleen.<\/p>\n<p class=\"voice-intuitive ew-body\">Kateissa oleva nainen on noin 170 senttimetri\u00e4 pitk\u00e4 ja tummahiuksinen.<\/p>\n<p>      MAINOS &#8211; juttu jatkuu mainoksen j\u00e4lkeen<\/p>\n<p>      MAINOS &#8211; mainos p\u00e4\u00e4ttyy<\/p>\n<p>                <img loading=\"lazy\" decoding=\"async\" itemprop=\"contentUrl\" class=\"figure-img img-fluid\"  src=\"https:\/\/www.europesays.com\/fi\/wp-content\/uploads\/2026\/09\/1788422116_440_imengine.public.prod.hil.infomaker.io.jpeg\" width=\"877\" height=\"493\"  alt=\"\"\/><\/p>\n<p>                                    Kajaanissa kadonnut henkil\u00f6.<br \/>\n                                                    Kuva:<br \/>\n                    Poliisi<\/p>\n<p class=\"voice-intuitive ew-body\">Katoamishetkell\u00e4 h\u00e4nell\u00e4 on ollut todenn\u00e4k\u00f6isesti p\u00e4\u00e4ll\u00e4\u00e4n tummat housut, tumma paita ja lenkkarit.<\/p>\n<p class=\"voice-intuitive ew-body\">Havainnot kadonneesta voi ilmoittaa poliisin vihjepuhelimeen: 0295 416194<\/p>\n<p>  <a class=\"btn btn-secondary btn-icon-left\" href=\"#coral_thread\"><br \/>\n    <img decoding=\"async\" src=\"https:\/\/www.kainuunsanomat.fi\/wp-content\/themes\/hilla-theme\/assets\/img\/icon_comments.svg\" alt=\"\"\/><br \/>\n    Kommentoi<br \/>\n    \u00a0(0)<br \/>\n  <\/a><\/p>\n<p>  <a class=\"btn btn-secondary btn-icon-left mailto_web\" href=\"mailto:toimitus@kainuunsanomat.fi?subject=Ilmoita%20asiavirheest%C3%A4&amp;body=Otsikko%3A%20Oletko%20n%C3%A4hnyt%3F%20Poliisi%20etsii%20kadonnutta%20Kajaanissa%0AUuid%3A%20cf4e2ebf-6009-44ca-af65-9ac8abfbd4ab%0AUrl%3A%20https%3A%2F%2Fwww.kainuunsanomat.fi%2Fartikkeli%2Foletko-nahnyt-poliisi-etsii-kadonnutta-kajaanissa\"><br \/>\n    <img decoding=\"async\" src=\"https:\/\/www.kainuunsanomat.fi\/wp-content\/themes\/hilla-theme\/assets\/img\/icon_feedback.svg\" alt=\"\"\/><br \/>\n    Ilmoita asiavirheest\u00e4<br \/>\n  <\/a><\/p>\n","protected":false},"excerpt":{"rendered":"Paikallisuutiset MAINOS &#8211; juttu jatkuu mainoksen j\u00e4lkeen MAINOS &#8211; mainos p\u00e4\u00e4ttyy 27-vuotias nainen on ilmoitettu kadonneeksi Kajaanissa keskiviikkona&hellip;\n","protected":false},"author":2,"featured_media":340210,"comment_status":"","ping_status":"","sticky":false,"template":"","format":"standard","meta":{"footnotes":"","_share_on_mastodon":"0"},"categories":[12],"tags":[22,23,26,27,33,31,30,17,24,25,28,29,15,18,21,32,19,20,16],"class_list":["post-340209","post","type-post","status-publish","format-standard","has-post-thumbnail","category-suomi","tag-breaking-news","tag-breakingnews","tag-featured-news","tag-featurednews","tag-fi","tag-finland","tag-finnish","tag-headlines","tag-latest-news","tag-latestnews","tag-main-news","tag-mainnews","tag-news","tag-otsikot","tag-paauutiset","tag-suomi","tag-top-stories","tag-topstories","tag-uutiset"],"share_on_mastodon":{"url":"https:\/\/pubeurope.com\/@fi\/117206039593221567","error":""},"_links":{"self":[{"href":"https:\/\/www.europesays.com\/fi\/wp-json\/wp\/v2\/posts\/340209","targetHints":{"allow":["GET"]}}],"collection":[{"href":"https:\/\/www.europesays.com\/fi\/wp-json\/wp\/v2\/posts"}],"about":[{"href":"https:\/\/www.europesays.com\/fi\/wp-json\/wp\/v2\/types\/post"}],"author":[{"embeddable":true,"href":"https:\/\/www.europesays.com\/fi\/wp-json\/wp\/v2\/users\/2"}],"replies":[{"embeddable":true,"href":"https:\/\/www.europesays.com\/fi\/wp-json\/wp\/v2\/comments?post=340209"}],"version-history":[{"count":0,"href":"https:\/\/www.europesays.com\/fi\/wp-json\/wp\/v2\/posts\/340209\/revisions"}],"wp:featuredmedia":[{"embeddable":true,"href":"https:\/\/www.europesays.com\/fi\/wp-json\/wp\/v2\/media\/340210"}],"wp:attachment":[{"href":"https:\/\/www.europesays.com\/fi\/wp-json\/wp\/v2\/media?parent=340209"}],"wp:term":[{"taxonomy":"category","embeddable":true,"href":"https:\/\/www.europesays.com\/fi\/wp-json\/wp\/v2\/categories?post=340209"},{"taxonomy":"post_tag","embeddable":true,"href":"https:\/\/www.europesays.com\/fi\/wp-json\/wp\/v2\/tags?post=340209"}],"curies":[{"name":"wp","href":"https:\/\/api.w.org\/{rel}","templated":true}]}}