{"id":340211,"date":"2026-09-03T07:56:14","date_gmt":"2026-09-03T07:56:14","guid":{"rendered":"https:\/\/www.europesays.com\/fi\/340211\/"},"modified":"2026-09-03T07:56:14","modified_gmt":"2026-09-03T07:56:14","slug":"nuoren-naisen-kuolemasta-syytetty-poliisi-kiistaa-rikokset-nyt-pistetaan-yhden-miehen-paa-vadille-kotimaa","status":"publish","type":"post","link":"https:\/\/www.europesays.com\/fi\/340211\/","title":{"rendered":"Nuoren naisen kuolemasta syytetty poliisi kiist\u00e4\u00e4 rikokset: \u201dNyt pistet\u00e4\u00e4n yhden miehen p\u00e4\u00e4 vadille\u201d | Kotimaa"},"content":{"rendered":"<p class=\"aw__sc-1qwuw0s-0 aw__sc-1vg2sqm-0 epAWpq ecELkD yle__article__paragraph\">Poliisi on tuomittu aikaisemmin kahdesta virkavelvolli\u00adsuuden rikkomisesta. H\u00e4n on ollut ep\u00e4iltyn\u00e4 my\u00f6s pienen lapsen pahoinp\u00aditelyst\u00e4.<\/p>\n<p><img decoding=\"async\" alt=\"Vantaan oikeustalo ulkokuvassa.\" src=\"https:\/\/www.europesays.com\/fi\/wp-content\/uploads\/2026\/09\/1788419383.jpeg\" class=\"aw__sc-dklauk-0 LPzKX\"\/><\/p>\n<p>Avaa kuvien katselu<\/p>\n<p>Asian k\u00e4sittely oli tarkoitus aloittaa jo aikaisemmin t\u00e4n\u00e4 vuonna, mutta tapausta tutkittiin viel\u00e4 lis\u00e4\u00e4, mink\u00e4 vuoksi oikeudenk\u00e4ynti viiv\u00e4styi. Kuva: Mikko Ahmaj\u00e4rvi \/ Yle<\/p>\n<p class=\"aw__sc-1qwuw0s-0 aw__sc-ngllmo-0 epAWpq fzYpjk yle__article__paragraph\">61-vuotiaalle poliisille luettiin syytteet nuoren naisen kuolemantuottamuksesta ja virkavelvollisuuden rikkomisesta.<\/p>\n<p class=\"aw__sc-1qwuw0s-0 aw__sc-ngllmo-0 epAWpq fzYpjk yle__article__paragraph\">Kyse on <a class=\"aw__sc-ngllmo-1 bTDnwX yle__article__link\" href=\"https:\/\/yle.fi\/a\/74-20242276\" role=\"link\" rel=\"nofollow noopener\" target=\"_blank\">tapauksesta<\/a>, jonka aikaan ep\u00e4ilty poliisi ty\u00f6skenteli kentt\u00e4johtajana.<\/p>\n<ul class=\"aw__sc-1yb43iq-0 gFXHv yle__article__list yle__article__list--ul\">\n<li class=\"aw__sc-1yb43iq-1 gVAzbt\">Yle seuraa It\u00e4-Uudenmaan k\u00e4r\u00e4j\u00e4oikeuden istuntoa t\u00e4ss\u00e4 p\u00e4ivittyv\u00e4ss\u00e4 artikkelissa.<\/li>\n<\/ul>\n<p class=\"aw__sc-1qwuw0s-0 aw__sc-ngllmo-0 epAWpq fzYpjk yle__article__paragraph\">Ep\u00e4illyt rikokset ovat tapahtuneet huhtikuussa 2023 Vantaalla.<\/p>\n<p class=\"aw__sc-1qwuw0s-0 aw__sc-ngllmo-0 epAWpq fzYpjk yle__article__paragraph\">Poliisi sai h\u00e4t\u00e4keskuksen kautta tiedon naisesta, joka tarvitsi ambulanssia yksityisasuntoon. H\u00e4t\u00e4keskuspuhelun soitti naisen yst\u00e4v\u00e4.<\/p>\n<p class=\"aw__sc-1qwuw0s-0 aw__sc-ngllmo-0 epAWpq fzYpjk yle__article__paragraph\">Kentt\u00e4johtajan syytet\u00e4\u00e4n kirjanneen teht\u00e4v\u00e4n suoritetuksi, vaikka poliisi tai ambulanssi eiv\u00e4t k\u00e4yneet paikalla.<\/p>\n<p class=\"aw__sc-1qwuw0s-0 aw__sc-ngllmo-0 epAWpq fzYpjk yle__article__paragraph\">Nainen l\u00f6ytyi seuraavana p\u00e4iv\u00e4n\u00e4 kuolleena kotoaan.<\/p>\n<p class=\"aw__sc-1qwuw0s-0 aw__sc-ngllmo-0 epAWpq fzYpjk yle__article__paragraph\">Erikoissyytt\u00e4j\u00e4 <strong class=\"aw__sc-ngllmo-2 gdRrun yle__article__strong\">Jonna Ryyn\u00e4nen<\/strong> kertoi Ylelle ennen oikeudenk\u00e4ynti\u00e4 vaativansa poliisille lyhytt\u00e4 ehdollista vankeusrangaistusta.<\/p>\n<p class=\"aw__sc-1qwuw0s-0 aw__sc-ngllmo-0 epAWpq fzYpjk yle__article__paragraph\">Poliisi kiist\u00e4\u00e4 syytteet.<\/p>\n<p class=\"aw__sc-1qwuw0s-0 aw__sc-ngllmo-0 epAWpq fzYpjk yle__article__paragraph\">Poliisi katsoo, ettei naiseen kohdistunut v\u00e4kivaltaa tai sen uhkaa, jonka vuoksi kyse ei ollut poliisin teht\u00e4v\u00e4st\u00e4.<\/p>\n<p class=\"aw__sc-1qwuw0s-0 aw__sc-ngllmo-0 epAWpq fzYpjk yle__article__paragraph\">Yle kertoo tapauksesta, koska poliisilla on laajat valtuudet k\u00e4ytt\u00e4\u00e4 julkista valtaa, ja yksi sen keskeinen teht\u00e4v\u00e4 on taata ihmisten turvallisuus.<\/p>\n<p class=\"aw__sc-1qwuw0s-0 aw__sc-ngllmo-0 epAWpq fzYpjk yle__article__paragraph\">Poliisi joutuu hyvin harvoin syytteeseen tai tuomituksi sill\u00e4 perusteella, ett\u00e4 h\u00e4n olisi virantoimituksessa aiheuttanut toisen kuoleman.<\/p>\n<p><img decoding=\"async\" alt=\"Poliisin univormuun pukeutunut hahmo, jonka p\u00e4\u00e4 on televisio, taustalla poliisiauto ja poliiseja, teksti &quot;POLIISIT&quot;.\" src=\"https:\/\/www.europesays.com\/fi\/wp-content\/uploads\/2026\/09\/1787661244.jpeg\" class=\"aw__sc-dklauk-0 LPzKX\"\/><\/p>\n<p class=\"aw__sc-1qwuw0s-0 aw__sc-ngllmo-0 epAWpq fzYpjk yle__article__paragraph\">Seuraavaksi kuullaan syytetty\u00e4 poliisia.<\/p>\n<p class=\"aw__sc-1qwuw0s-0 aw__sc-ngllmo-0 epAWpq fzYpjk yle__article__paragraph\">H\u00e4n sanoo, ettei kyseinen teht\u00e4v\u00e4 kuulunut poliisille. H\u00e4n sanoo, ett\u00e4 poliisilla ei ollut mit\u00e4\u00e4n mahdollisuuksia toimia sellaisissa teht\u00e4viss\u00e4, miss\u00e4 nyt k\u00e4sitelt\u00e4v\u00e4ss\u00e4 tapauksessa on kyse.<\/p>\n<p class=\"aw__sc-1qwuw0s-0 aw__sc-ngllmo-0 epAWpq fzYpjk yle__article__paragraph\">H\u00e4n kertoo ilmoittaneensa asiasta h\u00e4t\u00e4keskukselle, siten ett\u00e4 paikalle laitetaan ambulanssi.<\/p>\n<p class=\"aw__sc-1qwuw0s-0 aw__sc-ngllmo-0 epAWpq fzYpjk yle__article__paragraph\">\u2013 J\u00e4in vilpitt\u00f6m\u00e4sti siihen uskoon, ett\u00e4 lanssi laitettiin paikalle. Minulle ei ilmoitettu, ett\u00e4 ambulanssia ei laitettu paikalle.<\/p>\n<p class=\"aw__sc-1qwuw0s-0 aw__sc-ngllmo-0 epAWpq fzYpjk yle__article__paragraph\">H\u00e4n kertoo toimineensa kentt\u00e4johtajana yli 30 vuotta ja tiet\u00e4v\u00e4ns\u00e4, mitk\u00e4 teht\u00e4v\u00e4 kuuluu poliisille.<\/p>\n<p class=\"aw__sc-1qwuw0s-0 aw__sc-ngllmo-0 epAWpq fzYpjk yle__article__paragraph\">\u2013 Nyt pistet\u00e4\u00e4n yhden miehen p\u00e4\u00e4 vadille<\/p>\n<p class=\"aw__sc-1qwuw0s-0 aw__sc-ngllmo-0 epAWpq fzYpjk yle__article__paragraph\">Poliisin puolustus esitteli istunnossa poliisilaitoksen muun muassa ohjetta polisiille ja ensihoidolle vuodelta 2014.<\/p>\n<p class=\"aw__sc-1qwuw0s-0 aw__sc-ngllmo-0 epAWpq fzYpjk yle__article__paragraph\">Puolustus vetoaa ohjeeseen. Sen mukaan kyseinen teht\u00e4v\u00e4 ei kuulunut poliisin teht\u00e4viin, vaan paikalle olisi pit\u00e4nyt h\u00e4lytt\u00e4\u00e4 ensihoito.<\/p>\n<p class=\"aw__sc-1qwuw0s-0 aw__sc-ngllmo-0 epAWpq fzYpjk yle__article__paragraph\">Syytt\u00e4j\u00e4 nostaa esille sen, ett\u00e4 ohjeistus liittyy virka-aputeht\u00e4viin, eli ensihoidon teht\u00e4viin, jossa poliisi on mukana. Syytt\u00e4j\u00e4 painottaa, ett\u00e4 nyt k\u00e4sitelt\u00e4v\u00e4ss\u00e4 asiassa on kyse polisiiteht\u00e4v\u00e4st\u00e4.<\/p>\n<p>Poliisilla entisyytt\u00e4<\/p>\n<p class=\"aw__sc-1qwuw0s-0 aw__sc-ngllmo-0 epAWpq fzYpjk yle__article__paragraph\">Sama poliisi on tuomittu aikaisemmin kahdesta virkavelvollisuuden rikkomisesta.<\/p>\n<p class=\"aw__sc-1qwuw0s-0 aw__sc-ngllmo-0 epAWpq fzYpjk yle__article__paragraph\">H\u00e4n on ollut syytettyn\u00e4 my\u00f6s ex-vaimonsa vainoamisesta ja kiinniotetun miehen pahoinpitelyst\u00e4, mutta syytteet hyl\u00e4ttiin.<\/p>\n<p><img decoding=\"async\" alt=\"Paperinpala, jossa lukee kaksi syyksi luettua rikosta sek\u00e4 p\u00e4iv\u00e4m\u00e4\u00e4r\u00e4t ja viittaukset rikoslakiin.\" src=\"https:\/\/www.europesays.com\/fi\/wp-content\/uploads\/2026\/09\/1787659873.jpeg\" loading=\"lazy\" class=\"aw__sc-dklauk-0 LPzKX\"\/><\/p>\n<p>Avaa kuvien katselu<\/p>\n<p>Poliisi on tuomittu aikaisemmin kahdesta virkavelvollisuuden rikkomisesta. H\u00e4n urkki ex-vaimonsa ja t\u00e4m\u00e4n lapsen tietoja luvatta poliisin j\u00e4rjestelm\u00e4st\u00e4. Kuva: Asmo Raimoaho \/ Yle<\/p>\n<p class=\"aw__sc-1qwuw0s-0 aw__sc-ngllmo-0 epAWpq fzYpjk yle__article__paragraph\">Poliisia on ep\u00e4ilty my\u00f6s yksivuotiaan lapsen pahoinpitelyst\u00e4. Poliisi kiisti syyllistyneens\u00e4 rikokseen.<\/p>\n<p class=\"aw__sc-1qwuw0s-0 aw__sc-ngllmo-0 epAWpq fzYpjk yle__article__paragraph\">Syytt\u00e4j\u00e4 j\u00e4tti syytteen nostamatta, sill\u00e4 ep\u00e4illyn pahoinpitelyn syyteoikeus vanheni. Pahoinpitelyn syyteoikeus vanhenee viidess\u00e4 vuodessa, ja ep\u00e4illyist\u00e4 teoista oli kulunut aikaa l\u00e4hes kymmenen vuotta.<\/p>\n","protected":false},"excerpt":{"rendered":"Poliisi on tuomittu aikaisemmin kahdesta virkavelvolli\u00adsuuden rikkomisesta. H\u00e4n on ollut ep\u00e4iltyn\u00e4 my\u00f6s pienen lapsen pahoinp\u00aditelyst\u00e4. Avaa kuvien katselu&hellip;\n","protected":false},"author":2,"featured_media":340212,"comment_status":"","ping_status":"","sticky":false,"template":"","format":"standard","meta":{"footnotes":"","_share_on_mastodon":"0"},"categories":[5],"tags":[22,23,26,27,33,31,30,17,71,24,25,28,29,15,2098,1915,18,21,52,1263,32,19,20,1168,16],"class_list":["post-340211","post","type-post","status-publish","format-standard","has-post-thumbnail","category-otsikot","tag-breaking-news","tag-breakingnews","tag-featured-news","tag-featurednews","tag-fi","tag-finland","tag-finnish","tag-headlines","tag-kotimaa","tag-latest-news","tag-latestnews","tag-main-news","tag-mainnews","tag-news","tag-oikeudenkaynnit","tag-oikeus","tag-otsikot","tag-paauutiset","tag-poliisi","tag-rikosepailyt","tag-suomi","tag-top-stories","tag-topstories","tag-uusimaa","tag-uutiset"],"share_on_mastodon":{"url":"https:\/\/pubeurope.com\/@fi\/117206043016705900","error":""},"_links":{"self":[{"href":"https:\/\/www.europesays.com\/fi\/wp-json\/wp\/v2\/posts\/340211","targetHints":{"allow":["GET"]}}],"collection":[{"href":"https:\/\/www.europesays.com\/fi\/wp-json\/wp\/v2\/posts"}],"about":[{"href":"https:\/\/www.europesays.com\/fi\/wp-json\/wp\/v2\/types\/post"}],"author":[{"embeddable":true,"href":"https:\/\/www.europesays.com\/fi\/wp-json\/wp\/v2\/users\/2"}],"replies":[{"embeddable":true,"href":"https:\/\/www.europesays.com\/fi\/wp-json\/wp\/v2\/comments?post=340211"}],"version-history":[{"count":0,"href":"https:\/\/www.europesays.com\/fi\/wp-json\/wp\/v2\/posts\/340211\/revisions"}],"wp:featuredmedia":[{"embeddable":true,"href":"https:\/\/www.europesays.com\/fi\/wp-json\/wp\/v2\/media\/340212"}],"wp:attachment":[{"href":"https:\/\/www.europesays.com\/fi\/wp-json\/wp\/v2\/media?parent=340211"}],"wp:term":[{"taxonomy":"category","embeddable":true,"href":"https:\/\/www.europesays.com\/fi\/wp-json\/wp\/v2\/categories?post=340211"},{"taxonomy":"post_tag","embeddable":true,"href":"https:\/\/www.europesays.com\/fi\/wp-json\/wp\/v2\/tags?post=340211"}],"curies":[{"name":"wp","href":"https:\/\/api.w.org\/{rel}","templated":true}]}}