{"id":340213,"date":"2026-09-03T08:14:14","date_gmt":"2026-09-03T08:14:14","guid":{"rendered":"https:\/\/www.europesays.com\/fi\/340213\/"},"modified":"2026-09-03T08:14:14","modified_gmt":"2026-09-03T08:14:14","slug":"mies-ajoi-porissa-yli-kahden-promillen-humalassa","status":"publish","type":"post","link":"https:\/\/www.europesays.com\/fi\/340213\/","title":{"rendered":"Mies ajoi Porissa yli kahden promillen humalassa"},"content":{"rendered":"<p>Mies puhalsi yli 2 promillen lukeman.<\/p>\n<p><img decoding=\"async\" src=\"https:\/\/www.europesays.com\/fi\/wp-content\/uploads\/2026\/09\/1788423254_519_468.jpg\" alt=\"Kuvituskuva.\" class=\"_Img_1rerz_1\" style=\"aspect-ratio:1920\/1280\" loading=\"eager\"\/><\/p>\n<p class=\"font-(family-name:--picture-caption-font-family) text-(length:--picture-caption-font-size) leading-(--picture-caption-leading) font-(--picture-caption-font-weight) text-(color:--picture-caption-color)\">Kuvituskuva. Kuva:\u00a0Laura Talvitie<\/p>\n<p class=\"article-body mb-(--paragraph-margin-b) px-nof-16\">Pori<\/p>\n<p class=\"article-body mb-(--paragraph-margin-b) px-nof-16\">Vahvasti p\u00e4ihtynyt kuljettaja tavoitettiin keskiviikkoiltana Porin P\u00e4\u00e4rn\u00e4istenkadulla, tiedottaa Lounais-Suomen poliisi.<\/p>\n<p class=\"article-body mb-(--paragraph-margin-b) px-nof-16\">Tilanne sai alkunsa, kun poliisipartio sai h\u00e4t\u00e4keskukselta ilmoituksen Etel\u00e4v\u00e4yl\u00e4n parkkipaikalta ajamaan l\u00e4hteneest\u00e4 ep\u00e4illyst\u00e4 rattijuoposta. Poliisipartio tavoitti auton P\u00e4\u00e4rn\u00e4istenkadulta. Auton kuljettajana oli mies, joka puhalsi alkometriin 2,3 promillen tuloksen.<\/p>\n<p class=\"article-body mb-(--paragraph-margin-b) px-nof-16\">Kuljettaja m\u00e4\u00e4r\u00e4ttiin v\u00e4liaikaiseen ajokieltoon. H\u00e4nt\u00e4 ep\u00e4ill\u00e4\u00e4n t\u00f6rke\u00e4st\u00e4 rattijuopumuksesta.<\/p>\n","protected":false},"excerpt":{"rendered":"Mies puhalsi yli 2 promillen lukeman. Kuvituskuva. Kuva:\u00a0Laura Talvitie Pori Vahvasti p\u00e4ihtynyt kuljettaja tavoitettiin keskiviikkoiltana Porin P\u00e4\u00e4rn\u00e4istenkadulla, tiedottaa&hellip;\n","protected":false},"author":2,"featured_media":340214,"comment_status":"","ping_status":"","sticky":false,"template":"","format":"standard","meta":{"footnotes":"","_share_on_mastodon":"0"},"categories":[165],"tags":[33,31,30,166,80,32,167],"class_list":["post-340213","post","type-post","status-publish","format-standard","has-post-thumbnail","category-terveys","tag-fi","tag-finland","tag-finnish","tag-health","tag-satakunnan-kansa","tag-suomi","tag-terveys"],"share_on_mastodon":{"url":"https:\/\/pubeurope.com\/@fi\/117206114324887665","error":""},"_links":{"self":[{"href":"https:\/\/www.europesays.com\/fi\/wp-json\/wp\/v2\/posts\/340213","targetHints":{"allow":["GET"]}}],"collection":[{"href":"https:\/\/www.europesays.com\/fi\/wp-json\/wp\/v2\/posts"}],"about":[{"href":"https:\/\/www.europesays.com\/fi\/wp-json\/wp\/v2\/types\/post"}],"author":[{"embeddable":true,"href":"https:\/\/www.europesays.com\/fi\/wp-json\/wp\/v2\/users\/2"}],"replies":[{"embeddable":true,"href":"https:\/\/www.europesays.com\/fi\/wp-json\/wp\/v2\/comments?post=340213"}],"version-history":[{"count":0,"href":"https:\/\/www.europesays.com\/fi\/wp-json\/wp\/v2\/posts\/340213\/revisions"}],"wp:featuredmedia":[{"embeddable":true,"href":"https:\/\/www.europesays.com\/fi\/wp-json\/wp\/v2\/media\/340214"}],"wp:attachment":[{"href":"https:\/\/www.europesays.com\/fi\/wp-json\/wp\/v2\/media?parent=340213"}],"wp:term":[{"taxonomy":"category","embeddable":true,"href":"https:\/\/www.europesays.com\/fi\/wp-json\/wp\/v2\/categories?post=340213"},{"taxonomy":"post_tag","embeddable":true,"href":"https:\/\/www.europesays.com\/fi\/wp-json\/wp\/v2\/tags?post=340213"}],"curies":[{"name":"wp","href":"https:\/\/api.w.org\/{rel}","templated":true}]}}