{"id":340215,"date":"2026-09-03T08:15:15","date_gmt":"2026-09-03T08:15:15","guid":{"rendered":"https:\/\/www.europesays.com\/fi\/340215\/"},"modified":"2026-09-03T08:15:15","modified_gmt":"2026-09-03T08:15:15","slug":"18-vuotiaan-hyytava-suunnitelma-julki-aikoi-kidnapata-kylian-mbappen","status":"publish","type":"post","link":"https:\/\/www.europesays.com\/fi\/340215\/","title":{"rendered":"18-vuotiaan hyyt\u00e4v\u00e4 suunnitelma julki: Aikoi kidnapata Kylian Mbapp\u00e9n"},"content":{"rendered":"<p>Ep\u00e4ilty operoi vankilasta k\u00e4sin. <\/p>\n<p><img decoding=\"async\" class=\"image image-show image-preview\" src=\"https:\/\/www.europesays.com\/fi\/wp-content\/uploads\/2026\/09\/6042b8588331918b015c99521abb1b843a6da78b93aecb39e2fb0cbdac2e7837.jpg\" alt=\"\"\/><img decoding=\"async\" class=\"image image-show\" src=\"https:\/\/www.europesays.com\/fi\/wp-content\/uploads\/2026\/09\/1788423315_615_6042b8588331918b015c99521abb1b843a6da78b93aecb39e2fb0cbdac2e7837.jpg\" alt=\"\"\/><\/p>\n<p>Kylian Mbapp\u00e9 on Real Madridin kovapalkkaisin pelaaja.  EPA \/ AOP<\/p>\n<p class=\"paragraph\">Le Parisien -lehti kertoo ranskalaisen jengin suunnitelleen jalkapallot\u00e4hti <strong>Kylian Mbapp\u00e9n<\/strong> kidnappaamista. Asiasta <a href=\"https:\/\/golazo.ro\/kylian-mbappe-victima-rapire-arest-politie-185127\" target=\"_blank\" rel=\"noopener nofollow\">uutisoi muun muassa Golazo<\/a>.<\/p>\n<p class=\"paragraph\">Kaikkiaan kev\u00e4\u00e4n ja kes\u00e4n aikana laaditun kidnappaussuunnitelman kohteena oli 26 nime\u00e4 eri aloilta. Yhdist\u00e4v\u00e4 tekij\u00e4 jalkapalloilijoilla, artisteilla ja liike-el\u00e4m\u00e4n henkil\u00f6ill\u00e4 oli suuri varallisuus.<\/p>\n<p class=\"paragraph\">Rikollisryhm\u00e4 oli ehtinyt yritt\u00e4\u00e4 kahta ry\u00f6st\u00f6\u00e4, joista toisessa he saivat saaliikseen 11 luksuskelloa.<\/p>\n<p class=\"paragraph\">Tapaukset johdattivat viranomaiset ep\u00e4iltyjen j\u00e4ljille.<\/p>\n<p class=\"paragraph\">Jengin johtajan kerrotaan olevan 18-vuotias Cl\u00e9ment, joka operoi apuriensa kanssa puhelimella pariisilaisesta vankilasta. H\u00e4n l\u00e4hetti kidnapattavien nimet tiedoksi Snapchat-sovelluksen kautta.<\/p>\n<p class=\"paragraph\">Tuomionsa mies oli saanut aseellisesta ry\u00f6st\u00f6st\u00e4 ja parittamisesta.<\/p>\n<p class=\"paragraph\">Ep\u00e4ilty kertoi kuulusteluissa, ett\u00e4 h\u00e4nell\u00e4 on aikomus j\u00e4tt\u00e4\u00e4 rikollinen el\u00e4m\u00e4 taakseen.<\/p>\n<p class=\"paragraph\">\u2013 Haluan oikeasti kokiksi. Se on ollut unelmana siit\u00e4 l\u00e4htien, kun olin hyvin nuori.<\/p>\n","protected":false},"excerpt":{"rendered":"Ep\u00e4ilty operoi vankilasta k\u00e4sin. Kylian Mbapp\u00e9 on Real Madridin kovapalkkaisin pelaaja. EPA \/ AOP Le Parisien -lehti kertoo&hellip;\n","protected":false},"author":2,"featured_media":340216,"comment_status":"","ping_status":"","sticky":false,"template":"","format":"standard","meta":{"footnotes":"","_share_on_mastodon":"0"},"categories":[158],"tags":[35,33,31,30,43,53,41,978,38,159,32,160],"class_list":["post-340215","post","type-post","status-publish","format-standard","has-post-thumbnail","category-urheilu","tag-24h","tag-fi","tag-finland","tag-finnish","tag-jalkapallo","tag-laki-oikeus-ja-rikos","tag-liikunta-ja-urheilu","tag-rikoksen-teko","tag-rikos","tag-sports","tag-suomi","tag-urheilu"],"share_on_mastodon":{"url":"https:\/\/pubeurope.com\/@fi\/117206118190557225","error":""},"_links":{"self":[{"href":"https:\/\/www.europesays.com\/fi\/wp-json\/wp\/v2\/posts\/340215","targetHints":{"allow":["GET"]}}],"collection":[{"href":"https:\/\/www.europesays.com\/fi\/wp-json\/wp\/v2\/posts"}],"about":[{"href":"https:\/\/www.europesays.com\/fi\/wp-json\/wp\/v2\/types\/post"}],"author":[{"embeddable":true,"href":"https:\/\/www.europesays.com\/fi\/wp-json\/wp\/v2\/users\/2"}],"replies":[{"embeddable":true,"href":"https:\/\/www.europesays.com\/fi\/wp-json\/wp\/v2\/comments?post=340215"}],"version-history":[{"count":0,"href":"https:\/\/www.europesays.com\/fi\/wp-json\/wp\/v2\/posts\/340215\/revisions"}],"wp:featuredmedia":[{"embeddable":true,"href":"https:\/\/www.europesays.com\/fi\/wp-json\/wp\/v2\/media\/340216"}],"wp:attachment":[{"href":"https:\/\/www.europesays.com\/fi\/wp-json\/wp\/v2\/media?parent=340215"}],"wp:term":[{"taxonomy":"category","embeddable":true,"href":"https:\/\/www.europesays.com\/fi\/wp-json\/wp\/v2\/categories?post=340215"},{"taxonomy":"post_tag","embeddable":true,"href":"https:\/\/www.europesays.com\/fi\/wp-json\/wp\/v2\/tags?post=340215"}],"curies":[{"name":"wp","href":"https:\/\/api.w.org\/{rel}","templated":true}]}}