{"id":340219,"date":"2026-09-03T08:19:15","date_gmt":"2026-09-03T08:19:15","guid":{"rendered":"https:\/\/www.europesays.com\/fi\/340219\/"},"modified":"2026-09-03T08:19:15","modified_gmt":"2026-09-03T08:19:15","slug":"kouvolaan-datakeskusta-rakentava-atnorth-on-myyty-noin-35-miljardilla-eurolla-kymenlaakso","status":"publish","type":"post","link":"https:\/\/www.europesays.com\/fi\/340219\/","title":{"rendered":"Kouvolaan datakeskusta rakentava Atnorth on myyty noin 3,5 miljardilla eurolla | Kymenlaakso"},"content":{"rendered":"<p class=\"aw__sc-1qwuw0s-0 aw__sc-1vg2sqm-0 epAWpq ecELkD yle__article__paragraph\">Kaupan my\u00f6t\u00e4 Atnorthin kolme Suomessa toimivaa datakeskusta sek\u00e4 Kouvolaan rakenteilla oleva datakeskus vaihtavat omistajaa.<\/p>\n<p><img decoding=\"async\" alt=\"Atnorthin datakeskuksen ty\u00f6maa-alue Kouvolan Ummeljoella.\" src=\"https:\/\/www.europesays.com\/fi\/wp-content\/uploads\/2026\/09\/1787318464.jpeg\" class=\"aw__sc-dklauk-0 LPzKX\"\/><\/p>\n<p>Avaa kuvien katselu<\/p>\n<p>Atnorthin datakeskuksen ty\u00f6maa Kouvolan Ummeljoella. Arkistokuva. Kuva: Antro Valo \/ Yle<\/p>\n<p class=\"aw__sc-1qwuw0s-0 aw__sc-ngllmo-0 epAWpq fzYpjk yle__article__paragraph\">Kouvolaan Ummeljoelle datakeskusta rakentava islantilainen datakeskustoimija Atnorth on myyty.<\/p>\n<p class=\"aw__sc-1qwuw0s-0 aw__sc-ngllmo-0 epAWpq fzYpjk yle__article__paragraph\">Kaupan arvo on nelj\u00e4 miljardia dollaria, eli noin 3,5 miljardia euroa.<\/p>\n<p class=\"aw__sc-1qwuw0s-0 aw__sc-ngllmo-0 epAWpq fzYpjk yle__article__paragraph\">Digitaalisen infrastruktuurin yhti\u00f6 Equinix ja CPP Investments ilmoittivat Atnorthin ostamisesta helmikuussa, Equinix kertoo tiedotteessa.<\/p>\n<p class=\"aw__sc-1qwuw0s-0 aw__sc-ngllmo-0 epAWpq fzYpjk yle__article__paragraph\">Kaupan my\u00f6t\u00e4 Atnorthin kolme Suomessa toimivaa datakeskusta sek\u00e4 Kouvolaan rakenteilla oleva datakeskus vaihtavat omistajaa. Atnorthilla on yksi datakeskus Helsingiss\u00e4 ja kaksi Espoossa.<\/p>\n<p class=\"aw__sc-1qwuw0s-0 aw__sc-ngllmo-0 epAWpq fzYpjk yle__article__paragraph\">Atnorth jatkaa kuitenkin toimintaansa itsen\u00e4isesti omalla br\u00e4ndill\u00e4\u00e4n.<\/p>\n<p class=\"aw__sc-1qwuw0s-0 aw__sc-ngllmo-0 epAWpq fzYpjk yle__article__paragraph\">CPP Investments omistaa Atnorthista jatkossa noin 51 prosenttia ja Equinix noin 34 prosenttia. Atnorthin aiempi p\u00e4\u00e4omistaja Partners Group sijoittaa yhti\u00f6\u00f6n uudelleen ja s\u00e4ilytt\u00e4\u00e4 noin 10 prosentin omistusosuuden.<\/p>\n<p class=\"aw__sc-1qwuw0s-0 aw__sc-ngllmo-0 epAWpq fzYpjk yle__article__paragraph\">Athorth on suunnitellut Kouvolaan useasta hallista rakentuvaa datakeskusten kokonaisuutta. Ummeljoen ty\u00f6maa on ollut hankkeista pisimm\u00e4lll\u00e4.<\/p>\n<p class=\"aw__sc-1qwuw0s-0 aw__sc-ngllmo-0 epAWpq fzYpjk yle__article__paragraph\">Ty\u00f6maan <a class=\"aw__sc-ngllmo-1 bTDnwX yle__article__link\" href=\"https:\/\/yle.fi\/a\/74-20243844\" role=\"link\" rel=\"nofollow noopener\" target=\"_blank\">p\u00e4\u00e4urakoitsija vaihtui<\/a> t\u00e4ll\u00e4 viikolla, kun rakennusyhti\u00f6 YIT tuli CTS Nordics oy:n tilalle. CTS Nordics <a class=\"aw__sc-ngllmo-1 bTDnwX yle__article__link\" href=\"https:\/\/yle.fi\/a\/74-20242526\" role=\"link\" rel=\"nofollow noopener\" target=\"_blank\">luopui yll\u00e4tt\u00e4en<\/a> kohteen tekemisest\u00e4. Yhti\u00f6 ei ole kommentoinut asiaa julkisesti.<\/p>\n<p class=\"aw__sc-1qwuw0s-0 aw__sc-ngllmo-0 epAWpq fzYpjk yle__article__paragraph\">Uutinen p\u00e4ivittyy.<\/p>\n<p class=\"aw__sc-1qwuw0s-0 aw__sc-ngllmo-0 epAWpq fzYpjk yle__article__paragraph\">Korjaus 3.9.2026 kello 09:50: Atnorthin myyntihinta on euroina noin 3,5 miljardia, ei 4,6 miljardia, kuten jutussa aiemmin luki.<\/p>\n","protected":false},"excerpt":{"rendered":"Kaupan my\u00f6t\u00e4 Atnorthin kolme Suomessa toimivaa datakeskusta sek\u00e4 Kouvolaan rakenteilla oleva datakeskus vaihtavat omistajaa. Avaa kuvien katselu Atnorthin&hellip;\n","protected":false},"author":2,"featured_media":340220,"comment_status":"","ping_status":"","sticky":false,"template":"","format":"standard","meta":{"footnotes":"","_share_on_mastodon":"0"},"categories":[76],"tags":[79,3465,77,41958,33,31,30,28977,71,737,464,6041,402,32,78,1053],"class_list":["post-340219","post","type-post","status-publish","format-standard","has-post-thumbnail","category-talous","tag-business","tag-datakeskus","tag-economy","tag-equinix","tag-fi","tag-finland","tag-finnish","tag-infrarakentaminen","tag-kotimaa","tag-kouvola","tag-kymenlaakso","tag-rakennustyomaat","tag-rakentaminen-kiinteistot","tag-suomi","tag-talous","tag-teollisuus"],"share_on_mastodon":{"url":"https:\/\/pubeurope.com\/@fi\/117206133829127298","error":""},"_links":{"self":[{"href":"https:\/\/www.europesays.com\/fi\/wp-json\/wp\/v2\/posts\/340219","targetHints":{"allow":["GET"]}}],"collection":[{"href":"https:\/\/www.europesays.com\/fi\/wp-json\/wp\/v2\/posts"}],"about":[{"href":"https:\/\/www.europesays.com\/fi\/wp-json\/wp\/v2\/types\/post"}],"author":[{"embeddable":true,"href":"https:\/\/www.europesays.com\/fi\/wp-json\/wp\/v2\/users\/2"}],"replies":[{"embeddable":true,"href":"https:\/\/www.europesays.com\/fi\/wp-json\/wp\/v2\/comments?post=340219"}],"version-history":[{"count":0,"href":"https:\/\/www.europesays.com\/fi\/wp-json\/wp\/v2\/posts\/340219\/revisions"}],"wp:featuredmedia":[{"embeddable":true,"href":"https:\/\/www.europesays.com\/fi\/wp-json\/wp\/v2\/media\/340220"}],"wp:attachment":[{"href":"https:\/\/www.europesays.com\/fi\/wp-json\/wp\/v2\/media?parent=340219"}],"wp:term":[{"taxonomy":"category","embeddable":true,"href":"https:\/\/www.europesays.com\/fi\/wp-json\/wp\/v2\/categories?post=340219"},{"taxonomy":"post_tag","embeddable":true,"href":"https:\/\/www.europesays.com\/fi\/wp-json\/wp\/v2\/tags?post=340219"}],"curies":[{"name":"wp","href":"https:\/\/api.w.org\/{rel}","templated":true}]}}