{"id":340225,"date":"2026-09-03T08:22:12","date_gmt":"2026-09-03T08:22:12","guid":{"rendered":"https:\/\/www.europesays.com\/fi\/340225\/"},"modified":"2026-09-03T08:22:12","modified_gmt":"2026-09-03T08:22:12","slug":"nelikymppinen-nainen-ehdotti-seksia-lapselle-snapchatissa-pohjois-savon-karajaoikeus-tuomitsi-ehdollista-vankeutta-pohjois-savo","status":"publish","type":"post","link":"https:\/\/www.europesays.com\/fi\/340225\/","title":{"rendered":"Nelikymppinen nainen ehdotti seksi\u00e4 lapselle Snapchatissa \u2013 Pohjois-Savon k\u00e4r\u00e4j\u00e4oikeus tuomitsi ehdollista vankeutta | Pohjois-Savo"},"content":{"rendered":"<p class=\"aw__sc-1qwuw0s-0 aw__sc-1vg2sqm-0 epAWpq ecELkD yle__article__paragraph\">Rikos tapahtui Kuopiossa. Uhri oli tapahtumien aikaan 13\u201314-vuotias. Tuomittu sai lapsen l\u00e4hett\u00e4m\u00e4\u00e4n itsest\u00e4\u00e4n v\u00e4h\u00e4pukeisia kuvia.<\/p>\n<p><img decoding=\"async\" alt=\"Pohjois-Savon k\u00e4r\u00e4j\u00e4oikeustalo nimelt\u00e4 Palok\u00e4rki.\" src=\"https:\/\/www.europesays.com\/fi\/wp-content\/uploads\/2026\/09\/1785932081.jpeg\" class=\"aw__sc-dklauk-0 LPzKX\"\/><\/p>\n<p>Avaa kuvien katselu<\/p>\n<p>Tapausta k\u00e4siteltiin Pohjois-Savon k\u00e4r\u00e4j\u00e4oikeudessa Kuopiossa. Kuva: Sami Takkinen \/ Yle<\/p>\n<p class=\"aw__sc-1qwuw0s-0 aw__sc-ngllmo-0 epAWpq fzYpjk yle__article__paragraph\">Pohjois-Savon k\u00e4r\u00e4j\u00e4oikeus on tuominnut vuonna 1984 syntyneen naisen ehdolliseen vankeuteen lapseen kohdistuneesta seksuaalirikoksesta. Rikos tapahtui Kuopiossa.<\/p>\n<p class=\"aw__sc-1qwuw0s-0 aw__sc-ngllmo-0 epAWpq fzYpjk yle__article__paragraph\">Oikeus tuomitsi naisen seksuaalisesta kajoamista kymmenen kuukauden ehdolliseen vankeuteen ja m\u00e4\u00e4r\u00e4si h\u00e4net maksamaan lapselle 2\u00a0000 euron k\u00e4rsimyskorvaukset.<\/p>\n<p class=\"aw__sc-1qwuw0s-0 aw__sc-ngllmo-0 epAWpq fzYpjk yle__article__paragraph\">Uhri oli tapahtumien aikaan 13-14-vuotias. Rikos tapahtui sosiaalisessa mediassa.<\/p>\n<p class=\"aw__sc-1qwuw0s-0 aw__sc-ngllmo-0 epAWpq fzYpjk yle__article__paragraph\">Oikeuden julkisen selosteen mukaan nainen l\u00e4hetti lapselle Snapchat -viestint\u00e4sovelluksessa seksuaalista kuvamateriaalia ja ehdotti t\u00e4lle seksi\u00e4. H\u00e4n my\u00f6s sai lapsen l\u00e4hett\u00e4m\u00e4\u00e4n itsest\u00e4\u00e4n v\u00e4h\u00e4pukeisia kuvia.<\/p>\n<p class=\"aw__sc-1qwuw0s-0 aw__sc-ngllmo-0 epAWpq fzYpjk yle__article__paragraph\">Nainen oli muun muassa l\u00e4hett\u00e4nyt lapselle kuvan paljaista rinnoistaan. Kuvassa oli lukenut teksti: \u201dmit\u00e4 s\u00e4 haluaisit\u201d.<\/p>\n<p class=\"aw__sc-1qwuw0s-0 aw__sc-ngllmo-0 epAWpq fzYpjk yle__article__paragraph\">Julkisessa selosteessa ei kerrota, milloin rikokset tapahtuivat. Siit\u00e4 ei my\u00f6sk\u00e4\u00e4n ilmene, tunsiko tuomittu uhrin ennen viestittelyn alkamista.<\/p>\n<p class=\"aw__sc-1qwuw0s-0 aw__sc-ngllmo-0 epAWpq fzYpjk yle__article__paragraph\">Tuomio ei ole lainvoimainen. Siit\u00e4 voi valittaa hovioikeuteen.<\/p>\n","protected":false},"excerpt":{"rendered":"Rikos tapahtui Kuopiossa. Uhri oli tapahtumien aikaan 13\u201314-vuotias. Tuomittu sai lapsen l\u00e4hett\u00e4m\u00e4\u00e4n itsest\u00e4\u00e4n v\u00e4h\u00e4pukeisia kuvia. Avaa kuvien katselu&hellip;\n","protected":false},"author":2,"featured_media":340226,"comment_status":"","ping_status":"","sticky":false,"template":"","format":"standard","meta":{"footnotes":"","_share_on_mastodon":"0"},"categories":[5],"tags":[22,23,26,27,33,31,30,17,71,1132,4354,24,25,28,29,15,1915,18,21,1136,12621,581,4353,18102,32,19,20,16],"class_list":["post-340225","post","type-post","status-publish","format-standard","has-post-thumbnail","category-otsikot","tag-breaking-news","tag-breakingnews","tag-featured-news","tag-featurednews","tag-fi","tag-finland","tag-finnish","tag-headlines","tag-kotimaa","tag-kuopio","tag-lasten-seksuaalinen-hyvaksikaytto","tag-latest-news","tag-latestnews","tag-main-news","tag-mainnews","tag-news","tag-oikeus","tag-otsikot","tag-paauutiset","tag-pohjois-savo","tag-pohjois-savon-karajaoikeus","tag-rikokset","tag-seksuaalirikokset","tag-snapchat","tag-suomi","tag-top-stories","tag-topstories","tag-uutiset"],"share_on_mastodon":{"url":"https:\/\/pubeurope.com\/@fi\/117206145699493776","error":""},"_links":{"self":[{"href":"https:\/\/www.europesays.com\/fi\/wp-json\/wp\/v2\/posts\/340225","targetHints":{"allow":["GET"]}}],"collection":[{"href":"https:\/\/www.europesays.com\/fi\/wp-json\/wp\/v2\/posts"}],"about":[{"href":"https:\/\/www.europesays.com\/fi\/wp-json\/wp\/v2\/types\/post"}],"author":[{"embeddable":true,"href":"https:\/\/www.europesays.com\/fi\/wp-json\/wp\/v2\/users\/2"}],"replies":[{"embeddable":true,"href":"https:\/\/www.europesays.com\/fi\/wp-json\/wp\/v2\/comments?post=340225"}],"version-history":[{"count":0,"href":"https:\/\/www.europesays.com\/fi\/wp-json\/wp\/v2\/posts\/340225\/revisions"}],"wp:featuredmedia":[{"embeddable":true,"href":"https:\/\/www.europesays.com\/fi\/wp-json\/wp\/v2\/media\/340226"}],"wp:attachment":[{"href":"https:\/\/www.europesays.com\/fi\/wp-json\/wp\/v2\/media?parent=340225"}],"wp:term":[{"taxonomy":"category","embeddable":true,"href":"https:\/\/www.europesays.com\/fi\/wp-json\/wp\/v2\/categories?post=340225"},{"taxonomy":"post_tag","embeddable":true,"href":"https:\/\/www.europesays.com\/fi\/wp-json\/wp\/v2\/tags?post=340225"}],"curies":[{"name":"wp","href":"https:\/\/api.w.org\/{rel}","templated":true}]}}