{"id":340227,"date":"2026-09-03T08:34:09","date_gmt":"2026-09-03T08:34:09","guid":{"rendered":"https:\/\/www.europesays.com\/fi\/340227\/"},"modified":"2026-09-03T08:34:09","modified_gmt":"2026-09-03T08:34:09","slug":"harryn-ja-meghanin-talohaaveista-paljastui-uusia-tietoja","status":"publish","type":"post","link":"https:\/\/www.europesays.com\/fi\/340227\/","title":{"rendered":"Harryn ja Meghanin talohaaveista paljastui uusia tietoja"},"content":{"rendered":"<p>Pariskunnalla on tiukat vaatimukset uudelle kodilleen.<\/p>\n<p><img decoding=\"async\" src=\"https:\/\/www.europesays.com\/fi\/wp-content\/uploads\/2026\/09\/1788424448_526_468.jpg\" alt=\"Harry ja Meghan ovat muuttaneet takaisin Britanniaan.\" class=\"_Img_1rerz_1\" style=\"aspect-ratio:1920\/1080\" loading=\"eager\"\/><\/p>\n<p class=\"font-(family-name:--picture-caption-font-family) text-(length:--picture-caption-font-size) leading-(--picture-caption-leading) font-(--picture-caption-font-weight) text-(color:--picture-caption-color)\">Harry ja Meghan ovat muuttaneet takaisin Britanniaan. Kuva:\u00a0\/ SplashNews.com<\/p>\n<p class=\"article-body mb-(--paragraph-margin-b) px-nof-16\">Prinssi <a class=\"font-bold underline-offset-[0.12em] [text-decoration:var(--person-link-text-decoration)] [text-decoration-color:var(--person-link-text-decoration-color)]!\" href=\"https:\/\/www.is.fi\/haku\/?query=Harryn\" rel=\"nofollow noopener\" target=\"_blank\">Harryn <\/a>ja herttuatar <a class=\"font-bold underline-offset-[0.12em] [text-decoration:var(--person-link-text-decoration)] [text-decoration-color:var(--person-link-text-decoration-color)]!\" href=\"https:\/\/www.is.fi\/haku\/?query=Meghanin\" rel=\"nofollow noopener\" target=\"_blank\">Meghanin<\/a> uudesta el\u00e4m\u00e4st\u00e4 Britanniassa tihkuu lis\u00e4tietoja. <a class=\"underline underline-offset-[0.12em] [text-decoration-thickness:var(--generic-link-underline-thickness)] [text-decoration-color:var(--generic-link-underline-color)] [text-decoration-skip-ink:var(--generic-link-underline-skip-ink)] break-words\" href=\"https:\/\/www.dailymail.com\/news\/royals\/article-16087713\/Meghan-new-home-Harry-California-ALISON-BOSHOFF-return-Britain.html\" rel=\"nofollow noopener\" target=\"_blank\">Daily Mailin<\/a> tietojen mukaan Yhdysvalloista Britanniaan palannut pari mets\u00e4st\u00e4\u00e4 kuumeisesti uutta kotia itselleen.<\/p>\n<p class=\"article-body mb-(--paragraph-margin-b) px-nof-16\">Lehden mukaan pari asuu lastensa <a class=\"font-bold underline-offset-[0.12em] [text-decoration:var(--person-link-text-decoration)] [text-decoration-color:var(--person-link-text-decoration-color)]!\" href=\"https:\/\/www.is.fi\/haku\/?query=Archien\" rel=\"nofollow noopener\" target=\"_blank\">Archien<\/a>, 7, ja <a class=\"font-bold underline-offset-[0.12em] [text-decoration:var(--person-link-text-decoration)] [text-decoration-color:var(--person-link-text-decoration-color)]!\" href=\"https:\/\/www.is.fi\/haku\/?query=Lilibetin\" rel=\"nofollow noopener\" target=\"_blank\">Lilibetin<\/a>, 5, kanssa v\u00e4liaikaisessa kodissa \u201d\u00e4\u00e4rimm\u00e4isen varakkaan yst\u00e4v\u00e4ns\u00e4\u201d tiluksilla Cotswoldsissa Lontoon ulkopuolella. Perhe saapui Britanniaan keskiviikkona 26. elokuuta.<\/p>\n<p class=\"article-body mb-(--paragraph-margin-b) px-nof-16\">Aiemmin on huhuiltu, ett\u00e4 Harry ja Meghan olisivat ostamassa 14 miljoonaa euroa maksavan talon. Daily Mailin mukaan kauppoja ei ole ainakaan viel\u00e4 ly\u00f6ty lukkoon, vaan parilla on monia vaihtoehtoja.<\/p>\n<p><img decoding=\"async\" src=\"https:\/\/www.europesays.com\/fi\/wp-content\/uploads\/2026\/09\/1788424449_905_468.jpg\" alt=\"Harry ja Meghan etsiv\u00e4t uutta kotia Cotswoldsin alueelta.\" class=\"_Img_1rerz_1\" style=\"aspect-ratio:1920\/1309\" loading=\"eager\"\/><\/p>\n<p class=\"font-(family-name:--picture-caption-font-family) text-(length:--picture-caption-font-size) leading-(--picture-caption-leading) font-(--picture-caption-font-weight) text-(color:--picture-caption-color) picture-with-caption__caption picture-with-caption__caption--default-full\">Harry ja Meghan etsiv\u00e4t uutta kotia Cotswoldsin alueelta. Kuva:\u00a0Hannah McKay \/ Reuters<\/p>\n<p><img decoding=\"async\" src=\"https:\/\/www.europesays.com\/fi\/wp-content\/uploads\/2026\/09\/1788424449_739_468.jpg\" alt=\"Mediatietojen mukaan Harry ja Meghan haluavat luoda oman maalaisidyllins\u00e4 Cotswoldsiin.\" class=\"_Img_1rerz_1\" style=\"aspect-ratio:1920\/1280\" loading=\"eager\"\/><\/p>\n<p class=\"font-(family-name:--picture-caption-font-family) text-(length:--picture-caption-font-size) leading-(--picture-caption-leading) font-(--picture-caption-font-weight) text-(color:--picture-caption-color) picture-with-caption__caption picture-with-caption__caption--default-full\">Mediatietojen mukaan Harry ja Meghan haluavat luoda oman maalaisidyllins\u00e4 Cotswoldsiin. Kuva:\u00a0Toby Melville \/ Reuters<\/p>\n<p class=\"article-body mb-(--paragraph-margin-b) px-nof-16\">Lehden tietojen mukaan Sussexin herttuaparilla on tiukat vaatimukset uudelle kodilleen. Meghanin kerrotaan haluavan kotiinsa yhdeks\u00e4n makuuhuonetta ja jopa oman kuvausstudion.<\/p>\n<p class=\"article-body mb-(--paragraph-margin-b) px-nof-16\">L\u00e4hde kertoo, ett\u00e4 Meghanin toiveissa on rakennuttaa oma ammattimainen studio kotiinsa oston j\u00e4lkeen. Siell\u00e4 h\u00e4n voisi kuvata kodinhoitoon liittyv\u00e4\u00e4 sis\u00e4lt\u00f6\u00e4. Meghan on aiemmin esiintynyt Netflixin lifestyle-sarjassa With Love, Meghan.<\/p>\n<p class=\"article-body mb-(--paragraph-margin-b) px-nof-16\">Meghan py\u00f6ritt\u00e4\u00e4 edelleen Yhdysvalloissa toimivaa lifestyle-br\u00e4ndi\u00e4\u00e4n As Ever, ja h\u00e4nen arvellaan kuvaavan Britanniassa materiaalia kyseisen br\u00e4ndin k\u00e4ytt\u00f6\u00f6n.<\/p>\n<p class=\"article-body mb-(--paragraph-margin-b) px-nof-16\">L\u00e4hteet supisevat, ett\u00e4 Harrylle on puolestaan t\u00e4rke\u00e4\u00e4 saada eritt\u00e4in paljon pihamaata kotinsa ymp\u00e4rille. Lis\u00e4ksi Harryn sanotaan olevan tarkka siit\u00e4, ettei maa-alueen poikki kulje yleisi\u00e4 polkuja, jotta perheen yksityisyys s\u00e4ilyy.<\/p>\n<p class=\"article-body mb-(--paragraph-margin-b) px-nof-16\">L\u00e4hde kertoo Daily Mailille, ett\u00e4 Meghan ja Harry ovat asuntokaupoilla eritt\u00e4in suuren p\u00e4\u00e4t\u00f6ksen edess\u00e4.<\/p>\n<p class=\"article-body mb-(--paragraph-margin-b) px-nof-16\">\u2013 Kiinteist\u00f6nv\u00e4litt\u00e4j\u00e4 on kuvioissa mukana, mutta he eiv\u00e4t ole viel\u00e4 n\u00e4hneet mit\u00e4\u00e4n kohdetta eiv\u00e4tk\u00e4 ole ostaneet mit\u00e4\u00e4n. Netin asunton\u00e4yt\u00f6t ovat p\u00e4tevi\u00e4, mutta ne talot, joita he katsovat, ovat niin valtavia, ett\u00e4 ne pit\u00e4\u00e4 n\u00e4hd\u00e4 paikan p\u00e4\u00e4ll\u00e4. Lis\u00e4ksi t\u00e4m\u00e4 on iso sitoumus. Tied\u00e4n, ett\u00e4 heill\u00e4 on monia vaatimuksia, l\u00e4hde kuvailee.<\/p>\n<p class=\"article-body mb-(--paragraph-margin-b) px-nof-16\">H\u00e4nen mukaansa pariskunta k\u00e4y katsomassa eri vaihtoehtoja tulevien viikkojen aikana sill\u00e4 ajatuksella, miss\u00e4 he haluavat kasvattaa lapsiaan ja luoda uutta arkea perheelleen.<\/p>\n<p class=\"article-body mb-(--paragraph-margin-b) px-nof-16\">Er\u00e4\u00e4n nimett\u00f6m\u00e4n l\u00e4hteen mukaan Harrylla ja Meghanilla on unelma brittil\u00e4isest\u00e4 maalaisel\u00e4m\u00e4st\u00e4. Harry el\u00e4\u00e4 nyt ensimm\u00e4ist\u00e4 kertaa Britanniassa niin, ettei ole kuningasperheen ty\u00f6skentelev\u00e4 j\u00e4sen.<\/p>\n<p class=\"article-body mb-(--paragraph-margin-b) px-nof-16\">\u2013 Nyt h\u00e4nell\u00e4 on mahdollisuus nauttia kaikista asioista, joita h\u00e4n rakastaa t\u00e4ss\u00e4 maassa, mutta yksityisen\u00e4 kansalaisena. Heill\u00e4 on enemm\u00e4n vapautta nyt. He voivat l\u00f6yt\u00e4\u00e4 vapautensa uudelleen, l\u00e4hde sanoo.<\/p>\n<p class=\"article-body mb-(--paragraph-margin-b) px-nof-16\">Jo aiemmin on kerrottu, ett\u00e4 herttuapari ei palaa muutostaan huolimatta kuninkaallisiin teht\u00e4viin.<\/p>\n<p class=\"article-body mb-(--paragraph-margin-b) px-nof-16\">Daily Mailille puhuva l\u00e4hde kertoi aiemmin, ett\u00e4 muutolla pari pyrkii turvaamaan lapsilleen huippuluokan koulutuksen.<\/p>\n<p class=\"article-body mb-(--paragraph-margin-b) px-nof-16\">L\u00e4hteet kertovat, ett\u00e4 Harry ja Meghan pit\u00e4v\u00e4t my\u00f6s kotinsa Yhdysvalloissa Montecitossa sek\u00e4 my\u00f6s loma-asuntonsa Portugalissa.<\/p>\n","protected":false},"excerpt":{"rendered":"Pariskunnalla on tiukat vaatimukset uudelle kodilleen. Harry ja Meghan ovat muuttaneet takaisin Britanniaan. Kuva:\u00a0\/ SplashNews.com Prinssi Harryn ja&hellip;\n","protected":false},"author":2,"featured_media":340228,"comment_status":"","ping_status":"","sticky":false,"template":"","format":"standard","meta":{"footnotes":"","_share_on_mastodon":"0"},"categories":[136],"tags":[407,137,33,31,30,34,408,32,109],"class_list":["post-340227","post","type-post","status-publish","format-standard","has-post-thumbnail","category-julkkikset","tag-celebrities","tag-entertainment","tag-fi","tag-finland","tag-finnish","tag-ilta-sanomat","tag-julkkikset","tag-suomi","tag-viihde"],"share_on_mastodon":{"url":"https:\/\/pubeurope.com\/@fi\/117206192975966337","error":""},"_links":{"self":[{"href":"https:\/\/www.europesays.com\/fi\/wp-json\/wp\/v2\/posts\/340227","targetHints":{"allow":["GET"]}}],"collection":[{"href":"https:\/\/www.europesays.com\/fi\/wp-json\/wp\/v2\/posts"}],"about":[{"href":"https:\/\/www.europesays.com\/fi\/wp-json\/wp\/v2\/types\/post"}],"author":[{"embeddable":true,"href":"https:\/\/www.europesays.com\/fi\/wp-json\/wp\/v2\/users\/2"}],"replies":[{"embeddable":true,"href":"https:\/\/www.europesays.com\/fi\/wp-json\/wp\/v2\/comments?post=340227"}],"version-history":[{"count":0,"href":"https:\/\/www.europesays.com\/fi\/wp-json\/wp\/v2\/posts\/340227\/revisions"}],"wp:featuredmedia":[{"embeddable":true,"href":"https:\/\/www.europesays.com\/fi\/wp-json\/wp\/v2\/media\/340228"}],"wp:attachment":[{"href":"https:\/\/www.europesays.com\/fi\/wp-json\/wp\/v2\/media?parent=340227"}],"wp:term":[{"taxonomy":"category","embeddable":true,"href":"https:\/\/www.europesays.com\/fi\/wp-json\/wp\/v2\/categories?post=340227"},{"taxonomy":"post_tag","embeddable":true,"href":"https:\/\/www.europesays.com\/fi\/wp-json\/wp\/v2\/tags?post=340227"}],"curies":[{"name":"wp","href":"https:\/\/api.w.org\/{rel}","templated":true}]}}