{"id":340229,"date":"2026-09-03T08:35:12","date_gmt":"2026-09-03T08:35:12","guid":{"rendered":"https:\/\/www.europesays.com\/fi\/340229\/"},"modified":"2026-09-03T08:35:12","modified_gmt":"2026-09-03T08:35:12","slug":"asuinkerrostalon-paatyseina-saa-seinamaalauksen-myllytullissa","status":"publish","type":"post","link":"https:\/\/www.europesays.com\/fi\/340229\/","title":{"rendered":"Asuinkerrostalon p\u00e4\u00e4tysein\u00e4 saa sein\u00e4maalauksen Myllytullissa"},"content":{"rendered":"<p class=\"article__paragraph\">\n      Asuinkerrostalon p\u00e4\u00e4tyyn tehd\u00e4\u00e4n sein\u00e4maalaus Oulun Myllytullissa. Kyse on viidennest\u00e4 Oulun kulttuurip\u00e4\u00e4kaupunkivuoteen liittyv\u00e4st\u00e4 sein\u00e4maalauksesta.\n    <\/p>\n<p class=\"article__paragraph\">\n      Teoksen toteuttaa kuvataiteilija Laura Merz.\n    <\/p>\n<p class=\"article__paragraph\">\n      Paikka valikoitui oululaiselle suunnatun kyselyn perusteella, kerrotaan Upeartin tiedotteessa. Ehdotuksia sein\u00e4maalauksen paikaksi tuli yli sata.\n    <\/p>\n<p class=\"article__paragraph\">\n      Taiteilija valittiin portfoliohaun avulla. Kohteena olivat Suomessa ty\u00f6skentelev\u00e4t ammattitaiteilijat. Merz on Suomessa ja Saksassa ty\u00f6skentelev\u00e4 kuvataiteilija ja muotoilija.\n    <\/p>\n<p class=\"article__paragraph\">\n      Muut Oulu2026-sein\u00e4maalaussarjan teokset sijaitsevat Rajakyl\u00e4ss\u00e4, Tuirassa, Myllyojalla ja Toppilassa.\n    <\/p>\n<p>    <img decoding=\"async\" class=\"responsive-image article__image-image lozad\"   src=\"https:\/\/www.europesays.com\/fi\/wp-content\/uploads\/2026\/09\/kXvbtYHD0UU0eI42Uf0beLU4ATBZOEvyxWXQOEtl7eSOiQKotyYQlK5V0akKkU2NiNVTMTNj0A1zrkPMAGT5XSiuui1RbptPhn_q.jpeg\" alt=\"Heikinkadulla sijaitsevan talon p\u00e4\u00e4tyyn tulee taidetta.\"\/><\/p>\n<p>\n                Heikinkadulla sijaitsevan talon p\u00e4\u00e4tyyn tulee taidetta.\n              <\/p>\n<p>\n                Kuva: Upeart\n              <\/p>\n","protected":false},"excerpt":{"rendered":"Asuinkerrostalon p\u00e4\u00e4tyyn tehd\u00e4\u00e4n sein\u00e4maalaus Oulun Myllytullissa. Kyse on viidennest\u00e4 Oulun kulttuurip\u00e4\u00e4kaupunkivuoteen liittyv\u00e4st\u00e4 sein\u00e4maalauksesta. Teoksen toteuttaa kuvataiteilija Laura Merz.&hellip;\n","protected":false},"author":2,"featured_media":340230,"comment_status":"","ping_status":"","sticky":false,"template":"","format":"standard","meta":{"footnotes":"","_share_on_mastodon":"0"},"categories":[135],"tags":[389,387,388,390,137,33,31,30,32,394,393,391,392,109],"class_list":["post-340229","post","type-post","status-publish","format-standard","has-post-thumbnail","category-taiteet-ja-suunnittelu","tag-arts","tag-arts-and-design","tag-artsanddesign","tag-design","tag-entertainment","tag-fi","tag-finland","tag-finnish","tag-suomi","tag-suunnittelu","tag-taiteet","tag-taiteet-ja-suunnittelu","tag-taiteetsuunnittelu","tag-viihde"],"share_on_mastodon":{"url":"","error":""},"_links":{"self":[{"href":"https:\/\/www.europesays.com\/fi\/wp-json\/wp\/v2\/posts\/340229","targetHints":{"allow":["GET"]}}],"collection":[{"href":"https:\/\/www.europesays.com\/fi\/wp-json\/wp\/v2\/posts"}],"about":[{"href":"https:\/\/www.europesays.com\/fi\/wp-json\/wp\/v2\/types\/post"}],"author":[{"embeddable":true,"href":"https:\/\/www.europesays.com\/fi\/wp-json\/wp\/v2\/users\/2"}],"replies":[{"embeddable":true,"href":"https:\/\/www.europesays.com\/fi\/wp-json\/wp\/v2\/comments?post=340229"}],"version-history":[{"count":0,"href":"https:\/\/www.europesays.com\/fi\/wp-json\/wp\/v2\/posts\/340229\/revisions"}],"wp:featuredmedia":[{"embeddable":true,"href":"https:\/\/www.europesays.com\/fi\/wp-json\/wp\/v2\/media\/340230"}],"wp:attachment":[{"href":"https:\/\/www.europesays.com\/fi\/wp-json\/wp\/v2\/media?parent=340229"}],"wp:term":[{"taxonomy":"category","embeddable":true,"href":"https:\/\/www.europesays.com\/fi\/wp-json\/wp\/v2\/categories?post=340229"},{"taxonomy":"post_tag","embeddable":true,"href":"https:\/\/www.europesays.com\/fi\/wp-json\/wp\/v2\/tags?post=340229"}],"curies":[{"name":"wp","href":"https:\/\/api.w.org\/{rel}","templated":true}]}}